{"id":21301,"date":"2019-02-11T13:06:55","date_gmt":"2019-02-11T10:06:55","guid":{"rendered":"http:\/\/www.tvturk.com\/index.php\/fatsa-belediyespordan-taraftara-jest\/"},"modified":"2019-02-11T13:06:56","modified_gmt":"2019-02-11T10:06:56","slug":"fatsa-belediyespordan-taraftara-jest","status":"publish","type":"post","link":"http:\/\/www.tvturk.com\/index.php\/fatsa-belediyespordan-taraftara-jest\/","title":{"rendered":"Fatsa Belediyespor\u2019dan taraftara jest"},"content":{"rendered":"<p>TFF 3. Lig 3. Grup\u2019ta m\u00fccadele eden Ordu temsilci Fatsa Belediyespor\u2019da y\u00f6netim ald\u0131\u011f\u0131 kararla 17 \u015eubat Pazar g\u00fcn\u00fc oynanacak olan Ankara Adliyespor ma\u00e7\u0131nda bilet fiyatlar\u0131n\u0131 1 TL olarak a\u00e7\u0131klad\u0131.<\/p>\n<p>Fatsa Belediyespor y\u00f6netimi Ankara Adliyespor ma\u00e7\u0131 biletlerinin fiyatlar\u0131n\u0131 1 TL olarak belirledi. T\u00fcm Fatsa Belediyespor sevdal\u0131lar\u0131n\u0131 pazar g\u00fcn\u00fc oynayacaklar\u0131 ma\u00e7a davet eden Ba\u015fkan \u0130brahim Ero\u011flu, &#8220;\u00c7ok \u00f6nemli bir ma\u00e7a \u00e7\u0131kaca\u011f\u0131z. Bizim i\u00e7in kader ma\u00e7lar\u0131ndan birisidir Ankara Adliyepor ma\u00e7\u0131. Yeni hocam\u0131zla birlikte y\u00fckseli\u015fe ge\u00e7ece\u011fimiz bir ma\u00e7ta taraftarlar\u0131m\u0131z\u0131 90 dakika destek i\u00e7in stada bekliyoruz. Bu ma\u00e7tan t\u00fcm Fatsa\u2019n\u0131n deste\u011fi ile galip ayr\u0131lmak istiyoruz. Y\u00f6netim kurulumuzun karar\u0131 ile ma\u00e7 biletini 1 TL fiyatland\u0131rd\u0131k&#8221; dedi.<div class=\"tiled-gallery type-rectangular tiled-gallery-unresized\" data-original-width=\"500\" data-carousel-extra='null' itemscope itemtype=\"http:\/\/schema.org\/ImageGallery\" > <div class=\"gallery-row\" style=\"width: 500px; height: 500px;\" data-original-width=\"500\" data-original-height=\"500\" > <div class=\"gallery-group images-1\" style=\"width: 500px; height: 500px;\" data-original-width=\"500\" data-original-height=\"500\" > <div class=\"tiled-gallery-item tiled-gallery-item-large\" itemprop=\"associatedMedia\" itemscope itemtype=\"http:\/\/schema.org\/ImageObject\"> <a href=\"http:\/\/www.tvturk.com\/index.php\/fatsa-belediyespordan-taraftara-jest\/fatsa-belediyespordan-taraftara-jest-3\/\" border=\"0\" itemprop=\"url\"> <meta itemprop=\"width\" content=\"496\"> <meta itemprop=\"height\" content=\"496\"> <img decoding=\"async\" class=\"\" data-attachment-id=\"21303\" data-orig-file=\"http:\/\/www.tvturk.com\/wp-content\/uploads\/2019\/02\/fatsa-belediyespordan-taraftara-jest_928ae11.jpg\" data-orig-size=\"827,827\" data-comments-opened=\"\" data-image-meta=\"{&quot;aperture&quot;:&quot;0&quot;,&quot;credit&quot;:&quot;IHA&quot;,&quot;camera&quot;:&quot;&quot;,&quot;caption&quot;:&quot;TFF 3.L\\u0130G 3.GRUPTA M\\u00dcCADELE EDEN ORDU TEMS\\u0130LC\\u0130 FATSA BELED\\u0130YESPOR\\u2019DA Y\\u00d6NET\\u0130M ALDI\\u011eI KARAR \\u0130LE 17 \\u015eUBAT PAZAR G\\u00dcN\\u00dc OYNANACAK OLAN ANKARA ADL\\u0130YESPOR MA\\u00c7INDA B\\u0130LET F\\u0130YATLARINI 1 TL OLARAK A\\u00c7IKLADI. (AHMET ALTAY\\\/ORDU-\\u0130HA)&quot;,&quot;created_timestamp&quot;:&quot;0&quot;,&quot;copyright&quot;:&quot;\\u0130HLAS HABER AJANSI, www.iha.com.tr&quot;,&quot;focal_length&quot;:&quot;0&quot;,&quot;iso&quot;:&quot;0&quot;,&quot;shutter_speed&quot;:&quot;0&quot;,&quot;title&quot;:&quot;FATSA BELED\\u0130YESPOR\\u0027DAN TARAFTARA JEST MA\\u00c7 B\\u0130LETLER\\u0130 1 TL&quot;,&quot;orientation&quot;:&quot;0&quot;}\" data-image-title=\"Fatsa Belediyespor\u2019dan taraftara jest\" data-image-description=\"&lt;p&gt;Fatsa Belediyespor\u2019dan taraftara jest&lt;\/p&gt; \" data-medium-file=\"https:\/\/i0.wp.com\/www.tvturk.com\/wp-content\/uploads\/2019\/02\/fatsa-belediyespordan-taraftara-jest_928ae11.jpg?fit=300%2C300\" data-large-file=\"https:\/\/i0.wp.com\/www.tvturk.com\/wp-content\/uploads\/2019\/02\/fatsa-belediyespordan-taraftara-jest_928ae11.jpg?fit=827%2C827\" src=\"https:\/\/i0.wp.com\/www.tvturk.com\/wp-content\/uploads\/2019\/02\/fatsa-belediyespordan-taraftara-jest_928ae11.jpg?w=496&#038;h=496&#038;crop=1\" srcset=\"https:\/\/i0.wp.com\/www.tvturk.com\/wp-content\/uploads\/2019\/02\/fatsa-belediyespordan-taraftara-jest_928ae11.jpg?w=827 827w, https:\/\/i0.wp.com\/www.tvturk.com\/wp-content\/uploads\/2019\/02\/fatsa-belediyespordan-taraftara-jest_928ae11.jpg?resize=150%2C150 150w, https:\/\/i0.wp.com\/www.tvturk.com\/wp-content\/uploads\/2019\/02\/fatsa-belediyespordan-taraftara-jest_928ae11.jpg?resize=300%2C300 300w, https:\/\/i0.wp.com\/www.tvturk.com\/wp-content\/uploads\/2019\/02\/fatsa-belediyespordan-taraftara-jest_928ae11.jpg?resize=768%2C768 768w\" width=\"496\" height=\"496\" loading=\"lazy\" data-original-width=\"496\" data-original-height=\"496\" itemprop=\"http:\/\/schema.org\/image\" title=\"Fatsa Belediyespor\u2019dan taraftara jest\" alt=\"Fatsa Belediyespor\u2019dan taraftara jest\" style=\"width: 496px; height: 496px;\" \/> <\/a> <\/div> <\/div> <!-- close group --> <\/div> <!-- close row --> <\/div><\/p>\n","protected":false},"excerpt":{"rendered":"<p>TFF 3.L\u0130G 3.GRUPTA M\u00dcCADELE EDEN ORDU TEMS\u0130LC\u0130 FATSA BELED\u0130YESPOR\u2019DA Y\u00d6NET\u0130M ALDI\u011eI KARAR \u0130LE 17 \u015eUBAT PAZAR G\u00dcN\u00dc OYNANACAK OLAN ANKARA ADL\u0130YESPOR MA\u00c7INDA B\u0130LET F\u0130YATLARINI 1 TL OLARAK A\u00c7IKLADI.<\/p>\n","protected":false},"author":1,"featured_media":21302,"comment_status":"closed","ping_status":"open","sticky":false,"template":"","format":"standard","meta":{"jetpack_post_was_ever_published":false,"_jetpack_newsletter_access":"","_jetpack_dont_email_post_to_subs":false,"_jetpack_newsletter_tier_id":0,"_jetpack_memberships_contains_paywalled_content":false,"_jetpack_memberships_contains_paid_content":false,"footnotes":"","jetpack_publicize_message":"","jetpack_publicize_feature_enabled":true,"jetpack_social_post_already_shared":false,"jetpack_social_options":{"image_generator_settings":{"template":"highway","default_image_id":0,"font":"","enabled":false},"version":2}},"categories":[657],"tags":[669,6508,9223,9222],"class_list":["post-21301","post","type-post","status-publish","format-standard","has-post-thumbnail","hentry","category-spor","tag-belediyespordan","tag-fatsa","tag-jest","tag-taraftara"],"jetpack_publicize_connections":[],"jetpack_featured_media_url":"https:\/\/i0.wp.com\/www.tvturk.com\/wp-content\/uploads\/2019\/02\/fatsa-belediyespordan-taraftara-jest_e78f80b.jpg?fit=1000%2C714","jetpack_sharing_enabled":true,"jetpack_shortlink":"https:\/\/wp.me\/paKIfm-5xz","_links":{"self":[{"href":"http:\/\/www.tvturk.com\/index.php\/wp-json\/wp\/v2\/posts\/21301","targetHints":{"allow":["GET"]}}],"collection":[{"href":"http:\/\/www.tvturk.com\/index.php\/wp-json\/wp\/v2\/posts"}],"about":[{"href":"http:\/\/www.tvturk.com\/index.php\/wp-json\/wp\/v2\/types\/post"}],"author":[{"embeddable":true,"href":"http:\/\/www.tvturk.com\/index.php\/wp-json\/wp\/v2\/users\/1"}],"replies":[{"embeddable":true,"href":"http:\/\/www.tvturk.com\/index.php\/wp-json\/wp\/v2\/comments?post=21301"}],"version-history":[{"count":1,"href":"http:\/\/www.tvturk.com\/index.php\/wp-json\/wp\/v2\/posts\/21301\/revisions"}],"predecessor-version":[{"id":21304,"href":"http:\/\/www.tvturk.com\/index.php\/wp-json\/wp\/v2\/posts\/21301\/revisions\/21304"}],"wp:featuredmedia":[{"embeddable":true,"href":"http:\/\/www.tvturk.com\/index.php\/wp-json\/wp\/v2\/media\/21302"}],"wp:attachment":[{"href":"http:\/\/www.tvturk.com\/index.php\/wp-json\/wp\/v2\/media?parent=21301"}],"wp:term":[{"taxonomy":"category","embeddable":true,"href":"http:\/\/www.tvturk.com\/index.php\/wp-json\/wp\/v2\/categories?post=21301"},{"taxonomy":"post_tag","embeddable":true,"href":"http:\/\/www.tvturk.com\/index.php\/wp-json\/wp\/v2\/tags?post=21301"}],"curies":[{"name":"wp","href":"https:\/\/api.w.org\/{rel}","templated":true}]}}