{"id":213018,"date":"2019-10-08T21:02:06","date_gmt":"2019-10-08T18:02:06","guid":{"rendered":"http:\/\/www.tvturk.com\/index.php\/bodrumdaki-saganak-sonrasi-ekipler-seferber-oldu\/"},"modified":"2019-10-08T21:02:06","modified_gmt":"2019-10-08T18:02:06","slug":"bodrumdaki-saganak-sonrasi-ekipler-seferber-oldu","status":"publish","type":"post","link":"http:\/\/www.tvturk.com\/index.php\/bodrumdaki-saganak-sonrasi-ekipler-seferber-oldu\/","title":{"rendered":"Bodrum\u2019daki sa\u011fanak sonras\u0131 ekipler seferber oldu"},"content":{"rendered":"<p>Mu\u011fla\u2019n\u0131n Bodrum il\u00e7esinde etkili olan, ta\u015fk\u0131n ve su bask\u0131nlar\u0131na neden olan sa\u011fanak ya\u011f\u0131\u015f sonras\u0131 belediye ekipleri seferber oldu. Ba\u015fkan yard\u0131mc\u0131lar\u0131 ve m\u00fcd\u00fcrler de sa\u011fanak ya\u011f\u0131\u015ftan olumsuz etkilenen vatanda\u015flar\u0131 ziyaret etti.<\/p>\n<p>Bodrum\u2019da kuvvetli ya\u011f\u0131\u015f, belediye ekiplerini seferber etti. Ekipler, t\u0131kanan mazgal ve dere yataklar\u0131na m\u00fcdahale ederken, Yoku\u015fba\u015f\u0131 deresinin kenar\u0131na terk edilmi\u015f ve su ak\u0131\u015f\u0131n\u0131 engelleyen eski bir karavan, Zab\u0131ta ekipleri taraf\u0131ndan \u00e7ekici yard\u0131m\u0131yla kald\u0131r\u0131ld\u0131. Merkez ve civar\u0131nda b\u00f6lgede Fen \u0130\u015fleri M\u00fcd\u00fcrl\u00fc\u011f\u00fc 82 ara\u00e7 ve 118 personel ile ta\u015fk\u0131na m\u00fcdahale etti. Zab\u0131ta birimi ekipleri 14 ara\u00e7, 2 motopomp, 39 personel, \u00c7evre Koruma M\u00fcd\u00fcrl\u00fc\u011f\u00fc ekipleri ise 45 personel, 3 araz\u00f6z, 1 vidanj\u00f6r, 3 s\u00fcp\u00fcrge arac\u0131, 1 silme ve 1 mini s\u00fcp\u00fcrge ile t\u00fcm birimler sahada an\u0131nda, on farkl\u0131 adreste ta\u015fk\u0131na m\u00fcdahalelerde bulundu.<\/p>\n<p>Bodrum Belediye Ba\u015fkan Vekili \u00d6nder Batmaz koordinat\u00f6rl\u00fc\u011f\u00fcnde m\u00fcdahale \u00e7al\u0131\u015fmalar\u0131 s\u00fcrd\u00fcr\u00fcl\u00fcrken, Belediye Ba\u015fkan Yard\u0131mc\u0131lar\u0131 Ummahan Yurt ve Emel \u00c7akalo\u011flu da ta\u015fk\u0131nlar nedeniyle ma\u011fduriyet ya\u015fanan mahalle, ev ve i\u015fyerlerine giderek incelemelerde bulundu.  Yap\u0131lan tespit \u00e7al\u0131\u015fmalar\u0131n\u0131n ard\u0131ndan ilgili birimler, hasar ya\u015fanan ev ve i\u015fyerlerine y\u00f6nlendirilerek sular\u0131n tahliyesi sa\u011fland\u0131. Zab\u0131ta, Fen \u0130\u015fleri ve Temizlik \u0130\u015fleri M\u00fcd\u00fcrl\u00fcklerine ba\u011fl\u0131 ekipler, ta\u015fk\u0131ndan etkilenen adreslere giderek temizlik i\u015flemlerini ba\u015flatt\u0131. \u00c7evre Koruma ve Kontrol M\u00fcd\u00fcrl\u00fc\u011f\u00fc Temizlik ekipleri de cadde, sokak ve mazgallar\u0131 s\u00fcp\u00fcrerek temizledi.<\/p>\n<p>Ma\u011fdur vatanda\u015flar\u0131n otellerde a\u011f\u0131rlanmas\u0131 talimat\u0131<\/p>\n<p>Yurt d\u0131\u015f\u0131nda bulunan Bodrum Belediye Ba\u015fkan\u0131 Ahmet Aras, su bask\u0131nlar\u0131 nedeniyle ma\u011fdur olan vatanda\u015flar\u0131n il\u00e7edeki otellerde a\u011f\u0131rlanmas\u0131 y\u00f6n\u00fcnde talimat verdi. Ba\u015fkan Aras, hasar tespitinin hemen ard\u0131ndan gerekli yard\u0131mlar\u0131n vatanda\u015flara ula\u015ft\u0131r\u0131lmas\u0131n\u0131 istedi. Bodrum Kaymakaml\u0131\u011f\u0131 da gelen ihbarlar\u0131n ard\u0131ndan \u00c7evre ve \u015eehircilik \u0130l M\u00fcd\u00fcrl\u00fc\u011f\u00fc\u2019nden takviye ekiplerle birlikte hasar tespit \u00e7al\u0131\u015fmalar\u0131 yapmaya ba\u015flad\u0131.<\/p>\n<p>Bodrum Belediye Ba\u015fkan Yard\u0131mc\u0131s\u0131 \u00d6nder Batmaz, ya\u015fanan olumsuzluklar\u0131n b\u00fcy\u00fck \u00f6l\u00e7\u00fcde Bodrum\u2019un kronikle\u015fen altyap\u0131 problemlerinden kaynakland\u0131\u011f\u0131n\u0131, dere yataklar\u0131ndaki \u00e7evre tahribat\u0131n\u0131n da b\u00fcy\u00fck etkisi oldu\u011funu belirtti. Batmaz, \u201cTa\u015fk\u0131nda metrekare ba\u015f\u0131na 80-85 kg ya\u011f\u0131\u015f d\u00fc\u015ft\u00fc.  Bize \u015fu ana kadar 18-19 \u015fikayet var. Hepsine tek tek yerinde ziyaret ettik. Sular\u0131n\u0131n bo\u015falt\u0131lmas\u0131nda yard\u0131mc\u0131 olduk. Sabah 04.00\u2019den beri organize bir \u015fekilde olaylara an\u0131nda m\u00fcdahale ettik. Bu gecede \u00e7al\u0131\u015fmaya devam edece\u011fiz. T\u00fcm ekibimizle ve birimlerimizle vatanda\u015flar\u0131m\u0131z\u0131n sorunlar\u0131n\u0131 \u00e7\u00f6zmeye \u00e7al\u0131\u015faca\u011f\u0131z. Sorun merkezdeki mazgal t\u0131kan\u0131kl\u0131klar\u0131 de\u011fil. As\u0131l Yukar\u0131daki suyun \u015fehre inmesini engellemeliyiz. Engellemez isek bunu s\u0131kl\u0131kla ya\u015fayaca\u011f\u0131z gibi g\u00f6r\u00fcn\u00fcyor. Daha \u00f6nce DS\u0130 yapt\u0131\u011f\u0131 sel kapanlar\u0131n biran \u00f6nce yap\u0131lmas\u0131n\u0131, suyun \u015fehre inmesini engellememiz gerekiyor. B\u00fct\u00fcn vatanda\u015flar\u0131m\u0131za ge\u00e7mi\u015f olsun\u201d  diye konu\u015ftu.<\/p>\n","protected":false},"excerpt":{"rendered":"<p>MU\u011eLA\u2019NIN BODRUM \u0130L\u00c7ES\u0130NDE ETK\u0130L\u0130 OLAN, TA\u015eKIN VE SU BASKINLARINA NEDEN OLAN SA\u011eANAK YA\u011eI\u015e SONRASI BELED\u0130YE EK\u0130PLER\u0130 SEFERBER OLDU. BA\u015eKAN YARDIMCILARI VE M\u00dcD\u00dcRLER DE SA\u011eANAK YA\u011eI\u015eTAN OLUMSUZ ETK\u0130LENEN VATANDA\u015eLARI Z\u0130YARET ETT\u0130.<\/p>\n","protected":false},"author":1,"featured_media":213019,"comment_status":"closed","ping_status":"open","sticky":false,"template":"","format":"standard","meta":{"jetpack_post_was_ever_published":false,"_jetpack_newsletter_access":"","_jetpack_dont_email_post_to_subs":false,"_jetpack_newsletter_tier_id":0,"_jetpack_memberships_contains_paywalled_content":false,"_jetpack_memberships_contains_paid_content":false,"footnotes":"","jetpack_publicize_message":"","jetpack_publicize_feature_enabled":true,"jetpack_social_post_already_shared":true,"jetpack_social_options":{"image_generator_settings":{"template":"highway","default_image_id":0,"font":"","enabled":false},"version":2}},"categories":[1],"tags":[49395,3576,77,4463,3577,36],"class_list":["post-213018","post","type-post","status-publish","format-standard","has-post-thumbnail","hentry","category-genel","tag-bodrumdaki","tag-ekipler","tag-oldu","tag-saganak","tag-seferber","tag-sonrasi"],"jetpack_publicize_connections":[],"jetpack_featured_media_url":"https:\/\/i0.wp.com\/www.tvturk.com\/wp-content\/uploads\/2019\/10\/bodrumdaki-saganak-sonrasi-ekipler-seferber-oldu_33fdea3.jpg?fit=1000%2C662","jetpack_sharing_enabled":true,"jetpack_shortlink":"https:\/\/wp.me\/paKIfm-TpM","_links":{"self":[{"href":"http:\/\/www.tvturk.com\/index.php\/wp-json\/wp\/v2\/posts\/213018","targetHints":{"allow":["GET"]}}],"collection":[{"href":"http:\/\/www.tvturk.com\/index.php\/wp-json\/wp\/v2\/posts"}],"about":[{"href":"http:\/\/www.tvturk.com\/index.php\/wp-json\/wp\/v2\/types\/post"}],"author":[{"embeddable":true,"href":"http:\/\/www.tvturk.com\/index.php\/wp-json\/wp\/v2\/users\/1"}],"replies":[{"embeddable":true,"href":"http:\/\/www.tvturk.com\/index.php\/wp-json\/wp\/v2\/comments?post=213018"}],"version-history":[{"count":0,"href":"http:\/\/www.tvturk.com\/index.php\/wp-json\/wp\/v2\/posts\/213018\/revisions"}],"wp:featuredmedia":[{"embeddable":true,"href":"http:\/\/www.tvturk.com\/index.php\/wp-json\/wp\/v2\/media\/213019"}],"wp:attachment":[{"href":"http:\/\/www.tvturk.com\/index.php\/wp-json\/wp\/v2\/media?parent=213018"}],"wp:term":[{"taxonomy":"category","embeddable":true,"href":"http:\/\/www.tvturk.com\/index.php\/wp-json\/wp\/v2\/categories?post=213018"},{"taxonomy":"post_tag","embeddable":true,"href":"http:\/\/www.tvturk.com\/index.php\/wp-json\/wp\/v2\/tags?post=213018"}],"curies":[{"name":"wp","href":"https:\/\/api.w.org\/{rel}","templated":true}]}}