{"id":213108,"date":"2019-10-09T10:46:55","date_gmt":"2019-10-09T07:46:55","guid":{"rendered":"http:\/\/www.tvturk.com\/index.php\/anne-ile-evlat-arasinda-en-zor-karar\/"},"modified":"2019-10-09T10:46:55","modified_gmt":"2019-10-09T07:46:55","slug":"anne-ile-evlat-arasinda-en-zor-karar","status":"publish","type":"post","link":"http:\/\/www.tvturk.com\/index.php\/anne-ile-evlat-arasinda-en-zor-karar\/","title":{"rendered":"Anne ile evlat aras\u0131nda en zor karar"},"content":{"rendered":"<p>Hatay\u2019da ilk \u00e7ocu\u011funa hamile kalan gen\u00e7 bir kad\u0131n, siroz hastas\u0131 annesine karaci\u011ferinden bir par\u00e7a verebilmek i\u00e7in evlad\u0131 ile annesi aras\u0131nda tercih yapmak zorunda kald\u0131. Karn\u0131ndaki bebe\u011fe k\u0131yamayan ancak yine de \u201c\u00d6nce annem\u201d diyen gen\u00e7 kad\u0131n, annesinin iyi bir tedavi ile sa\u011fl\u0131\u011f\u0131na kavu\u015fmas\u0131 sayesinde bebe\u011fini de d\u00fcnyaya getirdi. \u201cAsla vazge\u00e7ilemeyecek tek sevgi\u201d evlat olsa da \u201cAna gibi yar olmaz\u201d atas\u00f6z\u00fc Hatayl\u0131 Y\u00fcsra Ak\u2019ta hayat buldu. Gen\u00e7 kad\u0131n ve annesi bu zorlu s\u00fcreci anlat\u0131rken, g\u00f6zya\u015flar\u0131na hakim olamad\u0131.<\/p>\n<p>Hatay\u2019\u0131n Gazipa\u015fa Mahallesi\u2019nde, e\u015fini kaybettikten sonra annesi ile birlikte ya\u015fayan 4 \u00e7ocuk annesi 62 ya\u015f\u0131ndaki Suat Kavaso\u011flu, 13 y\u0131l \u00f6nce s\u00fcrekli ka\u015f\u0131nma, idrar koyula\u015fmas\u0131, k\u00f6p\u00fckl\u00fc idrar ve gece uykusuzluklar\u0131 \u015fikayetleri ile hastaneye ba\u015fvurdu. Hastal\u0131\u011f\u0131na 3 y\u0131l boyunca te\u015fhis konulamayan Suat Kavaso\u011flu\u2019na gitti\u011fi bir ba\u015fka hastanede bu kez b\u00f6bre\u011finde ta\u015f oldu\u011fu s\u00f6ylenerek, ameliyat \u00f6nerildi. Hasta ameliyat \u00f6ncesi de anestezi doktoruna y\u00f6nlendirildi. Doktor dalakta b\u00fcy\u00fcme oldu\u011funu rapor ederek, ameliyat\u0131n riskli olabilece\u011fi bilgisini verdi.<\/p>\n<p>Tedavi s\u00fcrecinin bundan sonras\u0131n\u0131 g\u00f6zya\u015flar\u0131yla anlatan Suat Kavaso\u011flu, \u00e7aresizlik i\u00e7inde \u00e7\u0131rp\u0131n\u0131rken son olarak Adana\u2019da kendisine tavsiye edilen Prof. Dr. Y\u00fcksel G\u00fcm\u00fcrd\u00fcl\u00fc\u2019ye gitti\u011fini belirterek, \u015funlar\u0131 s\u00f6yledi:<\/p>\n<p>\u201cHi\u00e7 umudum yoktu ama \u00e7ocuklar\u0131m\u0131n \u0131srar\u0131 ile gittim, muayene oldum. Bir s\u00fcr\u00fc tetkiklerden sonra Y\u00fcksel hocam\u0131z bana, Hepatit C hastas\u0131 oldu\u011fumu, ge\u00e7 kal\u0131nmas\u0131 nedeniyle de ilerlemi\u015f oldu\u011funu bildirdi. Karaci\u011fer nakline de ihtiya\u00e7 olabilece\u011fini s\u00f6yledi. 2\u2019si erkek, 2\u2019si k\u0131z 4 \u00e7ocu\u011fum da tetkik yapt\u0131rd\u0131. Evli olan k\u0131z\u0131m ile 16 ya\u015f\u0131ndaki k\u0131z\u0131m\u0131n ci\u011ferleri uyum sa\u011flad\u0131. Hocam\u0131z naklin en son \u00e7are oldu\u011funu s\u00f6ylemi\u015fti ancak, tedbiri de elden b\u0131rakm\u0131yordu. Ya\u015f\u0131 k\u00fc\u00e7\u00fck k\u0131z\u0131m nakil i\u00e7in ikinci tercihti. \u00d6ncelikle evli olan k\u0131z\u0131mdan karaci\u011fer al\u0131nabilece\u011fi s\u00f6ylendi ama k\u0131z\u0131m hamileydi. K\u0131z\u0131ma \u2018senden alamam\u2019 diye direttim ama o \u0131srar ediyordu.\u201d<\/p>\n<p>Kulland\u0131\u011f\u0131 ila\u00e7lar kan de\u011ferini d\u00fc\u015f\u00fcrd\u00fc\u011f\u00fc i\u00e7in kan almas\u0131 gerekti\u011fini belirten Kavaso\u011flu, \u201cHocam\u0131z, Adana\u2019ya kadar yorulmamam\u0131z i\u00e7in Hatay\u2019da da kan alabilece\u011fimi s\u00f6yledi. Ama gitti\u011fimiz hastanede kan grubumla uyu\u015fmayan kan verilince komaya girdim. Beni Adana\u2019ya kald\u0131rd\u0131lar. \u0130la\u00e7lar\u0131 doktorum Prof. Dr. Y\u00fcksel G\u00fcm\u00fcrd\u00fcl\u00fc bir s\u00fcre kesmek zorunda kald\u0131. Karn\u0131mdan yakla\u015f\u0131k 15 litre su al\u0131nd\u0131&#8221; dedi.<\/p>\n<p>&#8220;Hayat\u0131m\u0131n en mutlu g\u00fcn\u00fc&#8221;<\/p>\n<p>Suat Kavaso\u011flu, \u201cHayat\u0131m\u0131n en mutlu g\u00fcn\u00fc\u201d dedi\u011fi son kontrol\u00fcnde ise 10 y\u0131l s\u00fcren tedavisini ger\u00e7ekle\u015ftiren Prof. Dr. Y\u00fcksel G\u00fcm\u00fcrd\u00fcl\u00fc\u2019n\u00fcn \u2018Art\u0131k karaci\u011fer nakline \u015fimdilik gerek kalmad\u0131. Karaci\u011ferleriniz normale d\u00f6nd\u00fc. G\u00f6z\u00fcn\u00fcz ayd\u0131n\u201d dedi\u011fini belirterek, \u015f\u00f6yle devam etti:<\/p>\n<p>\u201cYa\u015famaktan umudumu kesti\u011fim anda hayata d\u00f6n\u00fc\u015f\u00fcme vesile olan doktorumuza minnet bor\u00e7luyum. Bir yanda \u00e7ekti\u011fim ac\u0131lar di\u011fer yandan iki k\u0131z\u0131mdan birinin bana karaci\u011ferlerinden par\u00e7a verecek olmas\u0131 ihtimali beni \u00e7ok \u00fcz\u00fcyordu. \u00d6zellikle k\u0131z\u0131m\u0131n hen\u00fcz ilk bebe\u011fini d\u00fcnyaya getirmeden ald\u0131racak olmas\u0131 ihtimali beni kahrediyordu. \u015e\u00fck\u00fcrler olsun ona da gerek kalmad\u0131. \u015eimdi torunlar\u0131m\u0131 seviyorum. Benim gibi olan t\u00fcm hastalara \u015fifa diliyorum. Ama \u015funu unutmas\u0131nlar yanl\u0131\u015f konulan te\u015fhis benim hayat\u0131ma mal olabilirdi. Ba\u015fkalar\u0131 bu hataya d\u00fc\u015fmesin, ara\u015ft\u0131rs\u0131nlar, sorgulas\u0131nlar, sonra karar versinler.\u201d<\/p>\n<p>&#8220;\u00d6nce annem dedi&#8221;<\/p>\n<p>Siroz hastal\u0131\u011f\u0131 ile m\u00fccadele eden annelerine karaci\u011fer nakli i\u00e7in de\u011ferleri uygun bulunan Y\u00fcsra ve B\u00fc\u015fra adl\u0131 karde\u015fler ise \u201cAnnemize karaci\u011ferimizden bir par\u00e7ay\u0131 severek verecektik\u201d dedi. O y\u0131llarda yeni evli olan Y\u00fcsra Ak, doktor nakil gerekebilir dedi\u011finde hamile oldu\u011funu belirterek, \u015funlar\u0131 anlatt\u0131:<\/p>\n<p>\u201cBir yanda annem, di\u011fer yanda karn\u0131mdaki evlad\u0131m aras\u0131nda zor bir tercihi yapmakla kar\u015f\u0131 kar\u015f\u0131ya kald\u0131m. E\u015fim ile konu\u015ftum. Sa\u011f olsun \u2018annen i\u00e7in ne gerekiyorsa yapal\u0131m, gerekirse evlad\u0131m\u0131zdan vazge\u00e7elim\u2019 dedi. Annem kar\u015f\u0131 \u00e7\u0131kt\u0131ysa da ben nakil i\u00e7in \u00e7ocu\u011fumu ald\u0131rmaya karar vermi\u015ftim ki doktorumuz \u2018\u015fimdilik nakile gerek yok\u2019 deyince \u00e7ocu\u011fumu d\u00fcnyaya getirdim. Annemin tedavisi devam ederken bu kez e\u015fimin ailesi ikinci \u00e7ocu\u011fu art\u0131k d\u00fcnyaya getirmem gerekti\u011fi konusunda bask\u0131 yap\u0131yorlard\u0131. Ben de s\u00fcrekli doktorumuz Y\u00fcksel G\u00fcm\u00fcrd\u00fcl\u00fc\u2019y\u00fc aray\u0131p, \u2018nakile ihtiya\u00e7 olacak m\u0131\u2019 diye soruyordum. Annem, iyi bir tedavi s\u00fcreci ile toparlanmaya ba\u015flad\u0131\u011f\u0131nda ikinci \u00e7ocu\u011fum Nihan\u2019\u0131 d\u00fcnyaya getirdim. Ama bug\u00fcn olsa yine hamile olsam, annem i\u00e7in bu fedakarl\u0131\u011f\u0131 yapard\u0131m.\u201d<\/p>\n<p>Karaci\u011fer nakli g\u00fcndeme geldi\u011finde 16 ya\u015f\u0131nda oldu\u011funu an\u0131msatan B\u00fc\u015fra Kavaso\u011flu ise \u201cYa\u015f\u0131m nedeniyle \u00f6ncelik ablamdayd\u0131. Ama ben de anneme karaci\u011ferimi vermeye haz\u0131rd\u0131m. Bu karar\u0131 verirken hi\u00e7 teredd\u00fct etmedim\u201d diye konu\u015ftu.<\/p>\n<p>&#8220;7-8 y\u0131lda sirozu yendik&#8221;<\/p>\n<p>Tedaviyi ger\u00e7ekle\u015ftiren Prof. Dr. Y\u00fcksel G\u00fcm\u00fcrd\u00fcl\u00fc ise, hastan\u0131n halk aras\u0131nda sar\u0131l\u0131k olarak bilinen Hepatit C ve erken evre siroz oldu\u011funu belirterek, \u201cTedaviye hemen ba\u015flad\u0131k ancak verdi\u011fimiz ila\u00e7lar\u0131n yan etkileriyle kan de\u011ferleri d\u00fc\u015f\u00fcyordu, bu y\u00fczden kan vermek gerekiyordu. Yanl\u0131\u015f kan verilmi\u015f olmas\u0131 y\u00fcz\u00fcnden bir s\u00fcre kestik. Bu d\u00f6nemde ciddi bir karaci\u011fer komas\u0131na girdi, karn\u0131nda su topland\u0131. Ayr\u0131ca ila\u00e7larla birlikte, dalak kan h\u00fccrelerini yedi\u011finden dolay\u0131 ge\u00e7irdi\u011finden dala\u011f\u0131 ameliyats\u0131z bir y\u00f6ntemle k\u00fc\u00e7\u00fcltt\u00fck. Yeni \u00e7\u0131kan ila\u00e7larla hastay\u0131 tedavi ettik. Hasta bilin\u00e7li oldu\u011fundan i\u015fimiz kolayd\u0131. \u0130la\u00e7lar\u0131n d\u00fczenli kulland\u0131, t\u00fcm uyar\u0131lar\u0131m\u0131z\u0131 dikkate ald\u0131. Karaci\u011fer nakli son \u00f6nerimiz olacakt\u0131. Bunun da haz\u0131rl\u0131klar\u0131n\u0131 yapt\u0131k. Hastan\u0131n k\u0131zlar\u0131ndan ikisinin dokular\u0131 uyumlu oldu\u011fundan karaci\u011fer nakli yap\u0131labilecekti. Ancak tedaviye g\u00fczel cevap verdi\u011finden buna gerek kalmad\u0131. Hastam\u0131z 7 &#8211; 8 y\u0131lda sirozu sildi. \u015eu anda hastam\u0131z\u0131 sadece \u00fc\u00e7 ayda bir kontrole davet edip, takip ediyoruz\u201d diye konu\u015ftu.<\/p>\n","protected":false},"excerpt":{"rendered":"<p>HATAY\u2019DA \u0130LK \u00c7OCU\u011eUNA HAM\u0130LE KALAN GEN\u00c7 B\u0130R KADIN, S\u0130ROZ HASTASI ANNES\u0130NE KARAC\u0130\u011eER\u0130NDEN B\u0130R PAR\u00c7A VERMEK \u0130\u00c7\u0130N YA BEBE\u011e\u0130N\u0130 ALDIRMA YA DA ANNES\u0130N\u0130N \u00d6L\u00dcM\u00dcN\u00dc \u00c7ARES\u0130ZCE \u0130ZLEME GER\u00c7E\u011e\u0130 \u0130LE KAR\u015eI KAR\u015eIYA KALDI<\/p>\n","protected":false},"author":1,"featured_media":213109,"comment_status":"closed","ping_status":"open","sticky":false,"template":"","format":"standard","meta":{"jetpack_post_was_ever_published":false,"_jetpack_newsletter_access":"","_jetpack_dont_email_post_to_subs":false,"_jetpack_newsletter_tier_id":0,"_jetpack_memberships_contains_paywalled_content":false,"_jetpack_memberships_contains_paid_content":false,"footnotes":"","jetpack_publicize_message":"","jetpack_publicize_feature_enabled":true,"jetpack_social_post_already_shared":true,"jetpack_social_options":{"image_generator_settings":{"template":"highway","default_image_id":0,"font":"","enabled":false},"version":2}},"categories":[1],"tags":[15371,5582,1882,192,2110,9997],"class_list":["post-213108","post","type-post","status-publish","format-standard","has-post-thumbnail","hentry","category-genel","tag-evlat","tag-anne","tag-arasinda","tag-ile","tag-karar","tag-zor"],"jetpack_publicize_connections":[],"jetpack_featured_media_url":"https:\/\/i0.wp.com\/www.tvturk.com\/wp-content\/uploads\/2019\/10\/anne-ile-evlat-arasinda-en-zor-karar_adad8bb.jpg?fit=1000%2C666","jetpack_sharing_enabled":true,"jetpack_shortlink":"https:\/\/wp.me\/paKIfm-Tre","_links":{"self":[{"href":"http:\/\/www.tvturk.com\/index.php\/wp-json\/wp\/v2\/posts\/213108","targetHints":{"allow":["GET"]}}],"collection":[{"href":"http:\/\/www.tvturk.com\/index.php\/wp-json\/wp\/v2\/posts"}],"about":[{"href":"http:\/\/www.tvturk.com\/index.php\/wp-json\/wp\/v2\/types\/post"}],"author":[{"embeddable":true,"href":"http:\/\/www.tvturk.com\/index.php\/wp-json\/wp\/v2\/users\/1"}],"replies":[{"embeddable":true,"href":"http:\/\/www.tvturk.com\/index.php\/wp-json\/wp\/v2\/comments?post=213108"}],"version-history":[{"count":0,"href":"http:\/\/www.tvturk.com\/index.php\/wp-json\/wp\/v2\/posts\/213108\/revisions"}],"wp:featuredmedia":[{"embeddable":true,"href":"http:\/\/www.tvturk.com\/index.php\/wp-json\/wp\/v2\/media\/213109"}],"wp:attachment":[{"href":"http:\/\/www.tvturk.com\/index.php\/wp-json\/wp\/v2\/media?parent=213108"}],"wp:term":[{"taxonomy":"category","embeddable":true,"href":"http:\/\/www.tvturk.com\/index.php\/wp-json\/wp\/v2\/categories?post=213108"},{"taxonomy":"post_tag","embeddable":true,"href":"http:\/\/www.tvturk.com\/index.php\/wp-json\/wp\/v2\/tags?post=213108"}],"curies":[{"name":"wp","href":"https:\/\/api.w.org\/{rel}","templated":true}]}}