{"id":213186,"date":"2019-10-09T12:32:52","date_gmt":"2019-10-09T09:32:52","guid":{"rendered":"http:\/\/www.tvturk.com\/index.php\/prof-dr-marsel-mesulama-eczacibasi-tip-onur-odulu\/"},"modified":"2019-10-09T12:32:52","modified_gmt":"2019-10-09T09:32:52","slug":"prof-dr-marsel-mesulama-eczacibasi-tip-onur-odulu","status":"publish","type":"post","link":"http:\/\/www.tvturk.com\/index.php\/prof-dr-marsel-mesulama-eczacibasi-tip-onur-odulu\/","title":{"rendered":"Prof. Dr. Marsel Mesulam\u2019a Eczac\u0131ba\u015f\u0131 T\u0131p Onur \u00d6d\u00fcl\u00fc"},"content":{"rendered":"<p>Dr. Nejat F. Eczac\u0131ba\u015f\u0131 T\u0131p \u00d6d\u00fclleri\u2019nin 60\u2019\u0131nc\u0131 y\u0131l\u0131nda \u2019t\u0131p bilim\u2019, \u2019t\u0131p te\u015fvik\u2019, \u2019bilimsel ara\u015ft\u0131rma destek ve t\u0131p \u00f6\u011frencileri proje\u2019 \u00f6d\u00fclleri de sahiplerini buldu. Bu seneki T\u0131p Onur \u00d6d\u00fcl\u00fc\u2019n\u00fcn sahibi Prof. Dr. Marsel Mesulam oldu.<\/p>\n<p>Eczac\u0131ba\u015f\u0131 Toplulu\u011fu\u2019nun 1959 y\u0131l\u0131nda t\u0131p alan\u0131nda ba\u015flatt\u0131\u011f\u0131 \u00f6d\u00fcllendirme ve destek gelene\u011finin 60\u2019\u0131nc\u0131 y\u0131l\u0131 tamamland\u0131. \u0130stanbul\u2019da d\u00fczenlenen \u00f6d\u00fcl t\u00f6reninde konu\u015fan Eczac\u0131ba\u015f\u0131 Holding Y\u00f6netim Kurulu Ba\u015fkan\u0131 B\u00fclent Eczac\u0131ba\u015f\u0131, T\u00fcrkiye\u2019nin \u00e7a\u011fda\u015f gelece\u011fine duyduklar\u0131 umut ve g\u00fcven ile yola devam ettiklerini belirterek, &#8220;Sanayi alan\u0131ndaki giri\u015fimlerimiz, sosyal alandaki yat\u0131r\u0131mlar\u0131m\u0131z ile bir a\u011fac\u0131n birbirini besleyen dallar\u0131 gibi, birbirine kar\u0131\u015farak hep g\u00f6\u011fe y\u00fckseldi. Ba\u015far\u0131s\u0131n\u0131, olu\u015fturdu\u011fu toplumsal de\u011fer ile \u00f6l\u00e7en kurucumuz Nejat Eczac\u0131ba\u015f\u0131\u2019n\u0131n inan\u00e7 ve heyecan\u0131, bug\u00fcn hepimizin ruhuna canl\u0131l\u0131k vermeye devam ediyor&#8221; diye konu\u015ftu.<\/p>\n<p>T\u00fcrkiye\u2019de sa\u011fl\u0131k hizmetlerinin kesintisiz s\u00fcrmesi, refah d\u00fczeyinin y\u00fckselmesi ve ya\u015fam kalitesinin artmas\u0131 i\u00e7in, kamu y\u00f6netimi, end\u00fcstri, \u00fcniversiteler, hastalar ve di\u011fer bireylerin olu\u015fturdu\u011fu b\u00fct\u00fcn aras\u0131ndaki yap\u0131c\u0131 ileti\u015fim ve i\u015f birli\u011finin b\u00fcy\u00fck \u00f6nem ta\u015f\u0131d\u0131\u011f\u0131n\u0131 vurgulayan B\u00fclent Eczac\u0131ba\u015f\u0131, &#8220;Nejat Eczac\u0131ba\u015f\u0131\u2019n\u0131n da aralar\u0131nda bulundu\u011fu Cumhuriyetimizin kurucu ku\u015fa\u011f\u0131 bug\u00fcn aram\u0131zda olsalar, ortak sorunlar\u0131m\u0131za, ortak \u00e7areler aramaya devam etmemizden muhtemelen b\u00fcy\u00fck mutluluk duyarlard\u0131. Cumhuriyetimizin kurucu iradesinin de en temel \u00f6zelli\u011fi, \u00e7a\u011f\u0131n gereklerini yerine getiren bir bilim ve e\u011fitim sistemine \u00f6zel bir \u00f6nem vermesiydi. \u00c7a\u011fda\u015fl\u0131k konusundaki bu duyarl\u0131l\u0131\u011f\u0131 s\u00fcrd\u00fcrmenin bug\u00fcn de ortak sorumlulu\u011fumuz oldu\u011funa y\u00fcrekten inan\u0131yorum&#8230; \u00c7\u00fcnk\u00fc, \u00fclkemizin gelece\u011fini hi\u00e7 ku\u015fkusuz e\u011fitim d\u00fczeyimiz ve bilimle olu\u015fturdu\u011fumuz de\u011fer belirleyecek. Ne mutlu ki bu yolda \u00e7al\u0131\u015fan sizler gibi bilim insanlar\u0131m\u0131z var&#8221; dedi.<\/p>\n<p>Dr. Nejat F. Eczac\u0131ba\u015f\u0131 T\u0131p \u00d6d\u00fclleri, Bilimsel De\u011ferlendirme Kurulu Ba\u015fkan\u0131 Prof. Dr. Turgay Dalkara da &#8220;Birka\u00e7 y\u00fcz y\u0131l \u00f6ncesinin aksine bug\u00fcn bilimin gereklili\u011fi ve ba\u015far\u0131s\u0131 konusunda art\u0131k teredd\u00fct\u00fcm\u00fcz yok. Ancak, d\u00fcnyada gittik\u00e7e yayg\u0131nla\u015fan bilim kar\u015f\u0131tl\u0131\u011f\u0131 ve maalesef bunun bilim kisvesi alt\u0131nda yap\u0131l\u0131yor olmas\u0131 bizleri kayg\u0131land\u0131r\u0131yor\u201d dedi.<\/p>\n<p>Prof. Dalkara, verilen \u00f6d\u00fcllerin sadece bilim insanlar\u0131m\u0131z\u0131n ba\u015far\u0131lar\u0131n\u0131 onurland\u0131rmakla kalmad\u0131\u011f\u0131n\u0131 ayn\u0131 zamanda onlara, d\u00fc\u015f\u00fcncelerini bilimsel bilgiye d\u00f6n\u00fc\u015ft\u00fcren uzun ve zorlu s\u00fcre\u00e7teki sab\u0131r ve emekleri i\u00e7in de te\u015fekk\u00fcr etmemize vesile oldu\u011funu vurgulad\u0131.<\/p>\n<p>T\u0131p Onur \u00d6d\u00fcl\u00fc Prof. Dr. Marsel Mesulam\u2019a<\/p>\n<p>Bu seneki T\u0131p Onur \u00d6d\u00fcl\u00fc\u2019n\u00fcn sahibi Prof. Dr. Marsel Mesulam oldu. Evrensel bilime en \u00fcst d\u00fczeydeki katk\u0131lar\u0131 ve T\u00fcrkiye\u2019deki pek \u00e7ok akademisyen ve bilimsel etkinli\u011fe verdi\u011fi yak\u0131n destek nedeniyle T\u0131p Onur \u00d6d\u00fcl\u00fc\u2019ne lay\u0131k g\u00f6r\u00fclen Prof. Dr. Mesulam, davran\u0131\u015f n\u00f6rolojisi ve demans (bunama) biyolojisi alanlar\u0131nda yapt\u0131\u011f\u0131 \u00e7\u0131\u011f\u0131r a\u00e7\u0131c\u0131 bulu\u015flar\u0131yla t\u00fcm d\u00fcnyada tan\u0131nan ba\u015far\u0131l\u0131 bilim insanlar\u0131 aras\u0131nda yer al\u0131yor. \u0130lk kez Prof. Dr. Mesulam taraf\u0131ndan tan\u0131mlanan demans hastal\u0131\u011f\u0131n\u0131n ba\u011f\u0131ms\u0131z bir formu olan \u2019primer progresif afazi sendromu\u2019 t\u0131p bilim tarihinde \u2019Mesulam hastal\u0131\u011f\u0131\u2019 olarak an\u0131l\u0131yor.<\/p>\n<p>Prof. Dr. Marsel Mesulam kimdir?<\/p>\n<p>Robert Kolej\u2019i bitirdikten sonra Harvard T\u0131p Fak\u00fcltesi\u2019nden mezun olan ve akademik kariyerini Chicago\u2019da Northwestern \u00dcniversitesi T\u0131p Fak\u00fcltesi\u2019nde s\u00fcrd\u00fcren Prof. Dr. Mesulam, h\u00e2len kendi ad\u0131yla an\u0131lan Mesulam Kognitif N\u00f6roloji ve Alzheimer Hastal\u0131\u011f\u0131 Merkezi\u2019nin direkt\u00f6r\u00fc ve N\u00f6roloji B\u00f6l\u00fcm\u00fc Davran\u0131\u015fsal N\u00f6roloji biriminin ba\u015fkan\u0131 olarak g\u00f6rev yap\u0131yor.<\/p>\n<p>Bilimsel Kurul\u2019un de\u011ferlendirmeleri sonucunda 2019 T\u0131p Bilim \u00d6d\u00fcl\u00fc ise \u00e7al\u0131\u015fmalar\u0131n\u0131 periferik n\u00f6ropatilerdeki akson dejenerasyonu ile periferik sinir sistemindeki Schwann h\u00fccreleri ve sinir yenilenmesi \u00fczerine yo\u011funla\u015ft\u0131ran Prof. Dr. Ahmet H\u00f6ke\u2019ye verilirken,  T\u0131p Te\u015fvik \u00d6d\u00fcl\u00fc\u2019n\u00fc Do\u00e7. Dr. U\u011fur Canpolat, Bilimsel Ara\u015ft\u0131rma Destek \u00d6d\u00fcl\u00fc\u2019n\u00fc Do\u00e7. Dr. Ceyda A\u00e7\u0131lan Ayhan, T\u0131p \u00d6\u011frencileri Proje \u00d6d\u00fcl\u00fc\u2019n\u00fc de Sena Alptekin kazand\u0131.<\/p>\n<p>\u00d6d\u00fcller<\/p>\n<p>Bilimsel Kurul\u2019un 2019 \u00f6d\u00fcllerine yap\u0131lan ba\u015fvurular\u0131 de\u011ferlendirmeleri sonucunda, Hacettepe T\u0131p Fak\u00fcltesi mezunu, Johns Hopkins \u00dcniversitesi N\u00f6romusk\u00fcler B\u00f6l\u00fcm\u00fc Direkt\u00f6r\u00fc, American Neurological Association ve Peripheral Nerve Society y\u00f6netim kurullar\u0131 \u00fcyesi ve Toxic Neuropathy Consortium\u2019da ba\u015fkan yard\u0131mc\u0131s\u0131 olarak g\u00f6rev yapan Prof. Dr. Ahmet H\u00f6ke T\u0131p Bilim \u00d6d\u00fcl\u00fc\u2019n\u00fc kazan\u0131rken, Hacettepe \u00dcniversitesi T\u0131p Fak\u00fcltesi Kardiyoloji Anabilim Dal\u0131\u2019nda \u00e7al\u0131\u015fmalar\u0131n\u0131 s\u00fcrd\u00fcren Do\u00e7. Dr. U\u011fur Canpolat T\u0131p Te\u015fvik \u00d6d\u00fcl\u00fc\u2019n\u00fcn, Ko\u00e7 \u00dcniversitesi T\u0131p Fak\u00fcltesi\u2019nde \u00f6\u011fretim \u00fcyesi olarak g\u00f6rev yapan Do\u00e7. Dr. Ceyda A\u00e7\u0131lan Ayhan da Bilimsel Ara\u015ft\u0131rma Destek \u00d6d\u00fcl\u00fc\u2019n\u00fcn sahibi oldu. Dokuz Eyl\u00fcl \u00dcniversitesi T\u0131p Fak\u00fcltesi mezuniyetinin ard\u0131ndan Almanya Heidelberg \u00dcniversitesi\u2019nde intern olarak g\u00f6rev yapan Sena Alptekin ise, T\u0131p \u00d6\u011frencileri Proje \u00d6d\u00fcl\u00fc\u2019ne de\u011fer bulundu.<\/p>\n<p>\u2019Bilime katk\u0131, ba\u015far\u0131ya \u00f6d\u00fcl\u2019 gelene\u011finde 60 y\u0131l<\/p>\n<p>T\u00fcrkiye\u2019de t\u0131p ve eczac\u0131l\u0131k bilimlerinin geli\u015fimine katk\u0131da bulunmak amac\u0131yla, 1959\u2019da Dr. Nejat F. Eczac\u0131ba\u015f\u0131 taraf\u0131ndan d\u00f6nemin \u00e7ok de\u011ferli t\u0131p hocalar\u0131 Ord. Prof. Dr. Ekrem \u015eerif Egeli, Ord. Prof. Dr. Arif \u0130smet \u00c7etingil, Ord. Prof. Dr. Muhiddin Erel, Prof. Dr. Re\u015fat Garan,  Prof. Dr. Sabih Oktay, Prof. Dr. Behi\u00e7 Onul, Prof. Dr. Zafer Payko\u00e7, Prof. Dr. Necmeddin Polvan\u2019\u0131n \u00f6nc\u00fcl\u00fc\u011f\u00fcnde bilimsel ara\u015ft\u0131rmalar\u0131 destekleme, ba\u015far\u0131l\u0131 bilim insanlar\u0131n\u0131 \u00f6d\u00fcllendirme gelene\u011fi ba\u015flat\u0131lm\u0131\u015ft\u0131.<\/p>\n<p>2019 Dr. Nejat F. Eczac\u0131ba\u015f\u0131 T\u0131p \u00d6d\u00fclleri Bilimsel De\u011ferlendirme Kurulu Prof. Dr. Turgay Dalkara ba\u015fkanl\u0131\u011f\u0131nda, Prof. Dr. Murat Akova, Prof. Dr. \u015eermin Gen\u00e7, Prof. Dr. Ahmet G\u00fcl, Prof. Dr. Arzum Erdem G\u00fcrsan, Prof. Dr. Hakan S. Orer ve Prof. Dr. Lale Tokg\u00f6zo\u011flu\u2019ndan olu\u015fuyor.<\/p>\n<p>Altm\u0131\u015f y\u0131la ula\u015fan bu giri\u015fim kapsam\u0131nda, d\u00fcnya t\u0131p \u00e7evrelerinde evrensel \u00f6l\u00e7\u00fctte ba\u015far\u0131 g\u00f6steren T\u00fcrk hekimlerine 2002 y\u0131l\u0131ndan itibaren Eczac\u0131ba\u015f\u0131 T\u0131p Onur \u00d6d\u00fcl\u00fc verilmesi benimsendi. Eczac\u0131ba\u015f\u0131 T\u0131p Onur \u00d6d\u00fcl\u00fc\u2019n\u00fcn ilki Prof. Dr. M\u00fcnci Kalayo\u011flu\u2019na, ikincisi Prof. Dr. Olcay Neyzi\u2019ye verilirken, Prof. Dr. Masel Mesulam da Eczac\u0131ba\u015f\u0131 T\u0131p Onur \u00d6d\u00fcl\u00fc alan \u00fc\u00e7\u00fcnc\u00fc bilim insan\u0131 oldu.<\/p>\n<p>2002 \u00f6ncesinde, \u2019Cumhuriyet D\u00f6nemi T\u0131p \u00d6d\u00fcl\u00fc\u2019 ad\u0131yla verilen \u00f6d\u00fcl\u00fc, 1982 y\u0131l\u0131nda Ord. Prof. Dr. Hulusi Behcet, Dr. Refik Saydam, Ord. Prof. Dr. Tevfik Saglam, Ord. Prof. Dr. Mazhar Osman Uzman ve Ord. Prof. Dr. Akil Muhtar Ozden, 1988 y\u0131l\u0131nda Prof. Dr. Muzaffer Aksoy, 1992 y\u0131l\u0131nda ise Prof. Dr. Gazi Yasargil alm\u0131\u015ft\u0131.<\/p>\n","protected":false},"excerpt":{"rendered":"<p>B\u00dcLENT ECZACIBA\u015eI &#8211; MARSEL MESULAM<\/p>\n","protected":false},"author":1,"featured_media":213187,"comment_status":"closed","ping_status":"open","sticky":false,"template":"","format":"standard","meta":{"jetpack_post_was_ever_published":false,"_jetpack_newsletter_access":"","_jetpack_dont_email_post_to_subs":false,"_jetpack_newsletter_tier_id":0,"_jetpack_memberships_contains_paywalled_content":false,"_jetpack_memberships_contains_paid_content":false,"footnotes":"","jetpack_publicize_message":"","jetpack_publicize_feature_enabled":true,"jetpack_social_post_already_shared":true,"jetpack_social_options":{"image_generator_settings":{"template":"highway","default_image_id":0,"font":"","enabled":false},"version":2}},"categories":[1],"tags":[279,754,53906,53907,1553,9079,2750,4657],"class_list":["post-213186","post","type-post","status-publish","format-standard","has-post-thumbnail","hentry","category-genel","tag-dr","tag-eczacibasi","tag-marsel","tag-mesulama","tag-odulu","tag-onur","tag-prof","tag-tip"],"jetpack_publicize_connections":[],"jetpack_featured_media_url":"https:\/\/i0.wp.com\/www.tvturk.com\/wp-content\/uploads\/2019\/10\/prof-dr-marsel-mesulama-eczacibasi-tip-onur-odulu_c96e4c3.jpg?fit=1000%2C666","jetpack_sharing_enabled":true,"jetpack_shortlink":"https:\/\/wp.me\/paKIfm-Tsu","_links":{"self":[{"href":"http:\/\/www.tvturk.com\/index.php\/wp-json\/wp\/v2\/posts\/213186","targetHints":{"allow":["GET"]}}],"collection":[{"href":"http:\/\/www.tvturk.com\/index.php\/wp-json\/wp\/v2\/posts"}],"about":[{"href":"http:\/\/www.tvturk.com\/index.php\/wp-json\/wp\/v2\/types\/post"}],"author":[{"embeddable":true,"href":"http:\/\/www.tvturk.com\/index.php\/wp-json\/wp\/v2\/users\/1"}],"replies":[{"embeddable":true,"href":"http:\/\/www.tvturk.com\/index.php\/wp-json\/wp\/v2\/comments?post=213186"}],"version-history":[{"count":0,"href":"http:\/\/www.tvturk.com\/index.php\/wp-json\/wp\/v2\/posts\/213186\/revisions"}],"wp:featuredmedia":[{"embeddable":true,"href":"http:\/\/www.tvturk.com\/index.php\/wp-json\/wp\/v2\/media\/213187"}],"wp:attachment":[{"href":"http:\/\/www.tvturk.com\/index.php\/wp-json\/wp\/v2\/media?parent=213186"}],"wp:term":[{"taxonomy":"category","embeddable":true,"href":"http:\/\/www.tvturk.com\/index.php\/wp-json\/wp\/v2\/categories?post=213186"},{"taxonomy":"post_tag","embeddable":true,"href":"http:\/\/www.tvturk.com\/index.php\/wp-json\/wp\/v2\/tags?post=213186"}],"curies":[{"name":"wp","href":"https:\/\/api.w.org\/{rel}","templated":true}]}}