{"id":213238,"date":"2019-10-09T13:46:34","date_gmt":"2019-10-09T10:46:34","guid":{"rendered":"http:\/\/www.tvturk.com\/index.php\/karsan-busworld-europeda-atak-electric-ve-jest-electrici-sergileyecek\/"},"modified":"2019-10-09T13:46:34","modified_gmt":"2019-10-09T10:46:34","slug":"karsan-busworld-europeda-atak-electric-ve-jest-electrici-sergileyecek","status":"publish","type":"post","link":"http:\/\/www.tvturk.com\/index.php\/karsan-busworld-europeda-atak-electric-ve-jest-electrici-sergileyecek\/","title":{"rendered":"Karsan, Busworld Europe\u2019da Atak Electric ve Jest Electric\u2019i sergileyecek"},"content":{"rendered":"<p>T\u00fcrkiye\u2019nin yerli \u00fcreticilerinden Karsan, 18-23 Ekim tarihlerinde Br\u00fcksel\u2019de d\u00fczenlenecek uluslararas\u0131 otob\u00fcs fuar\u0131 Busworld Europe\u2019da elektrikli \u00fcr\u00fcn gam\u0131n\u0131 sergileyecek.<\/p>\n<p>Otob\u00fcs d\u00fcnyas\u0131n\u0131n en b\u00fcy\u00fck fuarlar\u0131ndan olan Busworld Europe, 18-23 Ekim tarihlerinde Br\u00fcksel\u2019de kap\u0131lar\u0131n\u0131 a\u00e7\u0131yor. Yerli \u00fcretici Karsan bu y\u0131l 25\u2019incisi d\u00fczenlenecek fuara, elektrikli ara\u00e7lardan olu\u015fan yenilik\u00e7i ve \u00e7evreci \u00fcr\u00fcn gam\u0131yla kat\u0131lmaya haz\u0131rlan\u0131yor. Bu kapsamda BMW ile ger\u00e7ekle\u015ftirdi\u011fi k\u00fcresel i\u015fbirli\u011finin en yeni \u00fcr\u00fcn\u00fc Atak Electric\u2019i ilk kez uluslararas\u0131 bir fuarda sergileyecek olan Karsan, \u00f6zg\u00fcn boyutlar\u0131 ve \u00fcst\u00fcn teknolojisiyle dikkatleri \u00e7eken Jest Electric\u2019i de kat\u0131l\u0131mc\u0131lar\u0131n be\u011fenisine sunacak.<\/p>\n<p>Karsan, yakla\u015f\u0131k 33 farkl\u0131 \u00fclkeden on binlerce ki\u015finin kat\u0131lmas\u0131n\u0131n beklenildi\u011fi Busworld Europe\u2019da sadece elektrikli ara\u00e7lar\u0131n\u0131 sergileyerek \u00e7a\u011fa ayak uyduran yenilik\u00e7i teknolojileriyle g\u00f6vde g\u00f6sterisi yapacak.<\/p>\n<p>Karsan, bu y\u0131l tan\u0131t\u0131m\u0131n\u0131 ger\u00e7ekle\u015ftirdi\u011fi ve seri \u00fcretimine ba\u015flad\u0131\u011f\u0131 Atak Electric\u2019i ilk kez Busworld Europe\u2019da d\u00fcnyan\u0131n be\u011fenisine sunmaya haz\u0131rlan\u0131yor. BMW taraf\u0131ndan geli\u015ftirilen be\u015f adet 44 kWh bataryalarla toplamda 220 kWh batarya kapasitesi bulunan Atak Electric, 300 km\u2019ye varan menziliyle rakiplerinin \u00f6n\u00fcne ge\u00e7erken alternatif ak\u0131ml\u0131 \u015farj \u00fcniteleriyle 5 saatte, h\u0131zl\u0131 \u015farj \u00fcniteleriyle de 3 saatte \u015farj olabiliyor. 170 HP g\u00fc\u00e7 ve 290 Nm tork \u00fcreten BMW \u00fcretimi elektrikli motor ve yine BMW \u00fcretimi 44 ve 88 kWh bataryalarla tercih edilebilen Jest Electric ise, 210 km\u2019ye kadar menzil sunarak bu anlamda s\u0131n\u0131f\u0131n\u0131n en iyi performans\u0131n\u0131 g\u00f6steriyor.<\/p>\n","protected":false},"excerpt":{"rendered":"<p>T\u00dcRK\u0130YE\u2019N\u0130N YERL\u0130 \u00dcRET\u0130C\u0130LER\u0130NDEN KARSAN, 18-23 EK\u0130M TAR\u0130HLER\u0130NDE BR\u00dcKSEL\u2019DE D\u00dcZENLENECEK ULUSLARARASI OTOB\u00dcS FUARI BUSWORLD EUROPE\u2019DA ELEKTR\u0130KL\u0130 \u00dcR\u00dcN GAMINI SERG\u0130LEYECEK.<\/p>\n","protected":false},"author":1,"featured_media":213239,"comment_status":"closed","ping_status":"open","sticky":false,"template":"","format":"standard","meta":{"jetpack_post_was_ever_published":false,"_jetpack_newsletter_access":"","_jetpack_dont_email_post_to_subs":false,"_jetpack_newsletter_tier_id":0,"_jetpack_memberships_contains_paywalled_content":false,"_jetpack_memberships_contains_paid_content":false,"footnotes":"","jetpack_publicize_message":"","jetpack_publicize_feature_enabled":true,"jetpack_social_post_already_shared":true,"jetpack_social_options":{"image_generator_settings":{"template":"highway","default_image_id":0,"font":"","enabled":false},"version":2}},"categories":[19],"tags":[9670,53915,53917,53918,53916,9223,53914,50926],"class_list":["post-213238","post","type-post","status-publish","format-standard","has-post-thumbnail","hentry","category-ekonomi","tag-atak","tag-busworld","tag-electric","tag-electrici","tag-europeda","tag-jest","tag-karsan","tag-sergileyecek"],"jetpack_publicize_connections":[],"jetpack_featured_media_url":"https:\/\/i0.wp.com\/www.tvturk.com\/wp-content\/uploads\/2019\/10\/karsan-busworld-europeda-atak-electric-ve-jest-electrici-sergileyecek_173d08e.jpg?fit=1000%2C556","jetpack_sharing_enabled":true,"jetpack_shortlink":"https:\/\/wp.me\/paKIfm-Ttk","_links":{"self":[{"href":"http:\/\/www.tvturk.com\/index.php\/wp-json\/wp\/v2\/posts\/213238","targetHints":{"allow":["GET"]}}],"collection":[{"href":"http:\/\/www.tvturk.com\/index.php\/wp-json\/wp\/v2\/posts"}],"about":[{"href":"http:\/\/www.tvturk.com\/index.php\/wp-json\/wp\/v2\/types\/post"}],"author":[{"embeddable":true,"href":"http:\/\/www.tvturk.com\/index.php\/wp-json\/wp\/v2\/users\/1"}],"replies":[{"embeddable":true,"href":"http:\/\/www.tvturk.com\/index.php\/wp-json\/wp\/v2\/comments?post=213238"}],"version-history":[{"count":0,"href":"http:\/\/www.tvturk.com\/index.php\/wp-json\/wp\/v2\/posts\/213238\/revisions"}],"wp:featuredmedia":[{"embeddable":true,"href":"http:\/\/www.tvturk.com\/index.php\/wp-json\/wp\/v2\/media\/213239"}],"wp:attachment":[{"href":"http:\/\/www.tvturk.com\/index.php\/wp-json\/wp\/v2\/media?parent=213238"}],"wp:term":[{"taxonomy":"category","embeddable":true,"href":"http:\/\/www.tvturk.com\/index.php\/wp-json\/wp\/v2\/categories?post=213238"},{"taxonomy":"post_tag","embeddable":true,"href":"http:\/\/www.tvturk.com\/index.php\/wp-json\/wp\/v2\/tags?post=213238"}],"curies":[{"name":"wp","href":"https:\/\/api.w.org\/{rel}","templated":true}]}}