{"id":213266,"date":"2019-10-09T14:17:55","date_gmt":"2019-10-09T11:17:55","guid":{"rendered":"http:\/\/www.tvturk.com\/index.php\/vali-kaymak-guclu-olmak-ve-cok-uretmek-zorundayiz\/"},"modified":"2019-10-09T14:17:55","modified_gmt":"2019-10-09T11:17:55","slug":"vali-kaymak-guclu-olmak-ve-cok-uretmek-zorundayiz","status":"publish","type":"post","link":"http:\/\/www.tvturk.com\/index.php\/vali-kaymak-guclu-olmak-ve-cok-uretmek-zorundayiz\/","title":{"rendered":"Vali Kaymak: \u201cG\u00fc\u00e7l\u00fc olmak ve \u00e7ok \u00fcretmek zorunday\u0131z\u201d"},"content":{"rendered":"<p>\u201cT\u00fcrkiye 11. Yemeklik Mantar Kongresi\u201d Samsun\u2019da ba\u015flad\u0131. A\u00e7\u0131l\u0131\u015f t\u00f6reninde konu\u015fan Samsun Valisi Osman Kaymak, T\u00fcrkiye\u2019nin tehditlere kar\u015f\u0131 g\u00fc\u00e7l\u00fc olmak ve \u00e7ok \u00fcretmek zorunda oldu\u011funu s\u00f6yledi.<\/p>\n<p>Samsun B\u00fcy\u00fck\u015fehir Belediyesi Sanat Merkezinde ger\u00e7ekle\u015fen a\u00e7\u0131l\u0131\u015fta Atakum Kaymakam\u0131 Nam\u0131k Kemal Nazl\u0131, OM\u00dc Rekt\u00f6r Vekili Prof. Dr. Mehmet Ali Cengiz, Kongre D\u00fczenleme Kurulu Ba\u015fkan\u0131 Ondokuz May\u0131s \u00dcniversitesi (OM\u00dc) Ziraat Fak\u00fcltesi \u00d6\u011fr. \u00dcyesi Prof. Dr. Aysun Pek\u015fen, akademisyenler ve \u00f6\u011frenciler haz\u0131r bulundu. Sayg\u0131 duru\u015fu ve \u0130stiklal Mar\u015f\u0131 ile ba\u015flayan a\u00e7\u0131l\u0131\u015f t\u00f6reninde konu\u015fan Samsun Valisi Osman Kaymak, \u201c19 May\u0131s\u2019\u0131n 100. y\u0131l\u0131 nedeniyle \u015fehrimizde bu y\u0131l pek \u00e7ok etkinlik yap\u0131ld\u0131. Ondokuz May\u0131s \u00dcniversitesi bu etkinliklerde ba\u015frol ald\u0131, hepsinin i\u00e7inde oldu. Kongrelerle ger\u00e7ekten 100 y\u0131l \u00f6nce ba\u015flayan kurtulu\u015f hareketinin daha nice y\u00fczy\u0131llara gidece\u011fine ili\u015fkin bizlere umut verici \u00e7al\u0131\u015fmalar yapt\u0131lar\u201d dedi.<\/p>\n<p>\u201cPKK belas\u0131ndan in\u015fallah kurtulmu\u015f olaca\u011f\u0131z\u201d<\/p>\n<p>G\u00fc\u00e7l\u00fc olmak ve \u00e7ok \u00fcretmek zorunda olduklar\u0131n\u0131 aktaran Kaymak, \u201cT\u00fcrkiye \u00e7ok zor bir co\u011frafya. Bu topraklarda bizleri rahat b\u0131rakm\u0131yorlar. O anlamda 100 y\u0131l \u00f6nce ba\u015flayan ba\u011f\u0131ms\u0131zl\u0131k ve Kurtulu\u015f M\u00fccadelemiz bitmedi, devam ediyor. \u0130\u015fte \u015fu anda belki ordu, Suriye\u2019nin kuzeyinde bir operasyona ba\u015flamak \u00fczere. Buradan onlara dua ediyoruz. \u0130n\u015fallah zaferle \u00e7\u0131kacaklar ve y\u0131llard\u0131r T\u00fcrkiye\u2019yi me\u015fgul deden b\u00fct\u00fcn kaynaklar\u0131m\u0131z\u0131 ter\u00f6r PKK belas\u0131ndan in\u015fallah kurtulmu\u015f olaca\u011f\u0131z. Zor bir co\u011frafyaday\u0131z. O y\u00fczden g\u00fc\u00e7l\u00fc olmak zorunday\u0131z. Daha \u00e7ok \u00fcretmek, ki\u015fi ba\u015f\u0131na milli gelirleri on binlerden k\u0131rk binlere \u00e7\u0131karmak zorunday\u0131z. O zaman bize, Trump\u2019\u0131n yapt\u0131\u011f\u0131 tehditleri yapamayacaklar. Onun i\u00e7in g\u00fc\u00e7l\u00fc olmak, \u00e7ok \u00fcretmek zorunday\u0131z. O anlamda \u00fcniversitelerimizi \u00e7ok \u00f6nemsiyoruz\u201d diye konu\u015ftu.<\/p>\n<p>&#8220;Bug\u00fcn mantar \u00fcretimimiz 65 bin tona y\u00fckseldi&#8221;<\/p>\n<p>OM\u00dc Ziraat Fak\u00fcltesi \u00d6\u011fr. \u00dcyesi ve Kongre D\u00fczenleme Kurulu Ba\u015fkan\u0131 Prof. Dr. Aysun Pek\u015fen, mantar \u00fcretimi ve mantar i\u015fletmecili\u011finde s\u00fcrd\u00fcr\u00fclebilirli\u011fin sa\u011flanmas\u0131 gerekti\u011fine dikkat \u00e7ekti. Pek\u015fen \u201c1960\u2019l\u0131 y\u0131llarda Prof. Dr. Atilla G\u00fcner taraf\u0131ndan ba\u015flat\u0131lan mantarc\u0131l\u0131k \u00e7al\u0131\u015fmalar\u0131, 1970\u2019li y\u0131llarda Yalova Atat\u00fcrk Ara\u015ft\u0131rma Enstit\u00fcs\u00fc\u2019ndeki bir grup ara\u015ft\u0131rmac\u0131 taraf\u0131ndan h\u0131z kazand\u0131r\u0131lm\u0131\u015ft\u0131r. 1973 y\u0131l\u0131nda 80 ton olan mantar \u00fcretimimiz, g\u00fcn\u00fcm\u00fczde 65 bin tona y\u00fckselmi\u015ftir. Hem t\u00fcketim miktar\u0131 hem de \u00fclkemizin ekolojik ve stratejik konumu nedeniyle ihracat durumu d\u00fc\u015f\u00fcn\u00fcld\u00fc\u011f\u00fcnde mantar \u00fcretiminin ve sekt\u00f6r\u00fcn\u00fcn h\u0131zla b\u00fcy\u00fcd\u00fc\u011f\u00fcn\u00fc g\u00f6r\u00fcyoruz ve h\u0131zla da b\u00fcy\u00fcyece\u011fini s\u00f6yleyebiliriz\u201d a\u00e7\u0131klamas\u0131nda bulundu.<\/p>\n<p>OM\u00dc Ziraat Fak\u00fcltesi Dekan\u0131 Prof. Dr. H\u00fcsn\u00fc Demirsoy da \u201cMantar \u00f6nemli bir konu. 1960\u2019l\u0131 70\u2019li y\u0131llarda 80 ton olan mantar \u00fcretiminin bug\u00fcn 65 bin tona \u00e7\u0131km\u0131\u015f olmas\u0131 son derece \u00f6nemlidir. D\u00fcn bir arkada\u015f\u0131mla konu\u015furken mantar kongresinden bahsetti\u011fimde \u2018ben bu i\u015fi yapt\u0131m hi\u00e7 para kazanamad\u0131m. Hatta insanlara nas\u0131l kullanabileceklerini de ka\u011f\u0131d\u0131n i\u00e7erisine koyuyordum. Ama \u015fimdi g\u00f6r\u00fcyorum her taraf mantar. Her markette mantar, insanlar nas\u0131l yapaca\u011f\u0131n\u0131, nas\u0131l kazanaca\u011f\u0131n\u0131 biliyor, biz yanl\u0131\u015f zamanda yapm\u0131\u015f\u0131z\u2019 diye sitem etti. Kongrenin \u00fcniversitemize, T\u00fcrkiye\u2019ye ve mantarla ilgilenen herkese faydal\u0131 olmas\u0131n\u0131 diliyorum\u201d \u015feklinde konu\u015ftu.<\/p>\n<p>OM\u00dc Rekt\u00f6r Vekili Prof. Dr. Mehmet Ali Cengiz ise &#8220;Ondokuz May\u0131s \u00dcniversitesi T\u00fcrkiye\u2019nin \u00f6nemli \u00fcniversitelerinden biri. Sadece ad\u0131n\u0131 ald\u0131\u011f\u0131 anlaml\u0131 g\u00fcnden de\u011fil, b\u00f6lgedeki en etkin \u00fcniversitelerden biri. Biz fiziki anlamda T\u00fcrkiye\u2019nin en iyi \u00fcniversitelerinden biri oldu\u011fumuza inan\u0131yoruz. B\u00fct\u00fcn gayretimiz fiziki do\u011fal ortamda kamp\u00fcs\u00fc olan \u00fcniversitemizin, akademik proje anlam\u0131nda da T\u00fcrkiye\u2019nin en elit \u00fcniversitelerinden biri haline getirme \u00e7abas\u0131nday\u0131z. Bu anlamda bu kongre \u00f6nemli\u201d ifadelerini kulland\u0131.<\/p>\n<p>T\u00f6ren sonras\u0131 Samsun Valisi Osman Kaymak, akademisyenlerle birlikte mantar stantlar\u0131n\u0131 gezerek mantarlar ve mantarlardan yap\u0131lm\u0131\u015f \u00fcr\u00fcnler hakk\u0131nda bilgi ald\u0131.<\/p>\n<p>11. Yemeklik Mantar Kongresi, mantar \u00fczerine d\u00fczenlenecek tart\u0131\u015fma ve uygulama programlar\u0131yla 11 Ekim\u2019e kadar devam edecek.<\/p>\n","protected":false},"excerpt":{"rendered":"<p>SAMSUN B\u00dcY\u00dcK\u015eEH\u0130R BELED\u0130YES\u0130 SANAT MERKEZ\u0130\u2019NDE GER\u00c7EKLE\u015eEN A\u00c7ILI\u015eTA ATAKUM KAYMAKAMI NAMIK KEMAL NAZLI, OM\u00dc REKT\u00d6R VEK\u0130L\u0130 PROF. DR. MEHMET AL\u0130 CENG\u0130Z, KONGRE D\u00dcZENLEME KURULU BA\u015eKANI ONDOKUZ MAYIS \u00dcN\u0130VERS\u0130TES\u0130 (OM\u00dc) Z\u0130RAAT FAK\u00dcLTES\u0130 \u00d6\u011eR. \u00dcYES\u0130 PROF. DR. AYSUN PEK\u015eEN, AKADEM\u0130SYENLER VE \u00d6\u011eRENC\u0130LER HAZIR BULUNDU.<\/p>\n","protected":false},"author":1,"featured_media":213267,"comment_status":"closed","ping_status":"open","sticky":false,"template":"","format":"standard","meta":{"jetpack_post_was_ever_published":false,"_jetpack_newsletter_access":"","_jetpack_dont_email_post_to_subs":false,"_jetpack_newsletter_tier_id":0,"_jetpack_memberships_contains_paywalled_content":false,"_jetpack_memberships_contains_paid_content":false,"footnotes":"","jetpack_publicize_message":"","jetpack_publicize_feature_enabled":true,"jetpack_social_post_already_shared":true,"jetpack_social_options":{"image_generator_settings":{"template":"highway","default_image_id":0,"font":"","enabled":false},"version":2}},"categories":[656],"tags":[105,2728,16392,1364,10769,148,3382],"class_list":["post-213266","post","type-post","status-publish","format-standard","has-post-thumbnail","hentry","category-kultur-sanat","tag-cok","tag-guclu","tag-kaymak","tag-olmak","tag-uretmek","tag-vali","tag-zorundayiz"],"jetpack_publicize_connections":[],"jetpack_featured_media_url":"https:\/\/i0.wp.com\/www.tvturk.com\/wp-content\/uploads\/2019\/10\/vali-kaymak-guclu-olmak-ve-cok-uretmek-zorundayiz_07221af.jpg?fit=1000%2C666","jetpack_sharing_enabled":true,"jetpack_shortlink":"https:\/\/wp.me\/paKIfm-TtM","_links":{"self":[{"href":"http:\/\/www.tvturk.com\/index.php\/wp-json\/wp\/v2\/posts\/213266","targetHints":{"allow":["GET"]}}],"collection":[{"href":"http:\/\/www.tvturk.com\/index.php\/wp-json\/wp\/v2\/posts"}],"about":[{"href":"http:\/\/www.tvturk.com\/index.php\/wp-json\/wp\/v2\/types\/post"}],"author":[{"embeddable":true,"href":"http:\/\/www.tvturk.com\/index.php\/wp-json\/wp\/v2\/users\/1"}],"replies":[{"embeddable":true,"href":"http:\/\/www.tvturk.com\/index.php\/wp-json\/wp\/v2\/comments?post=213266"}],"version-history":[{"count":0,"href":"http:\/\/www.tvturk.com\/index.php\/wp-json\/wp\/v2\/posts\/213266\/revisions"}],"wp:featuredmedia":[{"embeddable":true,"href":"http:\/\/www.tvturk.com\/index.php\/wp-json\/wp\/v2\/media\/213267"}],"wp:attachment":[{"href":"http:\/\/www.tvturk.com\/index.php\/wp-json\/wp\/v2\/media?parent=213266"}],"wp:term":[{"taxonomy":"category","embeddable":true,"href":"http:\/\/www.tvturk.com\/index.php\/wp-json\/wp\/v2\/categories?post=213266"},{"taxonomy":"post_tag","embeddable":true,"href":"http:\/\/www.tvturk.com\/index.php\/wp-json\/wp\/v2\/tags?post=213266"}],"curies":[{"name":"wp","href":"https:\/\/api.w.org\/{rel}","templated":true}]}}