{"id":213376,"date":"2019-10-09T17:32:06","date_gmt":"2019-10-09T14:32:06","guid":{"rendered":"http:\/\/www.tvturk.com\/index.php\/turk-egitim-sen-genel-baskani-geylan-82-milyonun-yuregi-kahraman-mehmetcigimiz-icin-carpmaktadir\/"},"modified":"2019-10-09T17:32:06","modified_gmt":"2019-10-09T14:32:06","slug":"turk-egitim-sen-genel-baskani-geylan-82-milyonun-yuregi-kahraman-mehmetcigimiz-icin-carpmaktadir","status":"publish","type":"post","link":"http:\/\/www.tvturk.com\/index.php\/turk-egitim-sen-genel-baskani-geylan-82-milyonun-yuregi-kahraman-mehmetcigimiz-icin-carpmaktadir\/","title":{"rendered":"T\u00fcrk E\u011fitim Sen Genel Ba\u015fkan\u0131 Geylan: &#8220;82 milyonun y\u00fcre\u011fi kahraman Mehmet\u00e7i\u011fimiz i\u00e7in \u00e7arpmaktad\u0131r&#8221;"},"content":{"rendered":"<p>T\u00fcrk E\u011fitim Sen Genel Ba\u015fkan\u0131 Talip Geylan, Bar\u0131\u015f P\u0131nar\u0131 Harekat\u0131\u2019nda amas\u0131z ve fakats\u0131z, \u015f\u00fcphesiz ve teredd\u00fcts\u00fcz devletin yan\u0131nda olduklar\u0131n\u0131 belirterek, &#8220;82 milyonun y\u00fcre\u011fi, kahraman Mehmet\u00e7i\u011fimiz i\u00e7in \u00e7arpmaktad\u0131r&#8221; dedi.<\/p>\n<p>T\u00fcrk E\u011fitim Sen Genel Ba\u015fkan\u0131 Talip Geylan, T\u00fcrk ordusunun F\u0131rat\u2019\u0131n do\u011fusuna d\u00fczenledi\u011fi \u2019Bar\u0131\u015f P\u0131nar\u0131 Harekat\u0131\u2019yla ilgili a\u00e7\u0131klama yapt\u0131. T\u00fcrk E\u011fitim Sen\u2019in devletin yan\u0131nda oldu\u011funu vurgulayan Geylan, \u201cT\u00fcrk devletinin bekas\u0131na, T\u00fcrk milletinin selametine kasteden b\u00f6l\u00fcc\u00fc ter\u00f6r\u00fcn k\u00f6k\u00fc kaz\u0131nacak. Rabbim T\u00fcrk Silahl\u0131 Kuvvetlerimizin yard\u0131mc\u0131s\u0131 olsun. 82 milyonun y\u00fcre\u011fi kahraman Mehmet\u00e7i\u011fimiz i\u00e7in \u00e7arpmaktad\u0131r. D\u00fcn F\u0131rat Kalkan\u0131 Harekat\u0131\u2019nda ve Zeytindal\u0131 Harekat\u0131\u2019nda oldu\u011fu gibi Bar\u0131\u015f P\u0131nar\u0131 Harekat\u0131\u2019nda da amas\u0131z ve fakats\u0131z, \u015f\u00fcphesiz ve teredd\u00fcts\u00fcz devletimizin yan\u0131nday\u0131z. Rabbim askerimize kudret versin. Rabbim Mehmet\u00e7i\u011fimizi esirgesin. \u0130hanet yok olacak. Devlet ya\u015fayacak&#8221; dedi.<\/p>\n","protected":false},"excerpt":{"rendered":"<p>T\u00dcRK E\u011e\u0130T\u0130M SEN GENEL BA\u015eKANI TAL\u0130P GEYLAN, &#8220;BARI\u015e PINARI HAREKATI\u2019NDA DA AMASIZ VE FAKATSIZ, \u015e\u00dcPHES\u0130Z VE TEREDD\u00dcTS\u00dcZ DEVLET\u0130M\u0130Z\u0130N YANINDAYIZ&#8221; DED\u0130.<\/p>\n","protected":false},"author":1,"featured_media":213377,"comment_status":"closed","ping_status":"open","sticky":false,"template":"","format":"standard","meta":{"jetpack_post_was_ever_published":false,"_jetpack_newsletter_access":"","_jetpack_dont_email_post_to_subs":false,"_jetpack_newsletter_tier_id":0,"_jetpack_memberships_contains_paywalled_content":false,"_jetpack_memberships_contains_paid_content":false,"footnotes":"","jetpack_publicize_message":"","jetpack_publicize_feature_enabled":true,"jetpack_social_post_already_shared":true,"jetpack_social_options":{"image_generator_settings":{"template":"highway","default_image_id":0,"font":"","enabled":false},"version":2}},"categories":[1],"tags":[7388,22818,216,53954,398,869,18787,44,4667,53953,53952,957,21163],"class_list":["post-213376","post","type-post","status-publish","format-standard","has-post-thumbnail","hentry","category-genel","tag-sen","tag-22818","tag-baskani","tag-carpmaktadir","tag-egitim","tag-genel","tag-geylan","tag-icin","tag-kahraman","tag-mehmetcigimiz","tag-milyonun","tag-turk","tag-yuregi"],"jetpack_publicize_connections":[],"jetpack_featured_media_url":"https:\/\/i0.wp.com\/www.tvturk.com\/wp-content\/uploads\/2019\/10\/turk-egitim-sen-genel-baskani-geylan-82-milyonun-yuregi-kahraman-mehmetcigimiz-icin-carpmaktadir_bfa379f.jpg?fit=640%2C360","jetpack_sharing_enabled":true,"jetpack_shortlink":"https:\/\/wp.me\/paKIfm-Tvy","_links":{"self":[{"href":"http:\/\/www.tvturk.com\/index.php\/wp-json\/wp\/v2\/posts\/213376","targetHints":{"allow":["GET"]}}],"collection":[{"href":"http:\/\/www.tvturk.com\/index.php\/wp-json\/wp\/v2\/posts"}],"about":[{"href":"http:\/\/www.tvturk.com\/index.php\/wp-json\/wp\/v2\/types\/post"}],"author":[{"embeddable":true,"href":"http:\/\/www.tvturk.com\/index.php\/wp-json\/wp\/v2\/users\/1"}],"replies":[{"embeddable":true,"href":"http:\/\/www.tvturk.com\/index.php\/wp-json\/wp\/v2\/comments?post=213376"}],"version-history":[{"count":0,"href":"http:\/\/www.tvturk.com\/index.php\/wp-json\/wp\/v2\/posts\/213376\/revisions"}],"wp:featuredmedia":[{"embeddable":true,"href":"http:\/\/www.tvturk.com\/index.php\/wp-json\/wp\/v2\/media\/213377"}],"wp:attachment":[{"href":"http:\/\/www.tvturk.com\/index.php\/wp-json\/wp\/v2\/media?parent=213376"}],"wp:term":[{"taxonomy":"category","embeddable":true,"href":"http:\/\/www.tvturk.com\/index.php\/wp-json\/wp\/v2\/categories?post=213376"},{"taxonomy":"post_tag","embeddable":true,"href":"http:\/\/www.tvturk.com\/index.php\/wp-json\/wp\/v2\/tags?post=213376"}],"curies":[{"name":"wp","href":"https:\/\/api.w.org\/{rel}","templated":true}]}}