{"id":213478,"date":"2019-10-10T00:16:38","date_gmt":"2019-10-09T21:16:38","guid":{"rendered":"http:\/\/www.tvturk.com\/index.php\/gara-tren-ve-elektrikli-otofaytonlar-dunyanin-22-ulkesinin-sokaklarinda-geziyor\/"},"modified":"2019-10-10T00:16:38","modified_gmt":"2019-10-09T21:16:38","slug":"gara-tren-ve-elektrikli-otofaytonlar-dunyanin-22-ulkesinin-sokaklarinda-geziyor","status":"publish","type":"post","link":"http:\/\/www.tvturk.com\/index.php\/gara-tren-ve-elektrikli-otofaytonlar-dunyanin-22-ulkesinin-sokaklarinda-geziyor\/","title":{"rendered":"Gara Tren ve elektrikli otofaytonlar d\u00fcnyan\u0131n 22 \u00fclkesinin sokaklar\u0131nda geziyor"},"content":{"rendered":"<p>Denizli\u2019de bir imalathanede \u00fcretilen elektrikli mini tren, tramvay ve faytonlar d\u00fcnyan\u0131n 22 farkl\u0131 \u00fclkesine ihra\u00e7 ediliyor. Y\u00fczde 95\u2019i yerli \u00fcretim olan \u00fcr\u00fcnler aras\u0131nda en dikkat \u00e7ekici olan ise \u00fcnl\u00fc Taksim Tramvay\u0131n\u0131n \u2018Gara Tren\u2019 isimli minik \u00fcretimi ile at sesi efekti ve \u00e7ald\u0131\u011f\u0131 m\u00fczikle ile kullan\u0131c\u0131lar\u0131n\u0131 adeta nostaljik bir yolculu\u011fa \u00e7\u0131karan faytonlar.<\/p>\n<p>Denizli\u2019nin Merkezefendi il\u00e7esinde bulunan 2. K\u00fc\u00e7\u00fck Sanayi Sitesi\u2019nde ki bir at\u00f6lyede imalat\u0131ndan, montaj\u0131na kadar \u00fcretilen elektrikli mini tramvay, otofayton, itfaiye, otob\u00fcs, h\u0131zl\u0131 tren i\u00e7 piyasa ile birlikte d\u00fcnyan\u0131n 22 \u00fclkesine ihra\u00e7 ediliyor. Mini ara\u00e7lar\u0131n \u00fcretiminde a\u011f\u0131rl\u0131kl\u0131 olarak kontrplaktan kullan\u0131lmas\u0131 ve \u00f6zellikle \u00e7ocuklar i\u00e7in zarars\u0131z olmas\u0131ndan dolay\u0131 T\u00fcrkiye ile birlikte ihra\u00e7 edilen \u00fclkeler taraf\u0131ndan tercih edilmesinin nedenleri aras\u0131nda.<\/p>\n<p>At\u00f6lyede \u00fcretilen ve \u00e7o\u011funlukla al\u0131\u015fveri\u015f merkezleri ile lunaparklarda kullan\u0131lan tarihi lokomotif g\u00f6r\u00fcn\u00fcml\u00fc elektrikli trenler \u00e7ald\u0131\u011f\u0131 d\u00fcd\u00fc\u011f\u00fc ve bacas\u0131ndan t\u00fcten buhar\u0131 ile dikkat \u00e7ekiyor. Tren rengarenk vagonlar\u0131 ile binenleri e\u011flenceli bir yolcu\u011fu \u00e7\u0131kar\u0131yor.<\/p>\n<p>At\u00f6lyenin g\u00f6zdesi faytonlar ve Gara Tren ad\u0131 verilen tramvay<\/p>\n<p>Tasar\u0131m\u0131, at ki\u015fnemesi ve nal sesi ile birlikte \u00e7ald\u0131\u011f\u0131 \u015fark\u0131lar\u0131 ile kullan\u0131c\u0131lar\u0131n\u0131 adeta nostaljik bir yolculu\u011fa \u00e7\u0131karan elektrikli otofaytonlar da d\u00fcnyan\u0131n \u00e7e\u015fitli \u00fclkelerinde yollarda dola\u015f\u0131yor. \u015eark\u0131lara ve filmlere konu olan \u00fcnl\u00fc Taksim Tramvay\u0131n\u0131n elektrikli mini hali ise g\u00f6renleri adeta mest ediyor. Gara Tren ad\u0131 ile \u00fcretilen tramvay T\u00fcrkiye ile birlikte yine d\u00fcnyan\u0131n 22 farkl\u0131 \u00fclkesinde nostalji merak\u0131 ve tutkunlar\u0131n\u0131n g\u00f6zdesi konumunda.<\/p>\n<p>1 ayda bir ara\u00e7 yap\u0131l\u0131yor<\/p>\n<p>At\u00f6lyede \u00fcretilen \u00fcr\u00fcnlerin insan sa\u011fl\u0131\u011f\u0131 ve \u00e7evreye tamamen zarars\u0131z oldu\u011funu ifade eden i\u015fletme sahibi Tahir \u00d6zt\u00fcrk, 80\u2019li y\u0131llarda kurduklar\u0131 i\u015fletmelerinde 2010 y\u0131l\u0131ndan bu yana bu ara\u00e7lar\u0131 \u00fcrettiklerini kaydetti. \u00d6zt\u00fcrk, mini ara\u00e7lar\u0131n \u00fcretiminde kontrplak kullan\u0131ld\u0131\u011f\u0131n\u0131 ve \u00e7ocuklara zarar vermeyecek \u015fekilde olan boya kullan\u0131ld\u0131\u011f\u0131n\u0131 belirtti. \u00d6zt\u00fcrk ayr\u0131ca su ve d\u0131\u015f etkenlerden ara\u00e7lar\u0131n etkilenmemesi i\u00e7in d\u0131\u015f\u0131n\u0131 laminatla kaplad\u0131klar\u0131n\u0131 ve tamamen el i\u015f\u00e7ili\u011fiyle yaparak ortalama bir \u00fcr\u00fcn\u00fcn 1 ayda tamamland\u0131\u011f\u0131n\u0131 ifade etti.<\/p>\n<p>\u201cBu ay itibari ile ihracat yapt\u0131\u011f\u0131m\u0131z \u00fclke say\u0131s\u0131n\u0131 22\u2019ye \u00e7\u0131kard\u0131k\u201d<\/p>\n<p>\u00d6zt\u00fcrk, ilk \u00fcretimlerini Denizli\u2019ye yani i\u00e7 piyasaya yapt\u0131klar\u0131n\u0131 ard\u0131ndan d\u00fcnya piyasas\u0131na a\u00e7\u0131ld\u0131klar\u0131n\u0131 kaydederek, \u201c2010 y\u0131l\u0131ndan itibaren elektrikli ara\u00e7 imalat\u0131na ba\u015flad\u0131k. \u0130lk i\u015fimize Denizli Belediyesi sayesinde ba\u015flad\u0131k. Onlar\u0131n a\u00e7m\u0131\u015f oldu\u011fu bir elektrikli ara\u00e7 ihalesi ile bu i\u015fe girdik. Daha sonras\u0131nda, bir arkada\u015f\u0131mla yal\u00e7\u0131n ustayla tren imalat\u0131na devam ettik. Sonra yurt d\u0131\u015f\u0131ndan gelen sipari\u015flere g\u00f6re bu i\u015fe a\u011f\u0131rl\u0131k vermeye ba\u015flad\u0131k. \u015eu anda bu ay itibari ile 22 \u00fclkeyi buldu yapt\u0131\u011f\u0131m\u0131z ihracat, amac\u0131m\u0131z d\u00fcnyada bir marka olu\u015fmak \u2018Gara Tren\u2019 markas\u0131n\u0131 tan\u0131tmak ve buna da inan\u0131yoruz birka\u00e7 y\u0131l i\u00e7erisinde bu 22 \u00fclkeyi biz 30 \u00fclkeye \u00e7\u0131karmak, \u00e7\u00fcnk\u00fc ge\u00e7ti\u011fimiz 2 y\u0131l \u00f6nce 13 \u00fclkeye yapt\u0131\u011f\u0131m\u0131z ihracat bug\u00fcn itibari ile 22 \u00fclkeye \u00e7\u0131kt\u0131. Y\u0131lsonundaki hedefimiz in\u015fallah 25 \u00fclke ve ama\u00e7 t\u00fcm d\u00fcnyada \u00fcr\u00fcnlerimizi satmak ama tabi bunun i\u00e7inde birazda devletin deste\u011fi gerekiyor\u201d diye konu\u015ftu.<\/p>\n<p>\u201c100 \u00fclkeye ihracat yapmak istiyoruz\u201d<\/p>\n<p>Y\u00fczde 95 yerli \u00fcretim yapt\u0131klar\u0131n\u0131n ve \u00f6ncelikli ama\u00e7lar\u0131n\u0131n daha fazla \u00fclkeye ihracat yaprak \u00fclke ekonomisine daha fazla katma de\u011fer sa\u011flamak oldu\u011funu dile getiren \u00d6zt\u00fcrk a\u00e7\u0131klamalar\u0131na \u015f\u00f6yle devam etti:<\/p>\n<p>\u201cYurt d\u0131\u015f\u0131ndaki pazarlara a\u00e7\u0131lmam\u0131z gerekiyor. Bu da \u00e7ok maliyetli bir i\u015f bizim i\u00e7in, maliyet gerektiriyor. Destek olursa devletimiz 20 de\u011fil de belki 100 \u00fclkeye bu \u00fcr\u00fcnlerimizi satmak istiyoruz. Amac\u0131m\u0131z y\u00fcz \u00fclke. Yapt\u0131\u011f\u0131m\u0131z \u00fcr\u00fcnlerde y\u00fczde 95 yerlilik oran\u0131yla \u00e7al\u0131\u015f\u0131yoruz, sadece motorunu yurt d\u0131\u015f\u0131ndan getiriyoruz, di\u011fer aksamlar tamamen kendi tesislerimizde \u00fcretiyoruz. Yapt\u0131\u011f\u0131m\u0131z \u00fcr\u00fcnlerin kalitesi kan\u0131tlanm\u0131\u015f, \u015fimdiye kadar verdi\u011fimiz \u00fclkelerden geri d\u00f6n\u00fc\u015flerde iyi oldu. Herhangi bir s\u0131k\u0131nt\u0131 oldu\u011funda, m\u00fc\u015fteri direk bizimle irtibata ge\u00e7ip, sorununu \u00e7\u00f6zebiliyor. Onun d\u0131\u015f\u0131nda i\u015finin uzman\u0131 personel arkada\u015flar\u0131m\u0131zla \u00e7al\u0131\u015ft\u0131\u011f\u0131m\u0131z i\u00e7in kolay kolay s\u0131k\u0131nt\u0131 ya\u015fam\u0131yoruz \u00fcr\u00fcnlerimizde.\u201d<\/p>\n<p>At\u00f6lyede \u00fcretilen elektrikli mini ara\u00e7lar\u0131n test s\u00fcr\u00fc\u015f\u00fc i\u00e7in sanayi sitesinde gezmesi ise g\u00f6renleri mest ediyor. Vatanda\u015flar \u00f6zellikle oto fayton ve tramvay\u0131 hayran kalm\u0131\u015f bak\u0131\u015flarla izliyor.<\/p>\n","protected":false},"excerpt":{"rendered":"<p>DEN\u0130ZL\u0130\u2019DE B\u0130R \u0130MALATHANEDE \u00dcRET\u0130LEN ELEKTR\u0130KL\u0130 M\u0130N\u0130 TREN, TRAMVAY VE FAYTONLAR D\u00dcNYANIN 22 FARKLI \u00dcLKES\u0130NE \u0130HRA\u00c7 ED\u0130L\u0130YOR. Y\u00dcZDE 95\u2019\u0130 YERL\u0130 \u00dcRET\u0130M OLAN \u00dcR\u00dcNLER ARASINDA EN D\u0130KKAT \u00c7EK\u0130C\u0130 OLAN \u0130SE \u00dcNL\u00dc TAKS\u0130M TRAMVAYININ \u2018GARA TREN\u2019 \u0130S\u0130ML\u0130 M\u0130N\u0130K \u00dcRET\u0130M\u0130 \u0130LE AT SES\u0130 EFEKT\u0130 VE \u00c7ALDI\u011eI M\u00dcZ\u0130KLE \u0130LE KULLANICILARINI ADETA NOSTALJ\u0130K B\u0130R YOLCULU\u011eA \u00c7IKARAN FAYTONLAR.<\/p>\n","protected":false},"author":1,"featured_media":213479,"comment_status":"closed","ping_status":"open","sticky":false,"template":"","format":"standard","meta":{"jetpack_post_was_ever_published":false,"_jetpack_newsletter_access":"","_jetpack_dont_email_post_to_subs":false,"_jetpack_newsletter_tier_id":0,"_jetpack_memberships_contains_paywalled_content":false,"_jetpack_memberships_contains_paid_content":false,"footnotes":"","jetpack_publicize_message":"","jetpack_publicize_feature_enabled":true,"jetpack_social_post_already_shared":true,"jetpack_social_options":{"image_generator_settings":{"template":"highway","default_image_id":0,"font":"","enabled":false},"version":2}},"categories":[1],"tags":[1197,4104,53975,11773,53976,20775,5044,53977],"class_list":["post-213478","post","type-post","status-publish","format-standard","has-post-thumbnail","hentry","category-genel","tag-dunyanin","tag-elektrikli","tag-gara","tag-geziyor","tag-otofaytonlar","tag-sokaklarinda","tag-tren","tag-ulkesinin"],"jetpack_publicize_connections":[],"jetpack_featured_media_url":"https:\/\/i0.wp.com\/www.tvturk.com\/wp-content\/uploads\/2019\/10\/gara-tren-ve-elektrikli-otofaytonlar-dunyanin-22-ulkesinin-sokaklarinda-geziyor_70efcfa.jpg?fit=800%2C533","jetpack_sharing_enabled":true,"jetpack_shortlink":"https:\/\/wp.me\/paKIfm-Txc","_links":{"self":[{"href":"http:\/\/www.tvturk.com\/index.php\/wp-json\/wp\/v2\/posts\/213478","targetHints":{"allow":["GET"]}}],"collection":[{"href":"http:\/\/www.tvturk.com\/index.php\/wp-json\/wp\/v2\/posts"}],"about":[{"href":"http:\/\/www.tvturk.com\/index.php\/wp-json\/wp\/v2\/types\/post"}],"author":[{"embeddable":true,"href":"http:\/\/www.tvturk.com\/index.php\/wp-json\/wp\/v2\/users\/1"}],"replies":[{"embeddable":true,"href":"http:\/\/www.tvturk.com\/index.php\/wp-json\/wp\/v2\/comments?post=213478"}],"version-history":[{"count":0,"href":"http:\/\/www.tvturk.com\/index.php\/wp-json\/wp\/v2\/posts\/213478\/revisions"}],"wp:featuredmedia":[{"embeddable":true,"href":"http:\/\/www.tvturk.com\/index.php\/wp-json\/wp\/v2\/media\/213479"}],"wp:attachment":[{"href":"http:\/\/www.tvturk.com\/index.php\/wp-json\/wp\/v2\/media?parent=213478"}],"wp:term":[{"taxonomy":"category","embeddable":true,"href":"http:\/\/www.tvturk.com\/index.php\/wp-json\/wp\/v2\/categories?post=213478"},{"taxonomy":"post_tag","embeddable":true,"href":"http:\/\/www.tvturk.com\/index.php\/wp-json\/wp\/v2\/tags?post=213478"}],"curies":[{"name":"wp","href":"https:\/\/api.w.org\/{rel}","templated":true}]}}