{"id":21349,"date":"2019-02-11T13:12:50","date_gmt":"2019-02-11T10:12:50","guid":{"rendered":"http:\/\/www.tvturk.com\/index.php\/manavgatta-yasli-kadin-evinde-olu-bulundu\/"},"modified":"2019-02-11T13:12:51","modified_gmt":"2019-02-11T10:12:51","slug":"manavgatta-yasli-kadin-evinde-olu-bulundu","status":"publish","type":"post","link":"http:\/\/www.tvturk.com\/index.php\/manavgatta-yasli-kadin-evinde-olu-bulundu\/","title":{"rendered":"Manavgat\u2019ta ya\u015fl\u0131 kad\u0131n evinde \u00f6l\u00fc bulundu"},"content":{"rendered":"<p>Antalya\u2019n\u0131n Manavgat il\u00e7esinde o\u011fluyla birlikte ya\u015fayan ya\u015fl\u0131 kad\u0131n, evinde \u00f6l\u00fc bulundu.<\/p>\n<p>Olay, Ayd\u0131nevler Mahallesi 5502 sokakta bir evde meydana geldi. Edinilen bilgiye g\u00f6re o\u011flu ile birlikte ya\u015fayan ve sabah o\u011flu i\u015fe gidince bak\u0131c\u0131s\u0131yla kalan Nebahat Bas\u0131\u00e7 (84), yata\u011f\u0131nda \u00f6l\u00fc bulundu.<\/p>\n<p>Olay, bak\u0131c\u0131n\u0131n ya\u015fl\u0131 kad\u0131n\u0131 uyand\u0131rmak istemesi, uyanmay\u0131nca 112 sa\u011fl\u0131k ekibine haber vermesi \u00fczerine ortaya \u00e7\u0131kt\u0131. Ya\u015fl\u0131 kad\u0131n\u0131 kontrol eden ve \u00f6lm\u00fc\u015f oldu\u011funu belirleyen sa\u011fl\u0131k ekibi, durumu g\u00fcvenlik g\u00fc\u00e7lerine bildirdi. Olay yerine gelen Manavgat Emniyet M\u00fcd\u00fcrl\u00fc\u011f\u00fc Asayi\u015f ve Olay Yeri \u0130nceleme ekipleri gerekli incelemelerin ard\u0131ndan cumhuriyet savc\u0131s\u0131na bilgi verdi. Cumhuriyet savc\u0131s\u0131 taraf\u0131ndan yap\u0131lan gerekli incelemede Nebahat Bas\u0131c\u2019\u0131n tansiyon ve \u015feker hastas\u0131 oldu\u011fu belirlendi.<div class=\"tiled-gallery type-rectangular tiled-gallery-unresized\" data-original-width=\"500\" data-carousel-extra='null' itemscope itemtype=\"http:\/\/schema.org\/ImageGallery\" > <div class=\"gallery-row\" style=\"width: 500px; height: 649px;\" data-original-width=\"500\" data-original-height=\"649\" > <div class=\"gallery-group images-1\" style=\"width: 500px; height: 649px;\" data-original-width=\"500\" data-original-height=\"649\" > <div class=\"tiled-gallery-item tiled-gallery-item-large\" itemprop=\"associatedMedia\" itemscope itemtype=\"http:\/\/schema.org\/ImageObject\"> <a href=\"http:\/\/www.tvturk.com\/index.php\/manavgatta-yasli-kadin-evinde-olu-bulundu\/manavgatta-yasli-kadin-evinde-olu-bulundu-3\/\" border=\"0\" itemprop=\"url\"> <meta itemprop=\"width\" content=\"496\"> <meta itemprop=\"height\" content=\"645\"> <img decoding=\"async\" class=\"\" data-attachment-id=\"21351\" data-orig-file=\"http:\/\/www.tvturk.com\/wp-content\/uploads\/2019\/02\/manavgatta-yasli-kadin-evinde-olu-bulundu_f544c73.jpg\" data-orig-size=\"259,337\" data-comments-opened=\"\" data-image-meta=\"{&quot;aperture&quot;:&quot;0&quot;,&quot;credit&quot;:&quot;IHA&quot;,&quot;camera&quot;:&quot;&quot;,&quot;caption&quot;:&quot;MANAVGAT \\u0130L\\u00c7ES\\u0130NDE O\\u011eLU VE \\u0130LE B\\u0130RL\\u0130KTE YA\\u015eAYAN VE SABAH O\\u011eLU \\u0130\\u015eE G\\u0130D\\u0130NCE BAKICISIYLA KALAN NEBAHAT BASI\\u00c7 (84) \\u0130S\\u0130ML\\u0130 YA\\u015eLI KADIN YATA\\u011eINDA \\u00d6L\\u00dc BULUNDU. (\\u0130HA\\\/ANTALYA-\\u0130HA)&quot;,&quot;created_timestamp&quot;:&quot;1549879230&quot;,&quot;copyright&quot;:&quot;\\u0130HLAS HABER AJANSI, www.iha.com.tr&quot;,&quot;focal_length&quot;:&quot;0&quot;,&quot;iso&quot;:&quot;0&quot;,&quot;shutter_speed&quot;:&quot;0&quot;,&quot;title&quot;:&quot;MANAVGAT\\u2019TA YA\\u015eLI KADIN EV\\u0130NDE \\u00d6L\\u00dc BULUNDU&quot;,&quot;orientation&quot;:&quot;0&quot;}\" data-image-title=\"Manavgat\u2019ta ya\u015fl\u0131 kad\u0131n evinde \u00f6l\u00fc bulundu\" data-image-description=\"&lt;p&gt;Manavgat\u2019ta ya\u015fl\u0131 kad\u0131n evinde \u00f6l\u00fc bulundu&lt;\/p&gt; \" data-medium-file=\"https:\/\/i0.wp.com\/www.tvturk.com\/wp-content\/uploads\/2019\/02\/manavgatta-yasli-kadin-evinde-olu-bulundu_f544c73.jpg?fit=231%2C300\" data-large-file=\"https:\/\/i0.wp.com\/www.tvturk.com\/wp-content\/uploads\/2019\/02\/manavgatta-yasli-kadin-evinde-olu-bulundu_f544c73.jpg?fit=259%2C337\" src=\"https:\/\/i0.wp.com\/www.tvturk.com\/wp-content\/uploads\/2019\/02\/manavgatta-yasli-kadin-evinde-olu-bulundu_f544c73.jpg?w=496&#038;h=645\" srcset=\"https:\/\/i0.wp.com\/www.tvturk.com\/wp-content\/uploads\/2019\/02\/manavgatta-yasli-kadin-evinde-olu-bulundu_f544c73.jpg?w=259 259w, https:\/\/i0.wp.com\/www.tvturk.com\/wp-content\/uploads\/2019\/02\/manavgatta-yasli-kadin-evinde-olu-bulundu_f544c73.jpg?resize=115%2C150 115w, https:\/\/i0.wp.com\/www.tvturk.com\/wp-content\/uploads\/2019\/02\/manavgatta-yasli-kadin-evinde-olu-bulundu_f544c73.jpg?resize=231%2C300 231w\" width=\"496\" height=\"645\" loading=\"lazy\" data-original-width=\"496\" data-original-height=\"645\" itemprop=\"http:\/\/schema.org\/image\" title=\"Manavgat\u2019ta ya\u015fl\u0131 kad\u0131n evinde \u00f6l\u00fc bulundu\" alt=\"Manavgat\u2019ta ya\u015fl\u0131 kad\u0131n evinde \u00f6l\u00fc bulundu\" style=\"width: 496px; height: 645px;\" \/> <\/a> <\/div> <\/div> <!-- close group --> <\/div> <!-- close row --> <\/div><\/p>\n","protected":false},"excerpt":{"rendered":"<p>MANAVGAT \u0130L\u00c7ES\u0130NDE O\u011eLU VE \u0130LE B\u0130RL\u0130KTE YA\u015eAYAN VE  SABAH O\u011eLU \u0130\u015eE G\u0130D\u0130NCE BAKICISIYLA KALAN NEBAHAT BASI\u00c7 (84) \u0130S\u0130ML\u0130 YA\u015eLI KADIN YATA\u011eINDA \u00d6L\u00dc BULUNDU.<\/p>\n","protected":false},"author":1,"featured_media":21350,"comment_status":"closed","ping_status":"open","sticky":false,"template":"","format":"standard","meta":{"jetpack_post_was_ever_published":false,"_jetpack_newsletter_access":"","_jetpack_dont_email_post_to_subs":false,"_jetpack_newsletter_tier_id":0,"_jetpack_memberships_contains_paywalled_content":false,"_jetpack_memberships_contains_paid_content":false,"footnotes":"","jetpack_publicize_message":"","jetpack_publicize_feature_enabled":true,"jetpack_social_post_already_shared":false,"jetpack_social_options":{"image_generator_settings":{"template":"highway","default_image_id":0,"font":"","enabled":false},"version":2}},"categories":[655],"tags":[204,1595,108,4150,1664,1051],"class_list":["post-21349","post","type-post","status-publish","format-standard","has-post-thumbnail","hentry","category-son-dakika","tag-bulundu","tag-evinde","tag-kadin","tag-manavgatta","tag-olu","tag-yasli"],"jetpack_publicize_connections":[],"jetpack_featured_media_url":"https:\/\/i0.wp.com\/www.tvturk.com\/wp-content\/uploads\/2019\/02\/manavgatta-yasli-kadin-evinde-olu-bulundu_e3a5f46.jpg?fit=1000%2C562","jetpack_sharing_enabled":true,"jetpack_shortlink":"https:\/\/wp.me\/paKIfm-5yl","_links":{"self":[{"href":"http:\/\/www.tvturk.com\/index.php\/wp-json\/wp\/v2\/posts\/21349","targetHints":{"allow":["GET"]}}],"collection":[{"href":"http:\/\/www.tvturk.com\/index.php\/wp-json\/wp\/v2\/posts"}],"about":[{"href":"http:\/\/www.tvturk.com\/index.php\/wp-json\/wp\/v2\/types\/post"}],"author":[{"embeddable":true,"href":"http:\/\/www.tvturk.com\/index.php\/wp-json\/wp\/v2\/users\/1"}],"replies":[{"embeddable":true,"href":"http:\/\/www.tvturk.com\/index.php\/wp-json\/wp\/v2\/comments?post=21349"}],"version-history":[{"count":1,"href":"http:\/\/www.tvturk.com\/index.php\/wp-json\/wp\/v2\/posts\/21349\/revisions"}],"predecessor-version":[{"id":21352,"href":"http:\/\/www.tvturk.com\/index.php\/wp-json\/wp\/v2\/posts\/21349\/revisions\/21352"}],"wp:featuredmedia":[{"embeddable":true,"href":"http:\/\/www.tvturk.com\/index.php\/wp-json\/wp\/v2\/media\/21350"}],"wp:attachment":[{"href":"http:\/\/www.tvturk.com\/index.php\/wp-json\/wp\/v2\/media?parent=21349"}],"wp:term":[{"taxonomy":"category","embeddable":true,"href":"http:\/\/www.tvturk.com\/index.php\/wp-json\/wp\/v2\/categories?post=21349"},{"taxonomy":"post_tag","embeddable":true,"href":"http:\/\/www.tvturk.com\/index.php\/wp-json\/wp\/v2\/tags?post=21349"}],"curies":[{"name":"wp","href":"https:\/\/api.w.org\/{rel}","templated":true}]}}