{"id":213552,"date":"2019-10-10T11:01:53","date_gmt":"2019-10-10T08:01:53","guid":{"rendered":"http:\/\/www.tvturk.com\/index.php\/dunyanin-en-kaliteli-ari-sutu-orduda\/"},"modified":"2019-10-10T11:01:53","modified_gmt":"2019-10-10T08:01:53","slug":"dunyanin-en-kaliteli-ari-sutu-orduda","status":"publish","type":"post","link":"http:\/\/www.tvturk.com\/index.php\/dunyanin-en-kaliteli-ari-sutu-orduda\/","title":{"rendered":"D\u00fcnyan\u0131n en kaliteli \u2019ar\u0131 s\u00fct\u00fc\u2019 Ordu\u2019da"},"content":{"rendered":"<p>Ordu\u2019da aile b\u00fct\u00e7esine katk\u0131da bulunmak i\u00e7in ar\u0131 s\u00fct\u00fc \u00fcretimi ger\u00e7ekle\u015ftiren kad\u0131n \u00e7ift\u00e7iler zoru ba\u015fard\u0131. Kad\u0131n \u00e7ift\u00e7iler, temel kalite parametresi en az 1,4 de\u011fere sahip olan ar\u0131 s\u00fct\u00fcnde b\u00fcy\u00fck bir ba\u015far\u0131 elde ederek temel kalite parametresi 2,1 olan d\u00fcnyan\u0131n en kaliteli ar\u0131 s\u00fct\u00fc \u00fcretimini ger\u00e7ekle\u015ftirdiler.<\/p>\n<p>D\u00fcnyan\u0131n en pahal\u0131 s\u00fctleri aras\u0131nda yer alan ar\u0131 s\u00fct\u00fc \u00fcretimini te\u015fvik etmek amac\u0131yla Ordu B\u00fcy\u00fck\u015fehir Belediyesi ile Ar\u0131c\u0131l\u0131k Ara\u015ft\u0131rma Enstit\u00fcs\u00fc M\u00fcd\u00fcrl\u00fc\u011f\u00fc taraf\u0131ndan May\u0131s ay\u0131nda \u2018\u00d6nder Kad\u0131n \u00c7ift\u00e7iler Yeti\u015ftirmeye Y\u00f6nelik Ar\u0131 S\u00fct\u00fc E\u011fitimi Projesi\u2019 ba\u015flat\u0131ld\u0131. Proje kapsam\u0131nda ar\u0131 s\u00fct\u00fc \u00fcretimi ile ilgili e\u011fitim alan kad\u0131n \u00e7ift\u00e7iler, e\u011fitim sonras\u0131 kilosu kalitesine g\u00f6re 5-7 bin lira aras\u0131nda de\u011fi\u015fen ar\u0131 s\u00fct\u00fc \u00fcretmek i\u00e7in de\u011fi\u015fik il\u00e7elerde \u00e7al\u0131\u015fmaya ba\u015flad\u0131lar.<\/p>\n<p>D\u00fcnyan\u0131n en kaliteli ar\u0131 s\u00fct\u00fc Ordu\u2019da<\/p>\n<p>Yakla\u015f\u0131k 5 ayl\u0131k s\u00fcre zarf\u0131nda \u00e7al\u0131\u015fmalar\u0131n\u0131 s\u00fcrd\u00fcren kad\u0131n \u00e7ift\u00e7iler, yap\u0131lan analizler sonucunda ar\u0131 s\u00fct\u00fcn\u00fcn fiyat\u0131n\u0131n belirlenmesinde temel kalite parametresi olan ve en az 1,4 de\u011fere sahip olmas\u0131 gereken ar\u0131 s\u00fct\u00fcnde m\u00fcthi\u015f bir ba\u015far\u0131ya imza att\u0131lar. Yap\u0131lan \u00f6l\u00e7\u00fcmlerde \u00e7ift\u00e7ilerin \u00fcretti\u011fi ar\u0131 s\u00fct\u00fc temel kalite parametresi 2,1 olarak belirlendi.<\/p>\n<p>Kad\u0131n \u00e7ift\u00e7ileri a\u011f\u0131rlayan Ordu B\u00fcy\u00fck\u015fehir Belediye Ba\u015fkan\u0131 Mehmet Hilmi G\u00fcler, kad\u0131n \u00e7ift\u00e7ilerin ar\u0131 s\u00fct\u00fcyle t\u00fcm d\u00fcnyaya \u00f6rnek olacak bir \u00e7al\u0131\u015fma ortaya koyduklar\u0131n\u0131 ifade etti. G\u00fcler, \u201cKad\u0131n \u00e7ift\u00e7ilerimiz b\u00fcy\u00fck bir ba\u015far\u0131ya imza att\u0131lar. Ar\u0131 s\u00fct\u00fcn\u00fcn temel kalite parametre de\u011feri 1,4 olmas\u0131 gerekirken, bizim ar\u0131 s\u00fct\u00fcn\u00fcn de\u011feri 2,1 olarak belirlendi. Yani bu harikulade bir de\u011fer. Dolay\u0131s\u0131yla biz bal \u00fcretiminin ard\u0131ndan ar\u0131 s\u00fct\u00fcnde de T\u00fcrkiye\u2019de ba\u015fa g\u00fcre\u015fiyoruz. Mademki T\u00fcrkiye \u00c7in\u2019den sonra balda d\u00fcnya ikincisi, Ordu ise madem T\u00fcrkiye birincisi, bize de katma de\u011feri en y\u00fcksek \u00fcr\u00fcn yapmak yara\u015f\u0131r. Bizde B\u00fcy\u00fck\u015fehir Belediyesi olarak destekliyoruz. \u015eu anda 2,1 de\u011feriyle \u00e7ok y\u00fcksek bir ar\u0131 s\u00fct\u00fc \u00fcretebilmenin mutlulu\u011fu i\u00e7indeyiz\u201d dedi.<\/p>\n<p>G\u00fcler, \u015f\u00f6yle devam etti:<\/p>\n<p>\u201cT\u00fcrkiye \u00c7in\u2019den sonra bal \u00fcretiminde d\u00fcnya ikincisi, Ordu ise T\u00fcrkiye birincisi. Biz dedik ki, bu kadar bal \u00fcretiyoruz acaba katma de\u011feri y\u00fcksek di\u011fer \u00fcr\u00fcnlere girebilir miyiz? Bu noktada en k\u0131ymetli \u00fcr\u00fcnlerden birisi ar\u0131 s\u00fct\u00fc. Bu elimdeki bir ar\u0131 s\u00fct\u00fcn\u00fcn de\u011feri b\u00fcy\u00fck boy bir teneke bal\u0131n yar\u0131s\u0131 kadar. \u00c7ok k\u0131ymetli. T\u00fcrkiye, y\u0131lda 20 ton ar\u0131 s\u00fct\u00fc ihra\u00e7 ediyor. Biz ise yakla\u015f\u0131k 1 ton ar\u0131 s\u00fct\u00fc \u00fcretiyoruz. Bal \u00fcretiminde d\u00fcnya ikincisi oldu\u011fumuz halde 1 ton kadar \u00fcretiyoruz. Bu a\u00e7\u0131\u011f\u0131 kapataca\u011f\u0131z.\u201d<\/p>\n<p>Gram\u0131 700 lira, kilosu 7 bin lira<\/p>\n<p>\u0130nsan sa\u011fl\u0131\u011f\u0131na bir\u00e7ok y\u00f6nden olumlu etkisi olan ve d\u00fcnyan\u0131n en pahal\u0131 s\u00fctleri aras\u0131nda g\u00f6sterilen ar\u0131 s\u00fct\u00fcn\u00fcn 1 gram\u0131 7 lira, kilosu ise 7 bin liradan al\u0131c\u0131 buluyor. Ar\u0131 s\u00fct\u00fc \u00f6zellikle ba\u011f\u0131\u015f\u0131kl\u0131k sistemini d\u00fczenleyen, ayn\u0131 zamanda k\u00f6k h\u00fccrelere uyar\u0131c\u0131 etki yapan \u00f6zelli\u011fe sahip olan bir \u00fcr\u00fcn olarak biliniyor. V\u00fccut performans\u0131n\u0131 ve dayan\u0131kl\u0131l\u0131\u011f\u0131 art\u0131ran ar\u0131 s\u00fct\u00fc, ayn\u0131 zamanda ya\u015flanmay\u0131 geciktirici ve h\u00fccre yenilenmesi sa\u011flayan \u00f6zelli\u011fi ile dikkat \u00e7ekiyor.<\/p>\n","protected":false},"excerpt":{"rendered":"<p>ORDULU KADIN \u00c7\u0130FT\u00c7\u0130LER GRAMI 700 L\u0130RA, K\u0130LOSU 7 B\u0130N L\u0130RA OLAN ARI S\u00dcT\u00dc \u00dcRET\u0130M\u0130NDE M\u00dcTH\u0130\u015e B\u0130R BA\u015eARIYA \u0130MZA ATTI. KADIN \u00c7\u0130FT\u00c7\u0130LER D\u00dcNYADA TEMEL KAL\u0130TE PARAMETRES\u0130 EN AZ 1,4 DE\u011eERE SAH\u0130P OLAN ARI S\u00dcT\u00dcNDE B\u00dcY\u00dcK B\u0130R BA\u015eARI ELDE EDEREK TEMEL KAL\u0130TE PARAMETRES\u0130 2.1 OLAN ARI S\u00dcT\u00dc \u00dcRET\u0130M\u0130N\u0130 GER\u00c7EKLE\u015eT\u0130RD\u0130LER<\/p>\n","protected":false},"author":1,"featured_media":213553,"comment_status":"closed","ping_status":"open","sticky":false,"template":"","format":"standard","meta":{"jetpack_post_was_ever_published":false,"_jetpack_newsletter_access":"","_jetpack_dont_email_post_to_subs":false,"_jetpack_newsletter_tier_id":0,"_jetpack_memberships_contains_paywalled_content":false,"_jetpack_memberships_contains_paid_content":false,"footnotes":"","jetpack_publicize_message":"","jetpack_publicize_feature_enabled":true,"jetpack_social_post_already_shared":true,"jetpack_social_options":{"image_generator_settings":{"template":"highway","default_image_id":0,"font":"","enabled":false},"version":2}},"categories":[19],"tags":[3125,1197,11810,363,18396],"class_list":["post-213552","post","type-post","status-publish","format-standard","has-post-thumbnail","hentry","category-ekonomi","tag-ari","tag-dunyanin","tag-kaliteli","tag-orduda","tag-sutu"],"jetpack_publicize_connections":[],"jetpack_featured_media_url":"https:\/\/i0.wp.com\/www.tvturk.com\/wp-content\/uploads\/2019\/10\/dunyanin-en-kaliteli-ari-sutu-orduda_ff4ce4a.jpg?fit=1000%2C666","jetpack_sharing_enabled":true,"jetpack_shortlink":"https:\/\/wp.me\/paKIfm-Tyo","_links":{"self":[{"href":"http:\/\/www.tvturk.com\/index.php\/wp-json\/wp\/v2\/posts\/213552","targetHints":{"allow":["GET"]}}],"collection":[{"href":"http:\/\/www.tvturk.com\/index.php\/wp-json\/wp\/v2\/posts"}],"about":[{"href":"http:\/\/www.tvturk.com\/index.php\/wp-json\/wp\/v2\/types\/post"}],"author":[{"embeddable":true,"href":"http:\/\/www.tvturk.com\/index.php\/wp-json\/wp\/v2\/users\/1"}],"replies":[{"embeddable":true,"href":"http:\/\/www.tvturk.com\/index.php\/wp-json\/wp\/v2\/comments?post=213552"}],"version-history":[{"count":0,"href":"http:\/\/www.tvturk.com\/index.php\/wp-json\/wp\/v2\/posts\/213552\/revisions"}],"wp:featuredmedia":[{"embeddable":true,"href":"http:\/\/www.tvturk.com\/index.php\/wp-json\/wp\/v2\/media\/213553"}],"wp:attachment":[{"href":"http:\/\/www.tvturk.com\/index.php\/wp-json\/wp\/v2\/media?parent=213552"}],"wp:term":[{"taxonomy":"category","embeddable":true,"href":"http:\/\/www.tvturk.com\/index.php\/wp-json\/wp\/v2\/categories?post=213552"},{"taxonomy":"post_tag","embeddable":true,"href":"http:\/\/www.tvturk.com\/index.php\/wp-json\/wp\/v2\/tags?post=213552"}],"curies":[{"name":"wp","href":"https:\/\/api.w.org\/{rel}","templated":true}]}}