{"id":213744,"date":"2019-10-10T15:16:42","date_gmt":"2019-10-10T12:16:42","guid":{"rendered":"http:\/\/www.tvturk.com\/index.php\/roberto-bravodan-mucevher-fuarinda-venedik-temasi\/"},"modified":"2019-10-10T15:16:42","modified_gmt":"2019-10-10T12:16:42","slug":"roberto-bravodan-mucevher-fuarinda-venedik-temasi","status":"publish","type":"post","link":"http:\/\/www.tvturk.com\/index.php\/roberto-bravodan-mucevher-fuarinda-venedik-temasi\/","title":{"rendered":"Roberto Bravo\u2019dan, M\u00fccevher Fuar\u0131\u2019nda Venedik temas\u0131"},"content":{"rendered":"<p>M\u00fccevher sekt\u00f6r\u00fcn\u00fcn yenilik\u00e7i markas\u0131 Roberto Bravo, \u0130stanbul M\u00fccevher Fuar\u0131\u2019nda \u0130talya\u2019n\u0131n a\u015fk tazeleyen \u015fehri Venedik\u2019ten ilham al\u0131yor. Geni\u015f \u00fcr\u00fcn yelpazesi ve farkl\u0131 tasar\u0131mlar\u0131yla dikkat \u00e7eken Roberto Bravo, etkileyici koleksiyonlar\u0131n\u0131 49. \u0130stanbul Uluslararas\u0131 M\u00fccevherat, Saat &amp; Malzemeleri Fuar\u0131\u2019nda sergiliyor.<\/p>\n<p>Hikayelerinde do\u011fan\u0131n renklerinden ilham alan ve \u00f6zg\u00fcn tasar\u0131mlar\u0131yla T\u00fcrk m\u00fccevherat sekt\u00f6r\u00fcn\u00fcn yenilik\u00e7i markalar\u0131ndan olan Roberto Bravo, 10-13 Ekim 2019 tarihleri aras\u0131nda \u0130stanbul\u2019da ger\u00e7ekle\u015ftirilen, b\u00f6lgenin en b\u00fcy\u00fck M\u00fccevher Fuar\u0131\u2019nda yepyeni koleksiyonlar\u0131 ve Venedik konseptini i\u015fledi\u011fi stand\u0131 ile yerini al\u0131yor.<\/p>\n<p>Bu sene Venedik\u2019in San Marco Meydan\u0131\u2019nda hizmete a\u00e7t\u0131\u011f\u0131 iki katl\u0131 yeni ma\u011fazas\u0131 ile dikkat \u00e7eken Roberto Bravo, b\u00f6lgenin en b\u00fcy\u00fck fuar\u0131 olan \u0130stanbul Uluslararas\u0131 M\u00fccevherat, Saat &amp; Malzemeleri Fuar\u0131\u2019na Venedik konseptini ta\u015f\u0131yor.<\/p>\n<p>\u00dcr\u00fcnlerinde yenilik\u00e7i tasar\u0131mlar\u0131yla fark olu\u015fturan marka, yeni \u00fcr\u00fcnleri ve koleksiyonlar\u0131n\u0131n yan\u0131 s\u0131ra farkl\u0131 stant tasar\u0131m\u0131 ile de fuara renk kat\u0131yor.<\/p>\n<p>Venedik temal\u0131 m\u00fccevher stand\u0131<\/p>\n<p>Roberto Bravo, Do\u011fu Avrupa\u2019dan Yak\u0131n Do\u011fu\u2019ya, Rusya\u2019dan Kuzey Afrika\u2019ya, BDT \u00fclkelerinden Orta Do\u011fu\u2019ya t\u00fcm m\u00fccevher sekt\u00f6r\u00fc profesyonellerinin kat\u0131l\u0131m sa\u011flayaca\u011f\u0131 fuarda d\u00f6rt \u00f6zel koleksiyonu ve Venedik esintisini yans\u0131tt\u0131\u011f\u0131 stant tasar\u0131m\u0131 ile fuar\u0131n en dikkat \u00e7ekici isimlerinden biri oluyor. Stand\u0131n vitrininde \u00fcr\u00fcnlerin yan\u0131 s\u0131ra yine Venedik objelerine de yer veriyor. Stand\u0131n \u00f6zel kafe b\u00f6l\u00fcm\u00fcnde ise \u0130talya\u2019n\u0131n e\u015fsiz sokaklar\u0131ndan bir kesit yer al\u0131yor.<\/p>\n","protected":false},"excerpt":{"rendered":"<p>M\u00dcCEVHER SEKT\u00d6R\u00dcN\u00dcN YEN\u0130L\u0130K\u00c7\u0130 MARKASI ROBERTO BRAVO, \u0130STANBUL M\u00dcCEVHER FUARI\u2019NDA \u0130TALYA\u2019NIN A\u015eK TAZELEYEN \u015eEHR\u0130 VENED\u0130K\u2019TEN \u0130LHAM ALIYOR. GEN\u0130\u015e \u00dcR\u00dcN YELPAZES\u0130 VE FARKLI TASARIMLARIYLA D\u0130KKAT \u00c7EKEN ROBERTO BRAVO, ETK\u0130LEY\u0130C\u0130 KOLEKS\u0130YONLARINI 49. \u0130STANBUL ULUSLARARASI M\u00dcCEVHERAT, SAAT &amp; MALZEMELER\u0130 FUARI\u2019NDA SERG\u0130L\u0130YOR.<\/p>\n","protected":false},"author":1,"featured_media":213745,"comment_status":"closed","ping_status":"open","sticky":false,"template":"","format":"standard","meta":{"jetpack_post_was_ever_published":false,"_jetpack_newsletter_access":"","_jetpack_dont_email_post_to_subs":false,"_jetpack_newsletter_tier_id":0,"_jetpack_memberships_contains_paywalled_content":false,"_jetpack_memberships_contains_paid_content":false,"footnotes":"","jetpack_publicize_message":"","jetpack_publicize_feature_enabled":true,"jetpack_social_post_already_shared":true,"jetpack_social_options":{"image_generator_settings":{"template":"highway","default_image_id":0,"font":"","enabled":false},"version":2}},"categories":[19],"tags":[54039,3810,4836,31307,8969,49068],"class_list":["post-213744","post","type-post","status-publish","format-standard","has-post-thumbnail","hentry","category-ekonomi","tag-bravodan","tag-fuarinda","tag-mucevher","tag-roberto","tag-temasi","tag-venedik"],"jetpack_publicize_connections":[],"jetpack_featured_media_url":"https:\/\/i0.wp.com\/www.tvturk.com\/wp-content\/uploads\/2019\/10\/roberto-bravodan-mucevher-fuarinda-venedik-temasi_37780e9.jpg?fit=1000%2C666","jetpack_sharing_enabled":true,"jetpack_shortlink":"https:\/\/wp.me\/paKIfm-TBu","_links":{"self":[{"href":"http:\/\/www.tvturk.com\/index.php\/wp-json\/wp\/v2\/posts\/213744","targetHints":{"allow":["GET"]}}],"collection":[{"href":"http:\/\/www.tvturk.com\/index.php\/wp-json\/wp\/v2\/posts"}],"about":[{"href":"http:\/\/www.tvturk.com\/index.php\/wp-json\/wp\/v2\/types\/post"}],"author":[{"embeddable":true,"href":"http:\/\/www.tvturk.com\/index.php\/wp-json\/wp\/v2\/users\/1"}],"replies":[{"embeddable":true,"href":"http:\/\/www.tvturk.com\/index.php\/wp-json\/wp\/v2\/comments?post=213744"}],"version-history":[{"count":0,"href":"http:\/\/www.tvturk.com\/index.php\/wp-json\/wp\/v2\/posts\/213744\/revisions"}],"wp:featuredmedia":[{"embeddable":true,"href":"http:\/\/www.tvturk.com\/index.php\/wp-json\/wp\/v2\/media\/213745"}],"wp:attachment":[{"href":"http:\/\/www.tvturk.com\/index.php\/wp-json\/wp\/v2\/media?parent=213744"}],"wp:term":[{"taxonomy":"category","embeddable":true,"href":"http:\/\/www.tvturk.com\/index.php\/wp-json\/wp\/v2\/categories?post=213744"},{"taxonomy":"post_tag","embeddable":true,"href":"http:\/\/www.tvturk.com\/index.php\/wp-json\/wp\/v2\/tags?post=213744"}],"curies":[{"name":"wp","href":"https:\/\/api.w.org\/{rel}","templated":true}]}}