{"id":213818,"date":"2019-10-10T17:32:26","date_gmt":"2019-10-10T14:32:26","guid":{"rendered":"http:\/\/www.tvturk.com\/index.php\/vali-kaymak-tek-yumruk-olma-zamani\/"},"modified":"2019-10-10T17:32:26","modified_gmt":"2019-10-10T14:32:26","slug":"vali-kaymak-tek-yumruk-olma-zamani","status":"publish","type":"post","link":"http:\/\/www.tvturk.com\/index.php\/vali-kaymak-tek-yumruk-olma-zamani\/","title":{"rendered":"Vali Kaymak: \u201cTek yumruk olma zaman\u0131\u201d"},"content":{"rendered":"<p>Samsun Valisi Osman Kaymak, \u2019Bar\u0131\u015f P\u0131nar\u0131 Harekat\u0131\u2019n\u0131n t\u0131pk\u0131 F\u0131rat Kalkan\u0131 Harekat\u0131 gibi zorunlu bir harekat oldu\u011funu ifade ederek, \u201cTek yumruk olmam\u0131z laz\u0131m. Bu operasyon olmasayd\u0131 orada bir ter\u00f6r devleti kurulacakt\u0131. Operasyonlarla g\u00fcneyimizde kurulacak K\u00fcrt devletinin \u00f6n\u00fc al\u0131nm\u0131\u015f olacak\u201d dedi.<\/p>\n<p>Samsun Valisi Osman Kaymak, 19 May\u0131s\u2019\u0131n 100. Y\u0131l\u0131 etkinlikleri kapsam\u0131nda katk\u0131lar\u0131 bulunan bas\u0131n kurulu\u015flar\u0131na \u2018te\u015fekk\u00fcr belgesi\u2019 verdi. \u0130hlas Haber Ajans\u0131 (\u0130HA) Samsun B\u00f6lge M\u00fcd\u00fcrl\u00fc\u011f\u00fcn\u00fcn de aralar\u0131nda bulunda 51 bas\u0131n kurulu\u015funa verilen te\u015fekk\u00fcr belgesinin ard\u0131ndan konu\u015fan Vali Kaymak, \u201cAtat\u00fcrk\u2019\u00fcn Samsun\u2019a \u00e7\u0131karak Kurtulu\u015f Sava\u015f\u0131\u2019n\u0131 ba\u015flatmas\u0131n\u0131n 100. y\u0131l\u0131 etkinlikleri Samsun\u2019da ba\u015flam\u0131\u015ft\u0131. \u00c7ok g\u00f6rkemli bir t\u00f6reni ba\u015far\u0131l\u0131 bir \u015fekilde geride b\u0131rakt\u0131k. 100. y\u0131l etkinlikleri 2023 y\u0131l\u0131na kadar devam edecek. Bu \u00e7er\u00e7evede etkinlikte ilimize faydas\u0131 olan kurum ve kurulu\u015flar\u0131 \u00f6d\u00fcllendirmek istedik. Bu etkinlikleri iyi bir \u015fekilde tan\u0131tan ve katk\u0131 sa\u011flayanlara te\u015fekk\u00fcr belgesi verdik\u201d a\u00e7\u0131klamas\u0131nda bulundu.<\/p>\n<p>\u201cBu harekat olmasayd\u0131 orada bir ter\u00f6r devleti kurulacakt\u0131\u201d<\/p>\n<p>Ba\u015flat\u0131lan Bar\u0131\u015f P\u0131nar\u0131 Harekat\u0131 hakk\u0131nda a\u00e7\u0131klamalarda bulunan Vali Osman Kaymak, \u201cD\u00fcn kuzey Suriye\u2019ye F\u0131rat\u2019\u0131n do\u011fusuna operasyon ba\u015flat\u0131ld\u0131. Bar\u0131\u015f P\u0131nar\u0131 Harekat\u0131 son s\u00fcrat devam ediyor. B\u00fct\u00fcn g\u00fcvenlik g\u00fc\u00e7lerimize Allah\u2019tan kolayl\u0131klar diliyoruz. F\u0131rat Kalkan\u0131 operasyonunda da s\u00f6ylenmi\u015fti. Bu karara kar\u015f\u0131 \u00e7\u0131kanlar ya da tart\u0131\u015fanlar olabilir. Ama \u015f\u00f6yle bir devlet gelene\u011fi var: Karar verildikten sonra bitmi\u015ftir. Orada bizim, hepimizin evlatlar\u0131 oraya gidecek. M\u00fccadele ediyorlar, Allah korusun \u015fehit olabilirler, gittikten sonra tek yumruk olmas\u0131n\u0131 bilmek laz\u0131m. Samsun\u2019da b\u00f6yle bir endi\u015fem yok ama baz\u0131 insanlara da duyurmu\u015f olal\u0131m. Bu operasyon F\u0131rat Kalkan\u0131 gibi gerekli bir operasyon. Bu operasyon olmasayd\u0131 orada bir ter\u00f6r devleti kurulacakt\u0131\u201d diye konu\u015ftu.<\/p>\n<p>\u201cG\u00fcneyimizde kurulacak K\u00fcrt devletinin \u00f6n\u00fc al\u0131nm\u0131\u015f olacak\u201d<\/p>\n<p>Harekat ile birlikte K\u00fcrt devleti kurulmas\u0131 d\u00fc\u015f\u00fcncesinin m\u00fcmk\u00fcn olmayaca\u011f\u0131n\u0131 belirten Kaymak, \u015funlar\u0131 s\u00f6yledi:<\/p>\n<p>\u201cOperasyonun faydas\u0131 \u00e7ok. G\u00f6\u00e7menler g\u00f6nderilecek. Suriye\u2019nin toprak b\u00fct\u00fcnl\u00fc\u011f\u00fc bozulmayacak. Tunceli\u2019de de g\u00f6rev yapt\u0131m. PKK, K\u00fcrt devleti kurmak i\u00e7in talimat alm\u0131\u015f bir ta\u015feron \u00f6rg\u00fctt\u00fcr. Ama K\u00fcrtleri de kullan\u0131yor. K\u00fcrtler \u00fczerinden bu devleti kurmaya \u00e7al\u0131\u015f\u0131yor. Biz zaten 40 y\u0131ld\u0131r bu PKK belas\u0131yla u\u011fra\u015f\u0131yoruz. Tunceli\u2019de telsiz konu\u015fmalar\u0131na da \u015fahit oluyorduk. Ter\u00f6ristler teslim olmak istiyordu. Kandil\u2019den, \u2018dayan\u0131n, sona geldik, devlet kurmak \u00fczereyiz\u2019 talimat\u0131 geliyordu. Suriye\u2019de Esed\u2019in bo\u015faltt\u0131\u011f\u0131 yerlere de bunlar gelince kendilerine bir cesaret geldi. \u2018Dayan\u0131n. 40 y\u0131ll\u0131k m\u00fccadelenin sonuna geldik. Devlet kuraca\u011f\u0131z\u2019 diyorlard\u0131 ve adamlar\u0131 teslim olmaktan geri \u00e7ekiyorlard\u0131. O anlamda bug\u00fcn g\u00fcneyimizde kurulacak K\u00fcrt devletinin \u00f6n\u00fc al\u0131nm\u0131\u015f olacak. Bu anlamda bu operasyona t\u00fcm \u00fclkenin sahip \u00e7\u0131kmas\u0131 laz\u0131m. Bu vesile ile operasyondaki g\u00fcvenlik g\u00fc\u00e7lerimize ba\u015far\u0131lar diliyorum. Ayaklar\u0131na ta\u015f de\u011fmesin.\u201d<\/p>\n","protected":false},"excerpt":{"rendered":"<p>VAL\u0130 OSMAN KAYMAK. \u0130HLAS HABER AJANSI (\u0130HA) SAMSUN B\u00d6LGE M\u00dcD\u00dcR\u00dc SAL\u0130H KASIM&#8217;A TE\u015eEKK\u00dcR BELGES\u0130 VERD\u0130.<\/p>\n","protected":false},"author":1,"featured_media":213819,"comment_status":"closed","ping_status":"open","sticky":false,"template":"","format":"standard","meta":{"jetpack_post_was_ever_published":false,"_jetpack_newsletter_access":"","_jetpack_dont_email_post_to_subs":false,"_jetpack_newsletter_tier_id":0,"_jetpack_memberships_contains_paywalled_content":false,"_jetpack_memberships_contains_paid_content":false,"footnotes":"","jetpack_publicize_message":"","jetpack_publicize_feature_enabled":true,"jetpack_social_post_already_shared":true,"jetpack_social_options":{"image_generator_settings":{"template":"highway","default_image_id":0,"font":"","enabled":false},"version":2}},"categories":[1],"tags":[16392,6336,366,148,14933,3950],"class_list":["post-213818","post","type-post","status-publish","format-standard","has-post-thumbnail","hentry","category-genel","tag-kaymak","tag-olma","tag-tek","tag-vali","tag-yumruk","tag-zamani"],"jetpack_publicize_connections":[],"jetpack_featured_media_url":"https:\/\/i0.wp.com\/www.tvturk.com\/wp-content\/uploads\/2019\/10\/vali-kaymak-tek-yumruk-olma-zamani_6412b11.jpg?fit=1000%2C666","jetpack_sharing_enabled":true,"jetpack_shortlink":"https:\/\/wp.me\/paKIfm-TCG","_links":{"self":[{"href":"http:\/\/www.tvturk.com\/index.php\/wp-json\/wp\/v2\/posts\/213818","targetHints":{"allow":["GET"]}}],"collection":[{"href":"http:\/\/www.tvturk.com\/index.php\/wp-json\/wp\/v2\/posts"}],"about":[{"href":"http:\/\/www.tvturk.com\/index.php\/wp-json\/wp\/v2\/types\/post"}],"author":[{"embeddable":true,"href":"http:\/\/www.tvturk.com\/index.php\/wp-json\/wp\/v2\/users\/1"}],"replies":[{"embeddable":true,"href":"http:\/\/www.tvturk.com\/index.php\/wp-json\/wp\/v2\/comments?post=213818"}],"version-history":[{"count":0,"href":"http:\/\/www.tvturk.com\/index.php\/wp-json\/wp\/v2\/posts\/213818\/revisions"}],"wp:featuredmedia":[{"embeddable":true,"href":"http:\/\/www.tvturk.com\/index.php\/wp-json\/wp\/v2\/media\/213819"}],"wp:attachment":[{"href":"http:\/\/www.tvturk.com\/index.php\/wp-json\/wp\/v2\/media?parent=213818"}],"wp:term":[{"taxonomy":"category","embeddable":true,"href":"http:\/\/www.tvturk.com\/index.php\/wp-json\/wp\/v2\/categories?post=213818"},{"taxonomy":"post_tag","embeddable":true,"href":"http:\/\/www.tvturk.com\/index.php\/wp-json\/wp\/v2\/tags?post=213818"}],"curies":[{"name":"wp","href":"https:\/\/api.w.org\/{rel}","templated":true}]}}