{"id":21397,"date":"2019-02-11T13:27:52","date_gmt":"2019-02-11T10:27:52","guid":{"rendered":"http:\/\/www.tvturk.com\/index.php\/dspli-kusoglu-chp-istila-altinda\/"},"modified":"2019-02-11T13:27:52","modified_gmt":"2019-02-11T10:27:52","slug":"dspli-kusoglu-chp-istila-altinda","status":"publish","type":"post","link":"http:\/\/www.tvturk.com\/index.php\/dspli-kusoglu-chp-istila-altinda\/","title":{"rendered":"DSP\u2019li Ku\u015fo\u011flu: &#8220;CHP istila alt\u0131nda&#8221;"},"content":{"rendered":"<p>CHP\u2019den istifa edip DSP\u2019den Y\u0131ld\u0131r\u0131m Belediye Ba\u015fkan Aday\u0131 olan Bahattin Ku\u015fo\u011flu, CHP\u2019den ayr\u0131lma s\u00fcrecini anlatt\u0131. Ku\u015fo\u011flu, &#8220;CHP istila alt\u0131nda, erki elinde tutanlar, y\u00fcz\u00fcn\u00fcze \u015firin g\u00f6z\u00fckerek, tuzak kurma ve sinsi planlar\u0131n\u0131 hayata ge\u00e7irme \u00e7abas\u0131 i\u00e7indeler&#8221; dedi.<\/p>\n<p>D\u00fczenledi\u011fi bas\u0131n toplant\u0131s\u0131nda a\u00e7\u0131klamalarda bulunan Ku\u015fo\u011flu, \u201c\u00dcz\u00fclerek s\u00f6yl\u00fcyorum, ben Cumhuriyet Halk Partili bir ailenin \u00e7ocu\u011fuyum. O k\u00fclt\u00fcrle yo\u011fruldum. 13 ya\u015f\u0131nda ben nezareti g\u00f6rd\u00fcm. Bir s\u00fcr\u00fc i\u015flerde \u00e7al\u0131\u015ft\u0131m. Kamu sekt\u00f6r\u00fcnde Karayollar\u0131\u2019nda \u00e7al\u0131\u015ft\u0131m. Ben 36 y\u0131l\u0131m\u0131 Bursa B\u00fcy\u00fck\u015fehir Belediyesi\u2019nde ge\u00e7irdim. Hep mazlumun yan\u0131nda yer ald\u0131m. \u0130nsan odakl\u0131 \u00e7al\u0131\u015ft\u0131m. Haks\u0131zl\u0131\u011f\u0131n kar\u015f\u0131s\u0131nda direndim. Eme\u011fe sayg\u0131 duydum. CHP \u015femsiyesi alt\u0131nda belediye ba\u015fkan aday\u0131 oldum. Partimin i\u00e7erisinde ne kadar incitildi\u011fimi ben ya\u015fad\u0131m, ben biliyorum. \u0130ktidar partisinin en g\u00fc\u00e7l\u00fc oldu\u011fu b\u00f6lgede ben elimi ta\u015f\u0131n alt\u0131na koyan birisiyim. Ama ne yaz\u0131k ki kendi partimin i\u00e7erisinde \u00e7ok s\u0131k\u0131nt\u0131lar ya\u015fad\u0131m. Neler oldu\u011funu biliyorum. Partim zarar g\u00f6rmesin diye o g\u00fcn sustum. Olur ya onurlu ahlakl\u0131 birileri \u00e7\u0131kar o ayak oyunlar\u0131n\u0131 bozar ve parti kurulu\u015f felsefesine d\u00f6ner diye umut ettim. Aradan 10 y\u0131l ge\u00e7ti ve ben yine ayn\u0131 b\u00f6lgede, yine kimsenin cesaret g\u00f6steremedi\u011fi b\u00f6lgede aday aday\u0131 oldum. Partide yetkili ilgili ki\u015filer her defas\u0131nda bizi oyalad\u0131lar. 3 ay sahada \u00e7al\u0131\u015ft\u0131m. 2 ay fiilen aday adayl\u0131\u011f\u0131 yapt\u0131\u011f\u0131m s\u00fcre\u00e7 oldu. Bu s\u00fcre\u00e7 b\u00f6yle ya\u015fand\u0131\u201d dedi.<\/p>\n<p>CHP\u2019de gen\u00e7 kalmad\u0131\u011f\u0131na dikkat \u00e7eken Ku\u015fo\u011flu, \u201cBen aday olmu\u015f olsayd\u0131m ilk i\u015fim partiden at\u0131lanlar\u0131, uzakla\u015ft\u0131r\u0131lanlar\u0131, partiye d\u00f6n\u00fc\u015f\u00fcn\u00fc sa\u011flamak i\u00e7in davetler olacakt\u0131. 3 milyonluk bir \u015fehirde ya\u015f\u0131yoruz, partide ya\u015f ortalamas\u0131 48-50. Gencimiz yok. Ama b\u00fct\u00fcn d\u00fc\u015f\u00fcncelerim kendime kald\u0131. \u00c7\u00fcnk\u00fc ayak oyunlar\u0131yla beni bu saf\u0131n d\u0131\u015f\u0131na att\u0131lar. Yollar\u0131m kesildi. Bizim k\u00fclt\u00fcr\u00fcm\u00fczde yol kesenin yolu kesilir. Bu bir tehdit de\u011fil, bu bir ahlak, bu bir duru\u015f, bu bir k\u00fclt\u00fcr, bu bir inan\u00e7 meselesi. Haks\u0131zl\u0131\u011fa kar\u015f\u0131 nas\u0131l diren\u00e7 varsa, yol kesenin kar\u015f\u0131s\u0131nda da yine onurlu durulur, yolu kesilir, hesapla\u015f\u0131l\u0131r. 30 Kas\u0131m 2018\u2019de istifa ettim. Ve 2 Aral\u0131k 2018\u2019de m\u00fcracaat\u0131m\u0131 yapt\u0131m. Bu s\u00fcre\u00e7 nas\u0131l ya\u015fand\u0131? Birileri bana dosyam\u0131n kayboldu\u011funu s\u00f6yl\u00fcyor, birileri de bana ba\u015fkalar\u0131yla g\u00f6r\u00fc\u015f\u00fcld\u00fc\u011f\u00fcn\u00fc s\u00f6yl\u00fcyor. Bunlar ne derece do\u011fru. Ben sahada \u00e7al\u0131\u015f\u0131yorum. Bu s\u00fcre\u00e7 sa\u011fl\u0131kl\u0131 y\u00fcr\u00fcs\u00fcn diye sizin \u00e7al\u0131\u015fmalar\u0131n\u0131za kat\u0131lam\u0131yorum. Siz zan alt\u0131nda kalmay\u0131n diyerek parti yetkililerine bunlar\u0131 anlatt\u0131m. Her defas\u0131nda ilgili yetkili ki\u015filer hep bir sorun yok dedi. Ama benim dosyam ne hikmetse il\u00e7ede bulunam\u0131yordu. 2 ay boyunca aday aday\u0131 de\u011fil, aday olarak \u00e7al\u0131\u015fan CHP\u2019li arkada\u015flar\u0131m\u0131z hayal k\u0131r\u0131kl\u0131\u011f\u0131 ya\u015fad\u0131. CHP Bursa Milletvekili Orhan Sar\u0131bal ile telefonda g\u00f6r\u00fc\u015ft\u00fcm, Genel Ba\u015fkan\u0131m\u0131z CHP Bursa Milletvekili Lale Karab\u0131y\u0131k\u2019a Ankara\u2019da kendimi anlatt\u0131m. Bana aday g\u00f6sterilen o arkada\u015f hakk\u0131nda (\u00d6zg\u00fcr Erdursun) Faik \u00d6ztrak\u2019\u0131n ekibine al\u0131nabilece\u011fi noktas\u0131nda kararl\u0131 olduklar\u0131n\u0131 s\u00f6yledi. Ama bir g\u00fcn sonra il\u00e7e y\u00f6netiminin alm\u0131\u015f oldu\u011fu kararla arkada\u015f\u0131m\u0131z belediye ba\u015fkan aday\u0131 olarak a\u00e7\u0131kland\u0131. O zaman ben \u015funu d\u00fc\u015f\u00fcn\u00fcyorum Lale Karab\u0131y\u0131k taca d\u00fc\u015ft\u00fc. \u00c7\u00fcnk\u00fc o c\u00fcmleyi bana kurarken \u00f6n ve arka plan\u0131n\u0131nda baz\u0131 g\u00f6r\u00fc\u015fmeler oldu\u011fu hissi verdi\u201d diye konu\u015ftu.<\/p>\n<p>&#8220;CHP y\u00f6neticileri kazanaca\u011f\u0131m\u0131z se\u00e7imi hediye etti&#8221;<\/p>\n<p>Ku\u015fo\u011flu s\u00f6zlerini \u015f\u00f6yle s\u00fcrd\u00fcrd\u00fc:<\/p>\n<p>\u201cEn ac\u0131s\u0131 da hiyerar\u015fik d\u00fczen bozuk. Hiyerar\u015fi diye bir olay yok. Ama ne yaz\u0131k ki CHP\u2019de il y\u00f6netimi yok say\u0131lm\u0131\u015ft\u0131r. \u0130l\u00e7e y\u00f6netiminin karar\u0131 Ankara\u2019ya g\u00f6nderilmi\u015ftir. Emek h\u0131rs\u0131zl\u0131\u011f\u0131 yap\u0131larak, birilerinin bir yerlere gelmesi i\u00e7in ayak oyunlar\u0131 yap\u0131l\u0131p birilerinin \u00f6n\u00fcn\u00fcn kesilmesi do\u011fru de\u011fildir. \u00c7\u00fcnk\u00fc biz Y\u0131ld\u0131r\u0131m\u2019da \u015funu g\u00f6r\u00fcyoruz. Gerek ittifak gerek di\u011fer etkenler, halka bir de\u011fi\u015fimi ya\u015fama arzusunu do\u011furmu\u015ftu. Biz kazanaca\u011f\u0131m\u0131z se\u00e7imi hediye ettik. Bozbey\u2019le yap\u0131lan g\u00f6r\u00fc\u015fme \u00f6n\u00fcme \u00e7\u0131kar\u0131l\u0131yor. Ben Bozbey\u2019le g\u00f6r\u00fc\u015fme yapm\u0131\u015f olabilirim. Ki yapt\u0131\u011f\u0131m\u0131 da s\u00f6yledim. Ben Genel Ba\u015fkan K\u0131l\u0131\u00e7daro\u011flu\u2019nun geldi\u011fi g\u00fcn\u00fcn bir g\u00fcn \u00f6ncesi Bozbey ile gittim \u0130hsaniye\u2019de g\u00f6r\u00fc\u015ft\u00fcm. Bozbey\u2019e dedim ki, say\u0131n ba\u015fkan sizden hi\u00e7bir \u015fey istemiyorum. Benim taraf\u0131mda yerinizi almay\u0131n. Ama benim kar\u015f\u0131mda \u00e7\u0131kar\u0131lacak olan aday veya adaylar kimse onlar\u0131n taraf\u0131nda da yer almay\u0131n. Sizden tek ricam kendi taraf\u0131n\u0131z olun kendi taraf\u0131n\u0131zda yerinizi al\u0131n. \u00c7\u00fcnk\u00fc siz B\u00fcy\u00fck\u015fehir Belediye Ba\u015fkan aday\u0131s\u0131n\u0131z. Sizin se\u00e7imi kazanman\u0131z i\u00e7in lokomotif olay. Amiral gemisi olan iki il\u00e7e var. Birisi Osmangazi, birisi Y\u0131ld\u0131r\u0131m. 1 milyon k\u00fcsur oy burada var. \u0130mkanlar\u0131n\u0131z var. Arac\u0131n\u0131z, gereciniz var. Buyurun anketlerinize bak\u0131n dedim. Bana kendi partililerim, arkada\u015flar\u0131m bu g\u00f6r\u00fc\u015fmeden sonra \u2019partini niye de\u011fi\u015ftiriyorsun? Partiyi niye b\u00f6l\u00fcyorsun? Kime hizmet ediyorsun\u2019 diye beni ele\u015ftirdi. Ben halk\u0131ma hizmet ediyorum. Hi\u00e7bir siyasi ikbal pe\u015finde ko\u015ftu\u011fumu bug\u00fcne kadar hi\u00e7 kimse s\u00f6yleyemez. B\u00f6yle bir d\u00fc\u015f\u00fcnceye sahip olmad\u0131m. \u0130l\u00e7enin karar\u0131 ilde oylanmadan Ankara\u2019ya g\u00f6nderildi. Hiyerar\u015fi yok say\u0131ld\u0131. Aday\u0131n belirlenmesinin ard\u0131ndan ben sosyal medya hesaplar\u0131mdan durum de\u011ferlendirmesi yapaca\u011f\u0131m\u0131 ve alaca\u011f\u0131m karar\u0131 halk\u0131mla payla\u015faca\u011f\u0131m\u0131 bildirdim. Sadece \u015funu s\u00f6yl\u00fcyorum, namuslu, ahlakl\u0131, d\u00fcr\u00fcst, temiz siyaset yapmak isteyen ve bu \u0131\u015f\u0131\u011f\u0131n aray\u0131\u015f\u0131 i\u00e7erisinde olan insanlar\u0131n vicdanlar\u0131na sesleniyorum. Onlar ba\u015flar\u0131n\u0131 yast\u0131\u011fa koyduklar\u0131nda bir empati yaps\u0131nlar. Bir \u00f6zele\u015ftiri yaps\u0131nlar. Biz nerede yanl\u0131\u015f yap\u0131yoruz? Bu parti istila alt\u0131nda. Haks\u0131z ve y\u00f6netimi beceremeyen ve y\u00f6neti\u015fim ahlak\u0131 olmayan ki\u015filerden kurtar\u0131lmas\u0131n\u0131 istiyorum. Ben bunun yolunu a\u00e7mak i\u00e7in de bug\u00fcnden itibaren CHP ile yolumu ay\u0131r\u0131yorum. Halk\u0131ma hizmet verebilmek ad\u0131na, belediyecilikteki, yerel y\u00f6netimlerdeki birikimlerimi yine halk\u0131mla payla\u015fmak ad\u0131na Demokratik Sol Parti (DSP) \u015femsiyesi alt\u0131nda yoluma devam edece\u011fimi sizler huzurunda beyan ediyorum. \u00d6n\u00fcm\u00fczde se\u00e7imler var. Milletvekili olursun, \u015fu olursun, bu olursun&#8230; Benim \u00f6yle bir derdim yok. Ben g\u00fcc\u00fcn yan\u0131nda olsayd\u0131m AK Parti\u2019de her d\u00f6nem bir yerlere aday aday\u0131 olur, \u00e7ekilirdim bir makam atlard\u0131m. Belki \u015fimdi Ankara\u2019da olurdum. Benim hayat bak\u0131\u015f\u0131m bu de\u011fil. Parti i\u00e7inde adaletin s\u00f6zde kald\u0131\u011f\u0131n\u0131, eme\u011fe sayg\u0131 olmad\u0131\u011f\u0131n\u0131, ayak oyunlar\u0131yla yok say\u0131ld\u0131\u011f\u0131m\u0131z\u0131 g\u00f6rd\u00fcm ve bu s\u00fcrecin sonunda da CHP\u2019den yolumu ay\u0131rd\u0131m. H\u0131rs\u0131za h\u0131rs\u0131z demezseniz, d\u00f6ner size ahlak dersi verir. \u00c7ok net. Yanl\u0131\u015f\u0131 yapana yanl\u0131\u015f yapt\u0131n demedi\u011finiz s\u00fcrece yanl\u0131\u015f yapanlar kendilerini hep hakl\u0131 g\u00f6recekler. Bu iki s\u00fcre\u00e7 de \u00e7ok korkutucu ve \u00fcrperticidir. Ben her ikisinden de hem \u00fcrperir hem korkar\u0131m. Gidi\u015fat bu y\u00f6nde, bu gidi\u015fat do\u011fru de\u011fil. Kurtulu\u015f i\u00e7in namuslu insanlar da namussuzlar kadar cesur olmal\u0131lar. Bu s\u00f6z bu partinin sloganlar\u0131ndand\u0131r. Bo\u015fa s\u00f6ylenmemi\u015ftir. Bug\u00fcn partiden ayr\u0131lanlar vatan haini de\u011fil. Partiden ayr\u0131lanlar, art\u0131k yeter deyip aray\u0131\u015f i\u00e7erisinde olanlar. Orada kalanlar\u0131n da yolu a\u00e7\u0131k olsun. Bizim de \u00e7\u0131kt\u0131\u011f\u0131m\u0131z yol a\u00e7\u0131k olsun.\u201d<\/p>\n<p>DSP Y\u0131ld\u0131r\u0131m Belediye Ba\u015fkan Aday\u0131 Bahattin Ku\u015fo\u011flu, CHP ile ilgili aday adayl\u0131\u011f\u0131 s\u00fcrecinde ya\u015fad\u0131\u011f\u0131 tespitleri de maddeler halinde s\u0131ralad\u0131.<\/p>\n","protected":false},"excerpt":{"rendered":"<p>CHP&#8217;DEN \u0130ST\u0130FA ED\u0130P DSP&#8217;DEN YILDIRIM BELED\u0130YE BA\u015eKAN ADAYI OLAN BAHATT\u0130N KU\u015eO\u011eLU, CHP&#8217;DEN AYRILMA S\u00dcREC\u0130N\u0130 ANLATTI<\/p>\n","protected":false},"author":1,"featured_media":21398,"comment_status":"closed","ping_status":"open","sticky":false,"template":"","format":"standard","meta":{"jetpack_post_was_ever_published":false,"_jetpack_newsletter_access":"","_jetpack_dont_email_post_to_subs":false,"_jetpack_newsletter_tier_id":0,"_jetpack_memberships_contains_paywalled_content":false,"_jetpack_memberships_contains_paid_content":false,"footnotes":"","jetpack_publicize_message":"","jetpack_publicize_feature_enabled":true,"jetpack_social_post_already_shared":false,"jetpack_social_options":{"image_generator_settings":{"template":"highway","default_image_id":0,"font":"","enabled":false},"version":2}},"categories":[9],"tags":[3114,30,9246,9248,9247],"class_list":["post-21397","post","type-post","status-publish","format-standard","has-post-thumbnail","hentry","category-siyaset","tag-altinda","tag-chp","tag-dspli","tag-istila","tag-kusoglu"],"jetpack_publicize_connections":[],"jetpack_featured_media_url":"https:\/\/i0.wp.com\/www.tvturk.com\/wp-content\/uploads\/2019\/02\/dspli-kusoglu-chp-istila-altinda_265625d.jpg?fit=850%2C400","jetpack_sharing_enabled":true,"jetpack_shortlink":"https:\/\/wp.me\/paKIfm-5z7","_links":{"self":[{"href":"http:\/\/www.tvturk.com\/index.php\/wp-json\/wp\/v2\/posts\/21397","targetHints":{"allow":["GET"]}}],"collection":[{"href":"http:\/\/www.tvturk.com\/index.php\/wp-json\/wp\/v2\/posts"}],"about":[{"href":"http:\/\/www.tvturk.com\/index.php\/wp-json\/wp\/v2\/types\/post"}],"author":[{"embeddable":true,"href":"http:\/\/www.tvturk.com\/index.php\/wp-json\/wp\/v2\/users\/1"}],"replies":[{"embeddable":true,"href":"http:\/\/www.tvturk.com\/index.php\/wp-json\/wp\/v2\/comments?post=21397"}],"version-history":[{"count":0,"href":"http:\/\/www.tvturk.com\/index.php\/wp-json\/wp\/v2\/posts\/21397\/revisions"}],"wp:featuredmedia":[{"embeddable":true,"href":"http:\/\/www.tvturk.com\/index.php\/wp-json\/wp\/v2\/media\/21398"}],"wp:attachment":[{"href":"http:\/\/www.tvturk.com\/index.php\/wp-json\/wp\/v2\/media?parent=21397"}],"wp:term":[{"taxonomy":"category","embeddable":true,"href":"http:\/\/www.tvturk.com\/index.php\/wp-json\/wp\/v2\/categories?post=21397"},{"taxonomy":"post_tag","embeddable":true,"href":"http:\/\/www.tvturk.com\/index.php\/wp-json\/wp\/v2\/tags?post=21397"}],"curies":[{"name":"wp","href":"https:\/\/api.w.org\/{rel}","templated":true}]}}