{"id":213976,"date":"2019-10-11T11:02:42","date_gmt":"2019-10-11T08:02:42","guid":{"rendered":"http:\/\/www.tvturk.com\/index.php\/rodos-ve-istankoydeki-turkler-yok-olma-asamasina-geldi\/"},"modified":"2019-10-11T11:02:42","modified_gmt":"2019-10-11T08:02:42","slug":"rodos-ve-istankoydeki-turkler-yok-olma-asamasina-geldi","status":"publish","type":"post","link":"http:\/\/www.tvturk.com\/index.php\/rodos-ve-istankoydeki-turkler-yok-olma-asamasina-geldi\/","title":{"rendered":"&#8220;Rodos ve \u0130stank\u00f6y\u2019deki T\u00fcrkler yok olma a\u015famas\u0131na geldi&#8221;"},"content":{"rendered":"<p>Ya\u015far \u00dcniversitesinde d\u00fczenlenen ve D\u0131\u015fi\u015fleri Bakan\u0131 Mevl\u00fct \u00c7avu\u015fo\u011flu\u2019nun destek mesaj\u0131 g\u00f6nderdi\u011fi sempozyumda, Rodos ve \u0130stank\u00f6y\u2019deki T\u00fcrklerin kar\u015f\u0131la\u015ft\u0131\u011f\u0131; vatanda\u015fl\u0131k, e\u011fitim, T\u00fcrk\u00e7e \u00f6\u011frenme hakk\u0131, ibadet, Osmanl\u0131 d\u00f6neminden kalan k\u00fclt\u00fcr miras\u0131n\u0131n korunmas\u0131 gibi sorunlar masaya yat\u0131r\u0131ld\u0131. Prof. Dr. Mustafa Kaymak\u00e7\u0131, &#8220;Rodos ve \u0130stank\u00f6y\u2019de ya\u015famakta olan T\u00fcrklerin yok olma a\u015famas\u0131na geldi\u011fini ifade etmek istiyorum&#8221; dedi.<\/p>\n<p>Ya\u015far \u00dcniversitesinde, Uluslararas\u0131 Rodos ve \u0130stank\u00f6y T\u00fcrk Vak\u0131flar\u0131 Sempozyumu d\u00fczenlendi. Sempozyumda, Rodos ve \u0130stank\u00f6y\u2019de ya\u015fayan T\u00fcrklerin kar\u015f\u0131la\u015ft\u0131\u011f\u0131 sorunlar hakk\u0131nda konu\u015fuldu.<\/p>\n<p>Sempozyuma g\u00f6nderdi\u011fi mesajla destek veren D\u0131\u015fi\u015fleri Bakan\u0131 Mevl\u00fct \u00c7avu\u015fo\u011flu, mesaj\u0131nda \u015fu ifadelere yer verdi:<\/p>\n<p>&#8220;Sempozyum; Rodos ve \u0130stank\u00f6y\u2019de ya\u015fayan soyda\u015flar\u0131m\u0131z\u0131n temel hak ve \u00f6zg\u00fcrl\u00fcklerinin savunulmas\u0131, u\u011frad\u0131klar\u0131 ihlallerin ve k\u0131s\u0131tlamalar\u0131n d\u00fcnyaya duyurulmas\u0131 bak\u0131m\u0131ndan son derece \u00f6nemli ve faydal\u0131 bir etkinliktir. Bu itibarla, sempozyumu d\u00fczenleyen Rodos, \u0130stank\u00f6y ve On iki ada T\u00fcrkleri K\u00fclt\u00fcr ve Dayan\u0131\u015fma Derne\u011fi (RO\u0130SDER) Ba\u015fkan\u0131 ile y\u00f6netimini ve t\u00fcm kat\u0131l\u0131mc\u0131lar\u0131 tebrik ederim. On iki adalar, \u00e7ok say\u0131da soyda\u015f\u0131m\u0131z\u0131n ya\u015fad\u0131\u011f\u0131, t\u00fcm bask\u0131lara ra\u011fmen T\u00fcrkl\u00fck bilincini ve k\u00fclt\u00fcr\u00fcn\u00fc muhafaza etmeye \u00e7al\u0131\u015fan, asla kendimizden ayr\u0131 g\u00f6rmedi\u011fimiz aziz soyda\u015flar\u0131m\u0131z\u0131n vatan\u0131d\u0131r. Yunanistan devleti, Rodos ve \u0130stank\u00f6y\u2019deki soyda\u015flar\u0131m\u0131z\u0131n haklar\u0131na sayg\u0131 g\u00f6stermelidir. Her \u015feye ra\u011fmen, soyda\u015flar\u0131m\u0131z, T\u00fcrk\u00e7e \u00f6\u011frenme, serbest\u00e7e ibadet edebilme, vak\u0131flar\u0131n\u0131 y\u00f6netebilme ve Osmanl\u0131 T\u00fcrklerinden kalan k\u00fclt\u00fcrel miras\u0131n\u0131 koruyabilme konusundaki haklar\u0131n\u0131 savunmaya devam etmektedirler.&#8221;<\/p>\n<p>Soyda\u015flar\u0131m\u0131z\u0131n k\u00fclt\u00fcrel kimlikleri tan\u0131nm\u0131yor<\/p>\n<p>Rodos ve \u0130stank\u00f6y\u2019deki T\u00fcrk-M\u00fcsl\u00fcman vak\u0131flar\u0131 mallar\u0131n\u0131n hara\u00e7 mezat sat\u0131\u015flar\u0131 ile zaman\u0131n tahribat\u0131na b\u0131rak\u0131lan ve Osmanl\u0131 mimari eserlerinin yok edilmesi konular\u0131nda ulusal ve uluslararas\u0131 fark\u0131ndal\u0131k olu\u015fturmaya \u00e7al\u0131\u015ft\u0131klar\u0131n\u0131 belirten Rodos, \u0130stank\u00f6y ve On iki ada T\u00fcrkleri K\u00fclt\u00fcr ve Dayan\u0131\u015fma Derne\u011fi (RO\u0130SDER) Ba\u015fkan\u0131 Prof. Dr. Mustafa Kaymak\u00e7\u0131, &#8220;D\u00fcnya kamuoyunda son y\u0131llara kadar Yunanistan\u2019daki T\u00fcrk varl\u0131\u011f\u0131n\u0131n Bat\u0131 Trakya ile s\u0131n\u0131rl\u0131 oldu\u011fu alg\u0131s\u0131 vard\u0131. G\u00fcn\u00fcm\u00fczde Rodos ve \u0130stank\u00f6y\u2019de ya\u015famakta olan resmi olmayan rakamlara g\u00f6re 9 binin \u00fczerinde kendisini T\u00fcrk ve M\u00fcsl\u00fcman olarak ifade eden bir n\u00fcfus var. Ancak Yunan makamlar\u0131, Lozan Antla\u015fmas\u0131 imzaland\u0131\u011f\u0131nda 12 adalar\u0131n \u0130talyan y\u00f6netiminde bulundu\u011fu gerek\u00e7esiyle s\u00f6z konusu soyda\u015flar\u0131m\u0131z\u0131n k\u00fclt\u00fcrel kimliklerini tan\u0131m\u0131yorlar. \u015eu anda AB \u00fcyesi olan Yunanistan\u2019\u0131n Rodos ve \u0130stank\u00f6y adalar\u0131nda ya\u015fayan T\u00fcrkler, insanl\u0131k hakk\u0131 olan pek \u00e7ok haktan mahrum ya\u015f\u0131yorlar&#8221; dedi.<\/p>\n<p>&#8220;T\u00fcrkler yok olma a\u015famas\u0131na geldi&#8221;<\/p>\n<p>Adalarda ola\u011fan\u00fcst\u00fc bir asimilasyonun ba\u015flad\u0131\u011f\u0131na de\u011finen Prof. Dr. Kaymak\u00e7\u0131, &#8220;Rodos ve \u0130stank\u00f6y\u2019de ya\u015famakta olan T\u00fcrklerin yok olma a\u015famas\u0131na geldi\u011fini ifade etmek istiyorum. Yunanistan\u2019\u0131n adalardaki asimilasyon politikas\u0131na \u2019dur\u2019 denmedi\u011fi takdirde k\u0131sa bir s\u00fcre sonra buradaki T\u00fcrklerin varl\u0131\u011f\u0131ndan haberdar olamayaca\u011f\u0131z. Rodos ve \u0130stank\u00f6y\u2019de ya\u015famakta olan T\u00fcrkler, varl\u0131klar\u0131n\u0131 s\u00fcrd\u00fcrmeye \u00e7al\u0131\u015fan bir avu\u00e7 az\u0131nl\u0131k. Onlar\u0131n yok olmas\u0131 asl\u0131nda oradaki T\u00fcrklerin yok olmas\u0131 demek de\u011fil; bir \u00fclke az\u0131nl\u0131\u011f\u0131n\u0131n yok olmas\u0131 demektir. Buna d\u00fcnya kamuoyu da cevap aramak zorundad\u0131r. \u00d6zg\u00fcrl\u00fck, e\u015fitlik ve adalet t\u00fcm insanl\u0131\u011f\u0131n kabul etti\u011fi evrensel de\u011ferlerdir. Biz, bu de\u011ferlere Yunanistan h\u00fckumetinin de sahip \u00e7\u0131kmas\u0131n\u0131 talep ediyoruz&#8221; \u015feklinde konu\u015ftu.<\/p>\n<p>&#8220;B\u00fcy\u00fck \u00e7aba veriyoruz&#8221;<\/p>\n<p>Avrupa Halklar\u0131 Federal Birli\u011fi (FUEN) Genel Ba\u015fkan Yard\u0131mc\u0131s\u0131 G\u00f6sta Toft da, Avrupa\u2019n\u0131n 35 \u00fclkesinden yakla\u015f\u0131k 100 \u00fcye kurulu\u015fu ile Avrupa\u2019daki ulusal az\u0131nl\u0131klar ve halk gruplar\u0131n\u0131n en b\u00fcy\u00fck \u00e7at\u0131 kurulu\u015fu olduklar\u0131n\u0131 s\u00f6yledi. Az\u0131nl\u0131klar\u0131n haklar\u0131, k\u00fclt\u00fcrleri, dilleri ve kimliklerinin korunmas\u0131 i\u00e7in \u00e7aba verdiklerini belirten G\u00f6sta Toft, &#8220;FUEN, \u00e7e\u015fitli \u00e7al\u0131\u015fma gruplar\u0131na sahip. \u00c7al\u0131\u015fma gruplar\u0131ndan biri de T\u00fcrk az\u0131nl\u0131klar\u0131 \u00e7al\u0131\u015fma grubu. T\u00fcrk az\u0131nl\u0131klar\u0131n\u0131n yapt\u0131\u011f\u0131 \u00e7al\u0131\u015fmalardan \u00e7ok memnunuz. Bu \u00e7al\u0131\u015fma grubu Kafkasya B\u00f6lgesi\u2019nden Balkanlara kadar geni\u015f bir co\u011frafi alan\u0131 kaps\u0131yor. \u015eu anda bu \u00e7al\u0131\u015fma grubunun ba\u015fkanl\u0131\u011f\u0131n\u0131 Bat\u0131 Trakya T\u00fcrkleri Federasyonu y\u00fcr\u00fctmekte&#8221; dedi.<\/p>\n<p>D\u00fcnyan\u0131n d\u00f6rt bir yan\u0131ndan \u00f6\u011frenciler T\u00fcrkiye\u2019ye geliyor<\/p>\n<p>Yurt d\u0131\u015f\u0131 T\u00fcrkler ve Akraba Topluluklar Ba\u015fkan\u0131 Abdullah Eren de d\u00fcnyan\u0131n d\u00f6rt bir yan\u0131ndan \u00f6\u011frencinin T\u00fcrkiye\u2019ye y\u00fcksek\u00f6\u011fretim i\u00e7in geldi\u011fine de\u011findi. Eren, &#8220;Arjantin, Meksika, Makedonya, Bat\u0131 Trakya, Yunanistan gibi d\u00fcnyan\u0131n d\u00f6rt bir yan\u0131ndan gelen uluslararas\u0131 misafir \u00f6\u011frenciler var. 17 bine yak\u0131n bu uluslararas\u0131 \u00f6\u011frenci, milletimizin vergileri, devletimizin imkanlar\u0131 ve bizim organizasyonumuzla okuyor. Bir \u00f6nemli faaliyet alan\u0131m\u0131z da soyda\u015flar ve akraba topluluklar. B\u00fcy\u00fck bir medeniyetin evlad\u0131y\u0131z. \u015eu an her ne kadar 784 bin kilometre karelik bir topra\u011f\u0131m\u0131z olsa da g\u00f6n\u00fcl co\u011frafyas\u0131 dedi\u011fimiz T\u00fcrkiye Cumhuriyeti s\u0131n\u0131rlar\u0131n\u0131 a\u015fan d\u00fcnyan\u0131n d\u00f6rt bir yan\u0131nda soyda\u015flar\u0131m\u0131z var. T\u00fcrkiye burslar\u0131 kapsam\u0131nda tabii ki farkl\u0131 \u00fclkelerden \u00f6\u011frencileri getiriyoruz ancak \u00f6nem verdi\u011fimiz soyda\u015flar\u0131m\u0131z ve yak\u0131n co\u011frafyam\u0131zda ya\u015fayan T\u00fcrkmenler de mevcut. Bu sene Rodos ve \u0130stank\u00f6y\u2019de burs tan\u0131t\u0131m\u0131 yapt\u0131k ve az da olsa oradan bu sene \u00fclkemize burslu \u00f6\u011frenci getirdik&#8221; bilgisini verdi.<\/p>\n<p>Fark\u0131ndal\u0131k olu\u015fturmak ve \u00e7ok boyutlu tart\u0131\u015fabilmek \u00f6nemli<\/p>\n<p>Ya\u015far \u00dcniversitesi Rekt\u00f6r\u00fc Prof. Dr. Cemali Din\u00e7er ise &#8220;Sosyal ve k\u00fclt\u00fcrel haklar\u0131 uluslararas\u0131 s\u00f6zle\u015fmelerle g\u00fcvence alt\u0131na al\u0131nm\u0131\u015f olan Rodos, \u0130stank\u00f6y ve On iki ada T\u00fcrkleri\u2019nin k\u00fclt\u00fcrel kimliklerinin ve bireysel haklar\u0131n\u0131n korunmas\u0131, ve uluslararas\u0131 miras olarak tan\u0131mlanabilecek vak\u0131flar ve ba\u011fl\u0131 eserlerinin gelecek nesillere aktar\u0131lmas\u0131n\u0131n sa\u011flanmas\u0131 hassasiyetle \u00fczerinde durulmas\u0131 ve takip edilmesi gereken konulard\u0131r. Ya\u015far \u00dcniversitesinin bu \u00f6nemli etkinli\u011fe vermi\u015f oldu\u011fu akademik deste\u011fin bahsi ge\u00e7en konular\u0131n g\u00fcndemde yer almaya devam etmesi, fark\u0131ndal\u0131k olu\u015fturulmas\u0131 ve \u00e7ok boyutlu olarak tart\u0131\u015f\u0131lmas\u0131na yol a\u00e7\u0131yor olmas\u0131ndan dolay\u0131 memnuniyetimi belirtmek isterim&#8221; ifadelerini kulland\u0131.<\/p>\n<p>Etkinlik kapsam\u0131nda \u2019Rodos ve \u0130stank\u00f6y T\u00fcrk Vak\u0131f Eserleri Foto\u011fraf Sergisi\u2019 de ger\u00e7ekle\u015ftirildi. Sempozyumda ayr\u0131ca; vak\u0131f k\u00fclt\u00fcr\u00fc, uluslararas\u0131 hukukta vak\u0131f stat\u00fcs\u00fc, Rodos  ve \u0130stank\u00f6y T\u00fcrk vak\u0131flar\u0131n\u0131n d\u00fcn\u00fc, Rodos ve \u0130stank\u00f6y\u2019deki vak\u0131flar\u0131n sosyal ya\u015fama etkileri, Rodos ve \u0130stank\u00f6y T\u00fcrk Vak\u0131flar\u0131n\u0131n g\u00fcncel sorunlar\u0131, Rodos Ve \u0130stank\u00f6y\u2019de T\u00fcrk vak\u0131f eserleri ve T\u00fcrk-Yunan ili\u015fkileri konular\u0131nda yabanc\u0131 ve T\u00fcrk akademisyenlerince 19 adet bildiri sunuldu.<\/p>\n<p>Ya\u015far \u00dcniversitesinin deste\u011fi ile RO\u0130SDER taraf\u0131ndan Sel\u00e7uk Ya\u015far Kamp\u00fcs\u00fcnde d\u00fczenlenen sempozyumun a\u00e7\u0131l\u0131\u015f\u0131na ayr\u0131ca; FUEN Genel Ba\u015fkan Yard\u0131mc\u0131s\u0131 G\u00f6sta Toft, Kar\u015f\u0131yaka Belediye Ba\u015fkan\u0131 Dr. Cemil Tugay, Bornova Belediye Ba\u015fkan\u0131 Dr. Mustafa \u0130du\u011f, Ya\u015far Toplulu\u011fu Y\u00f6netim Kurulu Ba\u015fkan Vekili \u0130dil Yi\u011fitba\u015f\u0131, Yurt D\u0131\u015f\u0131 T\u00fcrkler ve Akraba Topluluklar Ba\u015fkan\u0131 Abdullah Eren kat\u0131ld\u0131.<\/p>\n","protected":false},"excerpt":{"rendered":"<p>YA\u015eAR \u00dcN\u0130VERS\u0130TES\u0130NDE D\u00dcZENLENEN SEMPOZYUMDA, RODOS VE \u0130STANK\u00d6Y\u2019DEK\u0130 T\u00dcRKLER\u0130N KAR\u015eILA\u015eTI\u011eI VATANDA\u015eLIK, E\u011e\u0130T\u0130M, T\u00dcRK\u00c7E \u00d6\u011eRENME HAKKI, \u0130BADET, OSMANLI D\u00d6NEM\u0130NDEN KALAN K\u00dcLT\u00dcR M\u0130RASININ KORUNMASI G\u0130B\u0130 SORUNLAR MASAYA YATIRILDI.<\/p>\n","protected":false},"author":1,"featured_media":213977,"comment_status":"closed","ping_status":"open","sticky":false,"template":"","format":"standard","meta":{"jetpack_post_was_ever_published":false,"_jetpack_newsletter_access":"","_jetpack_dont_email_post_to_subs":false,"_jetpack_newsletter_tier_id":0,"_jetpack_memberships_contains_paywalled_content":false,"_jetpack_memberships_contains_paid_content":false,"footnotes":"","jetpack_publicize_message":"","jetpack_publicize_feature_enabled":true,"jetpack_social_post_already_shared":true,"jetpack_social_options":{"image_generator_settings":{"template":"highway","default_image_id":0,"font":"","enabled":false},"version":2}},"categories":[1],"tags":[54100,13337,127,54101,6336,12021,664],"class_list":["post-213976","post","type-post","status-publish","format-standard","has-post-thumbnail","hentry","category-genel","tag-rodos","tag-asamasina","tag-geldi","tag-istankoydeki","tag-olma","tag-turkler","tag-yok"],"jetpack_publicize_connections":[],"jetpack_featured_media_url":"https:\/\/i0.wp.com\/www.tvturk.com\/wp-content\/uploads\/2019\/10\/rodos-ve-istankoydeki-turkler-yok-olma-asamasina-geldi_21ef080.jpg?fit=1000%2C666","jetpack_sharing_enabled":true,"jetpack_shortlink":"https:\/\/wp.me\/paKIfm-TFe","_links":{"self":[{"href":"http:\/\/www.tvturk.com\/index.php\/wp-json\/wp\/v2\/posts\/213976","targetHints":{"allow":["GET"]}}],"collection":[{"href":"http:\/\/www.tvturk.com\/index.php\/wp-json\/wp\/v2\/posts"}],"about":[{"href":"http:\/\/www.tvturk.com\/index.php\/wp-json\/wp\/v2\/types\/post"}],"author":[{"embeddable":true,"href":"http:\/\/www.tvturk.com\/index.php\/wp-json\/wp\/v2\/users\/1"}],"replies":[{"embeddable":true,"href":"http:\/\/www.tvturk.com\/index.php\/wp-json\/wp\/v2\/comments?post=213976"}],"version-history":[{"count":0,"href":"http:\/\/www.tvturk.com\/index.php\/wp-json\/wp\/v2\/posts\/213976\/revisions"}],"wp:featuredmedia":[{"embeddable":true,"href":"http:\/\/www.tvturk.com\/index.php\/wp-json\/wp\/v2\/media\/213977"}],"wp:attachment":[{"href":"http:\/\/www.tvturk.com\/index.php\/wp-json\/wp\/v2\/media?parent=213976"}],"wp:term":[{"taxonomy":"category","embeddable":true,"href":"http:\/\/www.tvturk.com\/index.php\/wp-json\/wp\/v2\/categories?post=213976"},{"taxonomy":"post_tag","embeddable":true,"href":"http:\/\/www.tvturk.com\/index.php\/wp-json\/wp\/v2\/tags?post=213976"}],"curies":[{"name":"wp","href":"https:\/\/api.w.org\/{rel}","templated":true}]}}