{"id":213978,"date":"2019-10-11T11:02:58","date_gmt":"2019-10-11T08:02:58","guid":{"rendered":"http:\/\/www.tvturk.com\/index.php\/denizlisporda-teknik-direktor-arayisi-devam-ediyor\/"},"modified":"2019-10-11T11:02:58","modified_gmt":"2019-10-11T08:02:58","slug":"denizlisporda-teknik-direktor-arayisi-devam-ediyor","status":"publish","type":"post","link":"http:\/\/www.tvturk.com\/index.php\/denizlisporda-teknik-direktor-arayisi-devam-ediyor\/","title":{"rendered":"Denizlispor\u2019da teknik direkt\u00f6r aray\u0131\u015f\u0131 devam ediyor"},"content":{"rendered":"<p>Y\u00fccel \u0130ldiz ile ge\u00e7ti\u011fimiz g\u00fcnlerde yollar\u0131 ay\u0131ran Yukatel Denizlispor\u2019da teknik direkt\u00f6r aray\u0131\u015f\u0131 s\u00fcr\u00fcyor.<\/p>\n<p>S\u00fcper Lig ekiplerinden Denizlispor 5 hafta boyunca 3 puan alamay\u0131nca ge\u00e7ti\u011fimiz sal\u0131 g\u00fcn\u00fc Teknik Direkt\u00f6r \u0130ldiz\u2019in s\u00f6zle\u015fmesini tek tarafl\u0131 olarak feshetti. Ard\u0131ndan teknik adam aray\u0131\u015f\u0131na ba\u015flayan ye\u015fil-siyahl\u0131 ekibinin ilk etapta B\u00fclent Uygun, Mehmet \u00d6zdilek, Tolunay Kafkas ve Samet Aybaba ile g\u00f6r\u00fc\u015ft\u00fc\u011f\u00fc \u00f6\u011frenildi. Kul\u00fcp y\u00f6neticilerinden al\u0131nan bilgide, teknik direkt\u00f6rl\u00fck g\u00f6revi verilecek ismin bir ka\u00e7 g\u00fcn i\u00e7inde netlik kazanaca\u011f\u0131 belirtildi.<\/p>\n","protected":false},"excerpt":{"rendered":"<p>Y\u00dcCEL \u0130LD\u0130Z \u0130LE GE\u00c7T\u0130\u011e\u0130M\u0130Z G\u00dcNLERDE YOLLARI AYIRAN YUKATEL DEN\u0130ZL\u0130SPOR\u2019DA TEKN\u0130K D\u0130REKT\u00d6R ARAYI\u015eI S\u00dcR\u00dcYOR.<\/p>\n","protected":false},"author":1,"featured_media":213979,"comment_status":"closed","ping_status":"open","sticky":false,"template":"","format":"standard","meta":{"jetpack_post_was_ever_published":false,"_jetpack_newsletter_access":"","_jetpack_dont_email_post_to_subs":false,"_jetpack_newsletter_tier_id":0,"_jetpack_memberships_contains_paywalled_content":false,"_jetpack_memberships_contains_paid_content":false,"footnotes":"","jetpack_publicize_message":"","jetpack_publicize_feature_enabled":true,"jetpack_social_post_already_shared":true,"jetpack_social_options":{"image_generator_settings":{"template":"highway","default_image_id":0,"font":"","enabled":false},"version":2}},"categories":[657],"tags":[9092,6421,522,2083,523,2082],"class_list":["post-213978","post","type-post","status-publish","format-standard","has-post-thumbnail","hentry","category-spor","tag-arayisi","tag-denizlisporda","tag-devam","tag-direktor","tag-ediyor","tag-teknik"],"jetpack_publicize_connections":[],"jetpack_featured_media_url":"https:\/\/i0.wp.com\/www.tvturk.com\/wp-content\/uploads\/2019\/10\/denizlisporda-teknik-direktor-arayisi-devam-ediyor_f1154f3.jpg?fit=749%2C499","jetpack_sharing_enabled":true,"jetpack_shortlink":"https:\/\/wp.me\/paKIfm-TFg","_links":{"self":[{"href":"http:\/\/www.tvturk.com\/index.php\/wp-json\/wp\/v2\/posts\/213978","targetHints":{"allow":["GET"]}}],"collection":[{"href":"http:\/\/www.tvturk.com\/index.php\/wp-json\/wp\/v2\/posts"}],"about":[{"href":"http:\/\/www.tvturk.com\/index.php\/wp-json\/wp\/v2\/types\/post"}],"author":[{"embeddable":true,"href":"http:\/\/www.tvturk.com\/index.php\/wp-json\/wp\/v2\/users\/1"}],"replies":[{"embeddable":true,"href":"http:\/\/www.tvturk.com\/index.php\/wp-json\/wp\/v2\/comments?post=213978"}],"version-history":[{"count":0,"href":"http:\/\/www.tvturk.com\/index.php\/wp-json\/wp\/v2\/posts\/213978\/revisions"}],"wp:featuredmedia":[{"embeddable":true,"href":"http:\/\/www.tvturk.com\/index.php\/wp-json\/wp\/v2\/media\/213979"}],"wp:attachment":[{"href":"http:\/\/www.tvturk.com\/index.php\/wp-json\/wp\/v2\/media?parent=213978"}],"wp:term":[{"taxonomy":"category","embeddable":true,"href":"http:\/\/www.tvturk.com\/index.php\/wp-json\/wp\/v2\/categories?post=213978"},{"taxonomy":"post_tag","embeddable":true,"href":"http:\/\/www.tvturk.com\/index.php\/wp-json\/wp\/v2\/tags?post=213978"}],"curies":[{"name":"wp","href":"https:\/\/api.w.org\/{rel}","templated":true}]}}