{"id":214038,"date":"2019-10-11T12:16:51","date_gmt":"2019-10-11T09:16:51","guid":{"rendered":"http:\/\/www.tvturk.com\/index.php\/biyokutleden-enerji-uretiminde-turkiyenin-yeri\/"},"modified":"2019-10-11T12:16:51","modified_gmt":"2019-10-11T09:16:51","slug":"biyokutleden-enerji-uretiminde-turkiyenin-yeri","status":"publish","type":"post","link":"http:\/\/www.tvturk.com\/index.php\/biyokutleden-enerji-uretiminde-turkiyenin-yeri\/","title":{"rendered":"Biyok\u00fctleden enerji \u00fcretiminde T\u00fcrkiye\u2019nin yeri"},"content":{"rendered":"<p>Biyok\u00fctle enerji \u00fcretimi d\u00fcnyada giderek yayg\u0131nla\u015f\u0131rken, T\u00fcrkiye hen\u00fcz d\u00fcnyadaki di\u011fer \u00fclkelerin gerisinde bulunuyor.<\/p>\n<p>T\u00fcrkiye\u2019de giderek yayg\u0131nla\u015fan \u00e7evreci ve yenilenebilir olan biyok\u00fctle enerji sekt\u00f6r\u00fcnde yer alan Oltan K\u00f6leo\u011flu Enerji (OKE) taraf\u0131ndan d\u00fcnya da bu alanda yap\u0131lan \u00e7al\u0131\u015fmalarla ilgili bilgilendirmeye g\u00f6re, bitkisel at\u0131k ve art\u0131klar\u0131n kullan\u0131ld\u0131\u011f\u0131 enerji kaynaklar\u0131na olan talep ve yat\u0131r\u0131m giderek art\u0131yor.<\/p>\n<p>OKE\u2019den yap\u0131lan a\u00e7\u0131klamada, ba\u015fta Avrupa Birli\u011fi \u00fclkelerinde olmak \u00fczere ulusal biyok\u00fctle eylem planlar\u0131 yap\u0131larak uygulamaya konulurken, iklim de\u011fi\u015fikli\u011fi ile m\u00fccadelede Kyoto Protokol\u00fc ve Paris Anla\u015fmas\u0131 \u00e7er\u00e7evesinde karbon sal\u0131n\u0131m\u0131n\u0131 azaltmak i\u00e7in d\u00fcnya devletleri taahh\u00fctleri hat\u0131rlat\u0131larak \u201cT\u00fcrkiye\u2019de bu konuda t\u00fcm d\u00fcnyadaki uygulamalara paralel olarak yenilenebilir enerji yat\u0131r\u0131mlar\u0131n\u0131 desteklemektedir. T\u00fcm d\u00fcnyada \u00e7evresel kayg\u0131larla istisnas\u0131z desteklenen biyok\u00fctle enerjisi \u00e7evre dostudur. \u00c7\u00fcnk\u00fc biyok\u00fctle b\u00fcy\u00fcrken atmosferden CO2 emer ve b\u00fcnyesine al\u0131r. Biyok\u00fctlede depolanan karbona biyojenik karbon denir. Bitkiler \u00e7\u00fcr\u00fcd\u00fc\u011f\u00fcnde bu karbon tekrar a\u00e7\u0131\u011fa \u00e7\u0131kar ve atmosfere verilir. \u0130\u015fte bu biyok\u00fctle at\u0131klar\u0131n\u0131n enerji \u00fcretmede kullan\u0131lmas\u0131 durumunda zaten atmosferden al\u0131nan CO2 tekrar atmosfere verildi\u011fi i\u00e7in atmosferde CO2 art\u0131\u015f\u0131na sebep olmaz. Halbuki fosil yak\u0131tlar yak\u0131ld\u0131\u011f\u0131nda atmosfere fazladan CO2 verildi\u011fi i\u00e7in atmosferdeki CO2 miktar\u0131 artmaktad\u0131r. Bu bilgilerden de anla\u015f\u0131laca\u011f\u0131 gibi biyok\u00fctle fosil yak\u0131tlar yerine kullan\u0131ld\u0131\u011f\u0131nda, olu\u015facak CO2 art\u0131\u015f\u0131n\u0131n \u00f6n\u00fcne ge\u00e7ecek ve iklim de\u011fi\u015fikli\u011fiyle m\u00fccadelede \u00f6nemli bir rol oynayacakt\u0131r\u201d ifadelerine yer verildi.<\/p>\n<p>Samsun \u00c7ar\u015famba\u2019da kurulacak santral ile y\u0131ll\u0131k 150 bin ton \u00fczerinde CO2 sal\u0131n\u0131m\u0131n\u0131n \u00f6n\u00fcne ge\u00e7ilmi\u015f olunaca\u011f\u0131,  b\u00f6ylece de iklim de\u011fi\u015fikli ile m\u00fccadeleye katk\u0131da bulunulaca\u011f\u0131 ifade edilen a\u00e7\u0131klamada, 2017 verilerine g\u00f6re d\u00fcnyadaki biyok\u00fctle enerjisi kurulu elektrik \u00fcretim kapasitesinin 122 GW iken T\u00fcrkiye\u2019de bunun sadece 0,63 GW oran\u0131nda bulundu\u011fu bildirildi.<\/p>\n<p>ABD ve \u0130ngiltere\u2019nin yan\u0131 s\u0131ra Avrupa\u2019da y\u00fczlerce Biyok\u00fctle Enerji santrali bulundu\u011fu, Avrupa\u2019da tar\u0131msal at\u0131k kullan\u0131m\u0131ndan dolay\u0131 biyok\u00fctle enerji santrallerinin \u00e7ift\u00e7iler taraf\u0131ndan desteklendi\u011fi belirtilen a\u00e7\u0131klamada, T\u00fcrkiye\u2019de ise \u00c7orum\u2019un Mecit\u00f6z\u00fc il\u00e7esinde 2018 y\u0131l\u0131 ba\u015f\u0131nda \u00fcretime ge\u00e7en enerji santrali \u00f6rnek g\u00f6sterilerek, konuya sa\u011flam bilgilere dayal\u0131 olarak duyarl\u0131l\u0131\u011f\u0131 bulunan herkesin tesisi ziyaret edebilece\u011fi bildirildi.<\/p>\n","protected":false},"excerpt":{"rendered":"<p>B\u0130YOK\u00dcTLE ENERJ\u0130 \u00dcRET\u0130M\u0130 D\u00dcNYADA G\u0130DEREK YAYGINLA\u015eIRKEN, T\u00dcRK\u0130YE HEN\u00dcZ D\u00dcNYADAK\u0130 D\u0130\u011eER \u00dcLKELER\u0130N GER\u0130S\u0130NDE BULUNUYOR.<\/p>\n","protected":false},"author":1,"featured_media":214039,"comment_status":"closed","ping_status":"open","sticky":false,"template":"","format":"standard","meta":{"jetpack_post_was_ever_published":false,"_jetpack_newsletter_access":"","_jetpack_dont_email_post_to_subs":false,"_jetpack_newsletter_tier_id":0,"_jetpack_memberships_contains_paywalled_content":false,"_jetpack_memberships_contains_paid_content":false,"footnotes":"","jetpack_publicize_message":"","jetpack_publicize_feature_enabled":true,"jetpack_social_post_already_shared":true,"jetpack_social_options":{"image_generator_settings":{"template":"highway","default_image_id":0,"font":"","enabled":false},"version":2}},"categories":[19],"tags":[54121,1387,177,4807,488],"class_list":["post-214038","post","type-post","status-publish","format-standard","has-post-thumbnail","hentry","category-ekonomi","tag-biyokutleden","tag-enerji","tag-turkiyenin","tag-uretiminde","tag-yeri"],"jetpack_publicize_connections":[],"jetpack_featured_media_url":"https:\/\/i0.wp.com\/www.tvturk.com\/wp-content\/uploads\/2019\/10\/biyokutleden-enerji-uretiminde-turkiyenin-yeri_2e9a68c.jpg?fit=1000%2C562","jetpack_sharing_enabled":true,"jetpack_shortlink":"https:\/\/wp.me\/paKIfm-TGe","_links":{"self":[{"href":"http:\/\/www.tvturk.com\/index.php\/wp-json\/wp\/v2\/posts\/214038","targetHints":{"allow":["GET"]}}],"collection":[{"href":"http:\/\/www.tvturk.com\/index.php\/wp-json\/wp\/v2\/posts"}],"about":[{"href":"http:\/\/www.tvturk.com\/index.php\/wp-json\/wp\/v2\/types\/post"}],"author":[{"embeddable":true,"href":"http:\/\/www.tvturk.com\/index.php\/wp-json\/wp\/v2\/users\/1"}],"replies":[{"embeddable":true,"href":"http:\/\/www.tvturk.com\/index.php\/wp-json\/wp\/v2\/comments?post=214038"}],"version-history":[{"count":0,"href":"http:\/\/www.tvturk.com\/index.php\/wp-json\/wp\/v2\/posts\/214038\/revisions"}],"wp:featuredmedia":[{"embeddable":true,"href":"http:\/\/www.tvturk.com\/index.php\/wp-json\/wp\/v2\/media\/214039"}],"wp:attachment":[{"href":"http:\/\/www.tvturk.com\/index.php\/wp-json\/wp\/v2\/media?parent=214038"}],"wp:term":[{"taxonomy":"category","embeddable":true,"href":"http:\/\/www.tvturk.com\/index.php\/wp-json\/wp\/v2\/categories?post=214038"},{"taxonomy":"post_tag","embeddable":true,"href":"http:\/\/www.tvturk.com\/index.php\/wp-json\/wp\/v2\/tags?post=214038"}],"curies":[{"name":"wp","href":"https:\/\/api.w.org\/{rel}","templated":true}]}}