{"id":214138,"date":"2019-10-11T15:02:25","date_gmt":"2019-10-11T12:02:25","guid":{"rendered":"http:\/\/www.tvturk.com\/index.php\/suhuttan-mehmetcige-keskek-ikrami-talebi\/"},"modified":"2019-10-11T15:02:25","modified_gmt":"2019-10-11T12:02:25","slug":"suhuttan-mehmetcige-keskek-ikrami-talebi","status":"publish","type":"post","link":"http:\/\/www.tvturk.com\/index.php\/suhuttan-mehmetcige-keskek-ikrami-talebi\/","title":{"rendered":"\u015euhut\u2019tan Mehmet\u00e7i\u011fe ke\u015fkek ikram\u0131 talebi"},"content":{"rendered":"<p>Afyonkarahisar\u2019da ger\u00e7ekle\u015ftirilen Ahmet \u015eemsettin Karahisari A\u015fk K\u00fclt\u00fcr ve Sanat G\u00fcnleri Festivali\u2019nde kenti \u00f6zg\u00fc y\u00f6resel yiyecek olan \u015euhut\u2019un ke\u015fke\u011fini \u00fccretsiz vatanda\u015flara ikram eden \u015euhut Belediye Ba\u015fkan\u0131 Recep Bozkurt, Bar\u0131\u015f P\u0131nar\u0131 Harek\u00e2t\u0131\u2019nda \u00e7arp\u0131\u015fan Mehmet\u00e7i\u011fe destek olmak amac\u0131yla ke\u015fkek g\u00f6ndermeye haz\u0131r olduklar\u0131n\u0131 s\u00f6yledi.<\/p>\n<p>Afyonkarahisar\u2019da ger\u00e7ekle\u015ftirilen Ahmet \u015eemsettin Karahisari A\u015fk K\u00fclt\u00fcr ve Sanat g\u00fcnleri Alt\u0131n Eller Geleneksel El Sanatlar\u0131 Festivali\u2019nde kenti \u00f6zg\u00fc y\u00f6resel yiyecek olan \u015euhut\u2019un co\u011frafi i\u015faret alm\u0131\u015f ke\u015fke\u011fi tan\u0131t\u0131ld\u0131. 500 ki\u015filik haz\u0131rlanan ke\u015fkek sabah saatlerinde vatanda\u015flara \u00fccretsiz ikram edildi. Vali Mustafa Tutulmaz ve \u015euhut Belediye Ba\u015fkan\u0131 Recep Bozkurt taraf\u0131ndan da\u011f\u0131t\u0131lan ke\u015fke\u011fi almak isteyen vatanda\u015flar birbirleriyle yar\u0131\u015ft\u0131. Yakla\u015f\u0131k 500 ki\u015filik haz\u0131rlanan ke\u015fkek, k\u0131sa s\u00fcrede t\u00fckendi.<\/p>\n<p>\u201cHalk\u0131m\u0131z bu yeme\u011fi yedikten sonra enerjisini al\u0131r\u201d<\/p>\n<p>\u015euhut Belediye Ba\u015fkan\u0131 Recep Bozkurt yapt\u0131\u011f\u0131 a\u00e7\u0131klamada, Afyonkarahisar\u2019da \u015fehir meydan\u0131nda Ahmet \u015eemsettin Karahisari A\u015fk K\u00fclt\u00fcr ve Sanat g\u00fcnleri Alt\u0131n Eller Geleneksel El Sanatlar\u0131 Festivali kapsam\u0131nda \u015euhut stand\u0131nda \u015euhut\u2019un ke\u015fke\u011fini \u00fccretsiz ikram ettiklerini s\u00f6yledi. \u015euhut ke\u015fke\u011finin UNESCO taraf\u0131ndan tescillendi\u011fini belirten Ba\u015fkan Bozkurt, \u201cOrta Asya\u2019dan T\u00fcrkiye\u2019mize gelen yeg\u00e2ne yiyeceklerden birisidir. \u0130\u00e7erisinde bu\u011fday, et, su var zaten bu kar\u0131\u015f\u0131m T\u00fcrk halk\u0131n\u0131n vaz ge\u00e7ilmez bir kar\u0131\u015f\u0131m\u0131d\u0131r. T\u00fcrk halk\u0131 bu yeme\u011fi yedikten sonra enerjisini al\u0131r, g\u0131das\u0131n\u0131 al\u0131r ve g\u00fc\u00e7l\u00fc bir \u015fekilde sava\u015fsa sava\u015f, meydansa meydan, cihatsa cihat \u00e7al\u0131\u015fmaksa \u00e7al\u0131\u015fmak. T\u00fcrkiye\u2019mizin can ve mal g\u00fcvenli\u011fi a\u00e7\u0131s\u0131ndan Bar\u0131\u015f P\u0131nar\u0131 Harek\u00e2t\u0131 yap\u0131yoruz. G\u00f6n\u00fcl arzu ederdi ki, orada \u00e7arp\u0131\u015fan kahraman Mehmet\u00e7i\u011fimize de buradan ke\u015fke\u011fimizi g\u00f6nderilim. Onlar\u0131n g\u00fcc\u00fcne g\u00fc\u00e7, kuvvetine kuvvet kats\u0131n diye temenni ederek g\u00f6ndermek isterdik ama ihtiya\u00e7 olursa tabi ki biz g\u00f6ndeririz. Kahraman ordumuzun Allah yar ve yard\u0131mc\u0131s\u0131 olsun\u201d dedi.<\/p>\n","protected":false},"excerpt":{"rendered":"<p>AFYONKARAH\u0130SAR\u2019DA GER\u00c7EKLE\u015eT\u0130R\u0130LEN AHMET \u015eEMSETT\u0130N KARAH\u0130SAR\u0130 A\u015eK K\u00dcLT\u00dcR VE SANAT G\u00dcNLER\u0130 FEST\u0130VAL\u0130\u2019NDE KENT\u0130 \u00d6ZG\u00dc Y\u00d6RESEL Y\u0130YECEK OLAN \u015eUHUT\u2019UN KE\u015eKE\u011e\u0130N\u0130 \u00dcCRETS\u0130Z VATANDA\u015eLARA \u0130KRAM EDEN \u015eUHUT BELED\u0130YE BA\u015eKANI RECEP BOZKURT, BARI\u015e PINARI HAREKATI\u2019NDA \u00c7ARPI\u015eAN MEHMET\u00c7\u0130\u011eE DESTEK OLMAK AMACIYLA KE\u015eKEK G\u00d6NDERMEYE HAZIR OLDUKLARINI S\u00d6YLED\u0130.<\/p>\n","protected":false},"author":1,"featured_media":214139,"comment_status":"closed","ping_status":"open","sticky":false,"template":"","format":"standard","meta":{"jetpack_post_was_ever_published":false,"_jetpack_newsletter_access":"","_jetpack_dont_email_post_to_subs":false,"_jetpack_newsletter_tier_id":0,"_jetpack_memberships_contains_paywalled_content":false,"_jetpack_memberships_contains_paid_content":false,"footnotes":"","jetpack_publicize_message":"","jetpack_publicize_feature_enabled":true,"jetpack_social_post_already_shared":true,"jetpack_social_options":{"image_generator_settings":{"template":"highway","default_image_id":0,"font":"","enabled":false},"version":2}},"categories":[1],"tags":[7799,48414,13456,49200,1174],"class_list":["post-214138","post","type-post","status-publish","format-standard","has-post-thumbnail","hentry","category-genel","tag-ikrami","tag-keskek","tag-mehmetcige","tag-suhuttan","tag-talebi"],"jetpack_publicize_connections":[],"jetpack_featured_media_url":"https:\/\/i0.wp.com\/www.tvturk.com\/wp-content\/uploads\/2019\/10\/suhuttan-mehmetcige-keskek-ikrami-talebi_a436277.jpg?fit=1000%2C664","jetpack_sharing_enabled":true,"jetpack_shortlink":"https:\/\/wp.me\/paKIfm-THQ","_links":{"self":[{"href":"http:\/\/www.tvturk.com\/index.php\/wp-json\/wp\/v2\/posts\/214138","targetHints":{"allow":["GET"]}}],"collection":[{"href":"http:\/\/www.tvturk.com\/index.php\/wp-json\/wp\/v2\/posts"}],"about":[{"href":"http:\/\/www.tvturk.com\/index.php\/wp-json\/wp\/v2\/types\/post"}],"author":[{"embeddable":true,"href":"http:\/\/www.tvturk.com\/index.php\/wp-json\/wp\/v2\/users\/1"}],"replies":[{"embeddable":true,"href":"http:\/\/www.tvturk.com\/index.php\/wp-json\/wp\/v2\/comments?post=214138"}],"version-history":[{"count":0,"href":"http:\/\/www.tvturk.com\/index.php\/wp-json\/wp\/v2\/posts\/214138\/revisions"}],"wp:featuredmedia":[{"embeddable":true,"href":"http:\/\/www.tvturk.com\/index.php\/wp-json\/wp\/v2\/media\/214139"}],"wp:attachment":[{"href":"http:\/\/www.tvturk.com\/index.php\/wp-json\/wp\/v2\/media?parent=214138"}],"wp:term":[{"taxonomy":"category","embeddable":true,"href":"http:\/\/www.tvturk.com\/index.php\/wp-json\/wp\/v2\/categories?post=214138"},{"taxonomy":"post_tag","embeddable":true,"href":"http:\/\/www.tvturk.com\/index.php\/wp-json\/wp\/v2\/tags?post=214138"}],"curies":[{"name":"wp","href":"https:\/\/api.w.org\/{rel}","templated":true}]}}