{"id":21415,"date":"2019-02-11T13:36:54","date_gmt":"2019-02-11T10:36:54","guid":{"rendered":"http:\/\/www.tvturk.com\/index.php\/saglik-bakani-bakani-fahrettin-koca-minik-havvain-sag-bacagina-mudahale-edildi\/"},"modified":"2019-02-11T13:36:55","modified_gmt":"2019-02-11T10:36:55","slug":"saglik-bakani-bakani-fahrettin-koca-minik-havvain-sag-bacagina-mudahale-edildi","status":"publish","type":"post","link":"http:\/\/www.tvturk.com\/index.php\/saglik-bakani-bakani-fahrettin-koca-minik-havvain-sag-bacagina-mudahale-edildi\/","title":{"rendered":"Sa\u011fl\u0131k Bakan\u0131  Bakan\u0131 Fahrettin Koca: &#8221; Minik Havva\u2019\u0131n sa\u011f baca\u011f\u0131na m\u00fcdahale edildi&#8221;"},"content":{"rendered":"<p>Sa\u011fl\u0131k Bakan\u0131 Fahrettin Koca Kartal\u2019da \u00e7\u00f6ken binada yaralananlar\u0131 hastanede ziyaret etti. Bakan Koca, bir hastan\u0131n taburcu edildi\u011fini s\u00f6yleyerek, &#8221; 6 ki\u015fi  yo\u011fun bak\u0131mda&#8221; dedi. Minik Havva\u2019n\u0131n durumunun iyi oldu\u011funu s\u00f6yleyen Bakan Koca; &#8220;Bug\u00fcn sa\u011f baca\u011f\u0131na m\u00fcdahale edildi&#8221; dedi.<\/p>\n<p>Sa\u011fl\u0131k Bakan\u0131 Fahrettin Koca, bug\u00fcn Kartal\u2019da \u00e7\u00f6ken binada yaralananlar\u0131 Kartal L\u00fctfi K\u0131rdar E\u011fitim ve Ara\u015ft\u0131rma Hastanesi\u2019nde ziyaret etti. Ziyaretin ard\u0131ndan bas\u0131n mensuplar\u0131na a\u00e7\u0131klama yapan Sa\u011fl\u0131k Bakan\u0131 Koca; &#8220;14 yaral\u0131dan biri taburcu edildi. 6 ki\u015fi yo\u011fun bak\u0131mda. Yedisi servislerde. \u015eu an alt\u0131 hastam\u0131z yo\u011fun bak\u0131mda. \u0130ki hastam\u0131z\u0131n ciddiyetini koruyordu. Art\u0131k bir hastam\u0131z\u0131n ciddiyetini korudu\u011funu s\u00f6yleyebiliriz. \u0130ki ki\u015fiden di\u011ferinin durumu orta durumda&#8221; dedi. G\u00f6\u00e7\u00fckten canl\u0131 kurtar\u0131lan Azra Havva Tekg\u00f6z ile ilgili a\u00e7\u0131klama yapan Sa\u011fl\u0131k Bakan\u0131 Fahrettin Koca, &#8220;Alt\u0131 ya\u015f\u0131nda Havva k\u0131z\u0131m\u0131z\u0131n genel durumu iyi, solunum cihaz\u0131na ba\u011fl\u0131 de\u011fil. Sa\u011f baca\u011f\u0131na m\u00fcdahale edildi. Ayr\u0131ca Dokuz ya\u015f\u0131nda Mahmut Tayyip\u2019 in de bug\u00fcn sol baca\u011f\u0131na k\u00fc\u00e7\u00fck bir m\u00fcdahale yap\u0131ld\u0131. Genel durumu iyi.  Ciddi sorunu g\u00f6r\u00fcnm\u00fcyor. Bu g\u00fcn iki hastam\u0131z taburcu olabilir. Zannediyorum toplam d\u00f6rt hastam\u0131z\u0131 taburcu edebiliriz g\u00f6r\u00fcn\u00fcyor. Mert\u2019in durumu ise onun da sa\u011f baca\u011f\u0131n\u0131n diz \u00fcst\u00fcne k\u00fc\u00e7\u00fck bir m\u00fcdahale edildi. Genel durumu iyi &#8221; dedi.<div class=\"tiled-gallery type-rectangular tiled-gallery-unresized\" data-original-width=\"500\" data-carousel-extra='null' itemscope itemtype=\"http:\/\/schema.org\/ImageGallery\" > <div class=\"gallery-row\" style=\"width: 500px; height: 283px;\" data-original-width=\"500\" data-original-height=\"283\" > <div class=\"gallery-group images-1\" style=\"width: 500px; height: 283px;\" data-original-width=\"500\" data-original-height=\"283\" > <div class=\"tiled-gallery-item tiled-gallery-item-large\" itemprop=\"associatedMedia\" itemscope itemtype=\"http:\/\/schema.org\/ImageObject\"> <a href=\"http:\/\/www.tvturk.com\/index.php\/saglik-bakani-bakani-fahrettin-koca-minik-havvain-sag-bacagina-mudahale-edildi\/saglik-bakani-bakani-fahrettin-koca-minik-havvain-sag-bacagina-mudahale-edildi-3\/\" border=\"0\" itemprop=\"url\"> <meta itemprop=\"width\" content=\"496\"> <meta itemprop=\"height\" content=\"279\"> <img decoding=\"async\" class=\"\" data-attachment-id=\"21417\" data-orig-file=\"http:\/\/www.tvturk.com\/wp-content\/uploads\/2019\/02\/saglik-bakani-bakani-fahrettin-koca-minik-havvain-sag-bacagina-mudahale-edildi_e78f80b.jpg\" data-orig-size=\"1000,562\" data-comments-opened=\"\" data-image-meta=\"{&quot;aperture&quot;:&quot;0&quot;,&quot;credit&quot;:&quot;IHA&quot;,&quot;camera&quot;:&quot;&quot;,&quot;caption&quot;:&quot;SA\\u011eLIK BAKANI FAHRETT\\u0130N KOCA, BUG\\u00dcN KARTAL\\u0027DA \\u00c7\\u00d6KEN B\\u0130NADA YARALANANLARI KARTAL L\\u00dcTF\\u0130 KIRDAR E\\u011e\\u0130T\\u0130M VE ARA\\u015eTIRMA HASTANES\\u0130\\u0027NDE Z\\u0130YARET ETT\\u0130. (ALPER SUAT TUTA\\u015eI - HAL\\u0130T ARSLAN\\\/\\u0130STANBUL-\\u0130HA)&quot;,&quot;created_timestamp&quot;:&quot;0&quot;,&quot;copyright&quot;:&quot;\\u0130HLAS HABER AJANSI, www.iha.com.tr&quot;,&quot;focal_length&quot;:&quot;0&quot;,&quot;iso&quot;:&quot;0&quot;,&quot;shutter_speed&quot;:&quot;0&quot;,&quot;title&quot;:&quot;SA\\u011eLIK BAKANI BAKANI FAHRETT\\u0130N KOCA: \\u0022 M\\u0130N\\u0130K HAVVA\\u0027IN SA\\u011e BACA\\u011eINA M\\u00dcDAHALE ED\\u0130LD\\u0130\\u0022 BAKAN KOCA: \\u0022 B\\u0130R HASTA TABURCU ED\\u0130LD\\u0130\\u0022&quot;,&quot;orientation&quot;:&quot;0&quot;}\" data-image-title=\"Sa\u011fl\u0131k Bakan\u0131 Bakan\u0131 Fahrettin Koca: &amp;#8221; Minik Havva\u2019\u0131n sa\u011f baca\u011f\u0131na m\u00fcdahale edildi&amp;#8221;\" data-image-description=\"&lt;p&gt;Sa\u011fl\u0131k Bakan\u0131 Bakan\u0131 Fahrettin Koca: &amp;#8221; Minik Havva\u2019\u0131n sa\u011f baca\u011f\u0131na m\u00fcdahale edildi&amp;#8221;&lt;\/p&gt; \" data-medium-file=\"https:\/\/i0.wp.com\/www.tvturk.com\/wp-content\/uploads\/2019\/02\/saglik-bakani-bakani-fahrettin-koca-minik-havvain-sag-bacagina-mudahale-edildi_e78f80b.jpg?fit=300%2C169\" data-large-file=\"https:\/\/i0.wp.com\/www.tvturk.com\/wp-content\/uploads\/2019\/02\/saglik-bakani-bakani-fahrettin-koca-minik-havvain-sag-bacagina-mudahale-edildi_e78f80b.jpg?fit=1000%2C562\" src=\"https:\/\/i0.wp.com\/www.tvturk.com\/wp-content\/uploads\/2019\/02\/saglik-bakani-bakani-fahrettin-koca-minik-havvain-sag-bacagina-mudahale-edildi_e78f80b.jpg?w=496&#038;h=279\" srcset=\"https:\/\/i0.wp.com\/www.tvturk.com\/wp-content\/uploads\/2019\/02\/saglik-bakani-bakani-fahrettin-koca-minik-havvain-sag-bacagina-mudahale-edildi_e78f80b.jpg?w=1000 1000w, https:\/\/i0.wp.com\/www.tvturk.com\/wp-content\/uploads\/2019\/02\/saglik-bakani-bakani-fahrettin-koca-minik-havvain-sag-bacagina-mudahale-edildi_e78f80b.jpg?resize=150%2C84 150w, https:\/\/i0.wp.com\/www.tvturk.com\/wp-content\/uploads\/2019\/02\/saglik-bakani-bakani-fahrettin-koca-minik-havvain-sag-bacagina-mudahale-edildi_e78f80b.jpg?resize=300%2C169 300w, https:\/\/i0.wp.com\/www.tvturk.com\/wp-content\/uploads\/2019\/02\/saglik-bakani-bakani-fahrettin-koca-minik-havvain-sag-bacagina-mudahale-edildi_e78f80b.jpg?resize=768%2C432 768w, https:\/\/i0.wp.com\/www.tvturk.com\/wp-content\/uploads\/2019\/02\/saglik-bakani-bakani-fahrettin-koca-minik-havvain-sag-bacagina-mudahale-edildi_e78f80b.jpg?resize=200%2C113 200w\" width=\"496\" height=\"279\" loading=\"lazy\" data-original-width=\"496\" data-original-height=\"279\" itemprop=\"http:\/\/schema.org\/image\" title=\"Sa\u011fl\u0131k Bakan\u0131 Bakan\u0131 Fahrettin Koca: &quot; Minik Havva\u2019\u0131n sa\u011f baca\u011f\u0131na m\u00fcdahale edildi&quot;\" alt=\"Sa\u011fl\u0131k Bakan\u0131 Bakan\u0131 Fahrettin Koca: &quot; Minik Havva\u2019\u0131n sa\u011f baca\u011f\u0131na m\u00fcdahale edildi&quot;\" style=\"width: 496px; height: 279px;\" \/> <\/a> <\/div> <\/div> <!-- close group --> <\/div> <!-- close row --> <\/div><\/p>\n","protected":false},"excerpt":{"rendered":"<p>SA\u011eLIK BAKANI FAHRETT\u0130N KOCA, BUG\u00dcN KARTAL&#8217;DA \u00c7\u00d6KEN B\u0130NADA YARALANANLARI KARTAL L\u00dcTF\u0130 KIRDAR E\u011e\u0130T\u0130M VE ARA\u015eTIRMA HASTANES\u0130&#8217;NDE Z\u0130YARET ETT\u0130.<\/p>\n","protected":false},"author":1,"featured_media":21416,"comment_status":"closed","ping_status":"open","sticky":false,"template":"","format":"standard","meta":{"jetpack_post_was_ever_published":false,"_jetpack_newsletter_access":"","_jetpack_dont_email_post_to_subs":false,"_jetpack_newsletter_tier_id":0,"_jetpack_memberships_contains_paywalled_content":false,"_jetpack_memberships_contains_paid_content":false,"footnotes":"","jetpack_publicize_message":"","jetpack_publicize_feature_enabled":true,"jetpack_social_post_already_shared":false,"jetpack_social_options":{"image_generator_settings":{"template":"highway","default_image_id":0,"font":"","enabled":false},"version":2}},"categories":[655],"tags":[9255,933,857,2513,9254,2154,1636,5125,1785,734],"class_list":["post-21415","post","type-post","status-publish","format-standard","has-post-thumbnail","hentry","category-son-dakika","tag-bacagina","tag-bakani","tag-edildi","tag-fahrettin","tag-havvain","tag-koca","tag-minik","tag-mudahale","tag-sag","tag-saglik"],"jetpack_publicize_connections":[],"jetpack_featured_media_url":"https:\/\/i0.wp.com\/www.tvturk.com\/wp-content\/uploads\/2019\/02\/saglik-bakani-bakani-fahrettin-koca-minik-havvain-sag-bacagina-mudahale-edildi_1aaa0b6.jpg?fit=1000%2C562","jetpack_sharing_enabled":true,"jetpack_shortlink":"https:\/\/wp.me\/paKIfm-5zp","_links":{"self":[{"href":"http:\/\/www.tvturk.com\/index.php\/wp-json\/wp\/v2\/posts\/21415","targetHints":{"allow":["GET"]}}],"collection":[{"href":"http:\/\/www.tvturk.com\/index.php\/wp-json\/wp\/v2\/posts"}],"about":[{"href":"http:\/\/www.tvturk.com\/index.php\/wp-json\/wp\/v2\/types\/post"}],"author":[{"embeddable":true,"href":"http:\/\/www.tvturk.com\/index.php\/wp-json\/wp\/v2\/users\/1"}],"replies":[{"embeddable":true,"href":"http:\/\/www.tvturk.com\/index.php\/wp-json\/wp\/v2\/comments?post=21415"}],"version-history":[{"count":1,"href":"http:\/\/www.tvturk.com\/index.php\/wp-json\/wp\/v2\/posts\/21415\/revisions"}],"predecessor-version":[{"id":21418,"href":"http:\/\/www.tvturk.com\/index.php\/wp-json\/wp\/v2\/posts\/21415\/revisions\/21418"}],"wp:featuredmedia":[{"embeddable":true,"href":"http:\/\/www.tvturk.com\/index.php\/wp-json\/wp\/v2\/media\/21416"}],"wp:attachment":[{"href":"http:\/\/www.tvturk.com\/index.php\/wp-json\/wp\/v2\/media?parent=21415"}],"wp:term":[{"taxonomy":"category","embeddable":true,"href":"http:\/\/www.tvturk.com\/index.php\/wp-json\/wp\/v2\/categories?post=21415"},{"taxonomy":"post_tag","embeddable":true,"href":"http:\/\/www.tvturk.com\/index.php\/wp-json\/wp\/v2\/tags?post=21415"}],"curies":[{"name":"wp","href":"https:\/\/api.w.org\/{rel}","templated":true}]}}