{"id":214178,"date":"2019-10-11T15:48:00","date_gmt":"2019-10-11T12:48:00","guid":{"rendered":"http:\/\/www.tvturk.com\/index.php\/fenerbahce-denizlispor-maci-hazirliklarini-surdurdu\/"},"modified":"2019-10-11T15:48:00","modified_gmt":"2019-10-11T12:48:00","slug":"fenerbahce-denizlispor-maci-hazirliklarini-surdurdu","status":"publish","type":"post","link":"http:\/\/www.tvturk.com\/index.php\/fenerbahce-denizlispor-maci-hazirliklarini-surdurdu\/","title":{"rendered":"Fenerbah\u00e7e, Denizlispor ma\u00e7\u0131 haz\u0131rl\u0131klar\u0131n\u0131 s\u00fcrd\u00fcrd\u00fc"},"content":{"rendered":"<p>Fenerbah\u00e7e, S\u00fcper Lig\u2019in 8. haftas\u0131nda deplasmanda oynayaca\u011f\u0131 Denizlispor ma\u00e7\u0131n\u0131n haz\u0131rl\u0131klar\u0131n\u0131 yapt\u0131\u011f\u0131 antrenmanla devam etti.<\/p>\n<p>Can Bartu Tesisleri\u2019nde Teknik Direkt\u00f6r Ersun Yanal y\u00f6netiminde milli tak\u0131mlar\u0131nda yer alan oyunculardan yoksun ger\u00e7ekle\u015ftirilen antrenman ko\u015fu ve \u0131s\u0131nma hareketleriyle ba\u015flad\u0131 ve \u00e7abukluk \u00e7al\u0131\u015fmas\u0131yla s\u00fcrd\u00fc. Bire bir, ikiye iki ve \u00fc\u00e7e \u00fc\u00e7 h\u00fccum-savunma organizasyonlar\u0131 yapan futbolcular, bireysel \u00e7al\u0131\u015fmalarla antrenman\u0131 noktalad\u0131.<\/p>\n<p>Fenerbah\u00e7e, 2 g\u00fcnl\u00fck aran\u0131n ard\u0131ndan 14 Ekim Pazartesi g\u00fcn\u00fc yapaca\u011f\u0131 \u00e7al\u0131\u015fmalarla Denizlispor ma\u00e7\u0131 haz\u0131rl\u0131klar\u0131n\u0131 s\u00fcrd\u00fcrecek.<\/p>\n","protected":false},"excerpt":{"rendered":"<p>FENERBAH\u00c7E, S\u00dcPER L\u0130G&#8217;\u0130N 8. HAFTASINDA DEPLASMANDA OYNAYACA\u011eI DEN\u0130ZL\u0130SPOR MA\u00c7ININ HAZIRLIKLARINI YAPTI\u011eI ANTRENMANLA DEVAM ETT\u0130.<\/p>\n","protected":false},"author":1,"featured_media":214179,"comment_status":"closed","ping_status":"open","sticky":false,"template":"","format":"standard","meta":{"jetpack_post_was_ever_published":false,"_jetpack_newsletter_access":"","_jetpack_dont_email_post_to_subs":false,"_jetpack_newsletter_tier_id":0,"_jetpack_memberships_contains_paywalled_content":false,"_jetpack_memberships_contains_paid_content":false,"footnotes":"","jetpack_publicize_message":"","jetpack_publicize_feature_enabled":true,"jetpack_social_post_already_shared":true,"jetpack_social_options":{"image_generator_settings":{"template":"highway","default_image_id":0,"font":"","enabled":false},"version":2}},"categories":[657],"tags":[6694,2626,2628,777,2629],"class_list":["post-214178","post","type-post","status-publish","format-standard","has-post-thumbnail","hentry","category-spor","tag-denizlispor","tag-fenerbahce","tag-hazirliklarini","tag-maci","tag-surdurdu"],"jetpack_publicize_connections":[],"jetpack_featured_media_url":"https:\/\/i0.wp.com\/www.tvturk.com\/wp-content\/uploads\/2019\/10\/fenerbahce-denizlispor-maci-hazirliklarini-surdurdu_e18e31c.jpg?fit=1000%2C699","jetpack_sharing_enabled":true,"jetpack_shortlink":"https:\/\/wp.me\/paKIfm-TIu","_links":{"self":[{"href":"http:\/\/www.tvturk.com\/index.php\/wp-json\/wp\/v2\/posts\/214178","targetHints":{"allow":["GET"]}}],"collection":[{"href":"http:\/\/www.tvturk.com\/index.php\/wp-json\/wp\/v2\/posts"}],"about":[{"href":"http:\/\/www.tvturk.com\/index.php\/wp-json\/wp\/v2\/types\/post"}],"author":[{"embeddable":true,"href":"http:\/\/www.tvturk.com\/index.php\/wp-json\/wp\/v2\/users\/1"}],"replies":[{"embeddable":true,"href":"http:\/\/www.tvturk.com\/index.php\/wp-json\/wp\/v2\/comments?post=214178"}],"version-history":[{"count":0,"href":"http:\/\/www.tvturk.com\/index.php\/wp-json\/wp\/v2\/posts\/214178\/revisions"}],"wp:featuredmedia":[{"embeddable":true,"href":"http:\/\/www.tvturk.com\/index.php\/wp-json\/wp\/v2\/media\/214179"}],"wp:attachment":[{"href":"http:\/\/www.tvturk.com\/index.php\/wp-json\/wp\/v2\/media?parent=214178"}],"wp:term":[{"taxonomy":"category","embeddable":true,"href":"http:\/\/www.tvturk.com\/index.php\/wp-json\/wp\/v2\/categories?post=214178"},{"taxonomy":"post_tag","embeddable":true,"href":"http:\/\/www.tvturk.com\/index.php\/wp-json\/wp\/v2\/tags?post=214178"}],"curies":[{"name":"wp","href":"https:\/\/api.w.org\/{rel}","templated":true}]}}