{"id":214182,"date":"2019-10-11T16:02:18","date_gmt":"2019-10-11T13:02:18","guid":{"rendered":"http:\/\/www.tvturk.com\/index.php\/ticaret-bakani-pekcan-son-17-senenin-getirdigi-istikrarla-ekonomimizdeki-buyume-ve-ihracatimizdaki-artis-devam-etmistir\/"},"modified":"2019-10-11T16:02:18","modified_gmt":"2019-10-11T13:02:18","slug":"ticaret-bakani-pekcan-son-17-senenin-getirdigi-istikrarla-ekonomimizdeki-buyume-ve-ihracatimizdaki-artis-devam-etmistir","status":"publish","type":"post","link":"http:\/\/www.tvturk.com\/index.php\/ticaret-bakani-pekcan-son-17-senenin-getirdigi-istikrarla-ekonomimizdeki-buyume-ve-ihracatimizdaki-artis-devam-etmistir\/","title":{"rendered":"Ticaret Bakan\u0131 Pekcan: \u201cSon 17 senenin getirdi\u011fi istikrarla ekonomimizdeki b\u00fcy\u00fcme ve ihracat\u0131m\u0131zdaki art\u0131\u015f devam etmi\u015ftir\u201d"},"content":{"rendered":"<p>Ticaret Bakan\u0131 Ruhsar Pekcan, Azerbaycan ile basitle\u015ftirilmi\u015f g\u00fcmr\u00fck hatt\u0131na ili\u015fkin mutabakat zapt\u0131n\u0131n imza t\u00f6reninde son 17 senenin getirdi\u011fi istikrarla ekonomideki b\u00fcy\u00fcme ve ihracattaki art\u0131\u015f\u0131n devam etti\u011fini s\u00f6yledi. YPG taraf\u0131ndan T\u00fcrkiye topraklar\u0131na d\u00fczenlenen sald\u0131r\u0131larda \u015fehit olanlara Allah\u2019tan rahmet dileyen Pekcan, \u201cOrdumuzun b\u00f6lgede g\u00f6revlerini ba\u015far\u0131yla ifa edeceklerinden hi\u00e7bir ku\u015fkumuz yok\u201d dedi.<\/p>\n<p>Ticaret Bakanl\u0131\u011f\u0131 konferans salonunda ger\u00e7ekle\u015ftirilen t\u00f6rende T\u00fcrkiye ile Azerbaycan aras\u0131nda basitle\u015ftirilmi\u015f g\u00fcmr\u00fck hatt\u0131na ili\u015fkin mutabakat zapt\u0131, Ticaret Bakan\u0131 Ruhsar Pekcan ile Azerbaycan Devlet G\u00fcmr\u00fck Komitesi Ba\u015fkan\u0131 Sefer Mehdiyev aras\u0131nda imzaland\u0131. Bakan Pekcan, imzalanan anla\u015fma sonras\u0131 Bar\u0131\u015f Plan\u0131 Harekat\u0131\u2019yla ilgili a\u00e7\u0131klamalarda bulundu. Pekcan, \u201cG\u00fcney s\u0131n\u0131rlar\u0131m\u0131zda olu\u015fturulmu\u015f olan ter\u00f6r koridorunu bertaraf etmek i\u00e7in ba\u015flatt\u0131\u011f\u0131m\u0131z harekattaki b\u00fct\u00fcn askerlerimize, ordumuza Allah\u2019\u0131n yard\u0131mc\u0131 olmas\u0131n\u0131 diliyoruz. Bu vesileyle de o b\u00f6lgede g\u00f6revlerini ba\u015far\u0131yla ifa edeceklerinden hi\u00e7bir ku\u015fkumuz yok. Allah\u2019\u0131n izniyle bu operasyonu en az kay\u0131pla ger\u00e7ekle\u015ftirecekler. Maalesef d\u00fcn sivil halka ate\u015f ettiler, biraz \u00f6nce de gazetecilerin bulundu\u011fu binaya ate\u015f edilmi\u015f. Vefat edenler ve \u015fehit olanlara Allah\u2019tan rahmet diliyoruz\u201d ifadelerini kulland\u0131.<\/p>\n<p>Azerbaycan\u2019da d\u00fczenlenecek T\u00fcrk Konseyi Liderler Zirvesi\u2019ne Cumhurba\u015fkan\u0131 Recep Tayyip Erdo\u011fan\u2019\u0131n da kat\u0131laca\u011f\u0131n\u0131 ifade eden Pekcan, \u201cG\u00fcmr\u00fck alan\u0131nda 3\u2019\u00fcnc\u00fc G\u00fcmr\u00fck \u0130\u015fbirli\u011fi Toplant\u0131s\u0131\u2019n\u0131 da ger\u00e7ekle\u015ftirdiler. Biz de Mehdiyev\u2019le basitle\u015ftirilmi\u015f g\u00fcmr\u00fck anla\u015fmas\u0131n\u0131 imzalad\u0131k. Sizlerin de bildi\u011fi \u00fczere T\u00fcrk Konseyi Liderler Zirvesi 14-15 Kas\u0131m\u2019da Azerbaycan\u2019da d\u00fczenlenecek. Cumhurba\u015fkan\u0131m\u0131z da oraya te\u015frif edecekler. Bu vesileyle de Azerbaycan\u2019la aram\u0131zda tercihli ticaret anla\u015fmas\u0131n\u0131n da imzalanaca\u011f\u0131n\u0131 \u00f6ng\u00f6r\u00fcyoruz. T\u00fcrkiye olarak t\u00fcm kararl\u0131l\u0131\u011f\u0131m\u0131zla ekonomik hedeflerimize y\u00fcr\u00fcyoruz. Son 17 senenin getirdi\u011fi istikrarla ekonomimizdeki b\u00fcy\u00fcme ve ihracat\u0131m\u0131zdaki art\u0131\u015f devam etmi\u015ftir. 2019 y\u0131l\u0131n\u0131 biz bir dengelenme s\u00fcreci olarak g\u00f6r\u00fcyoruz. \u0130n\u015fallah bundan sonra da T\u00fcrkiye\u2019nin y\u00fczde 5 civar\u0131nda b\u00fcy\u00fcmesini \u00f6ng\u00f6r\u00fcyoruz. \u0130hracat\u0131m\u0131z\u0131n da etkisiyle ve Hazine ve Maliye Bakan\u0131m\u0131z\u0131n da ald\u0131\u011f\u0131 \u00f6nlemlerle beraber cari a\u00e7\u0131\u011f\u0131m\u0131z da pozitif y\u00f6nde ilerlemektedir. \u0130hracat\u0131m\u0131z da son 9 ayda 2,6 oran\u0131nda artarak 132 bu\u00e7uk milyar dolara ula\u015fm\u0131\u015ft\u0131r. \u0130thalat\u0131m\u0131z, 15,3 oran\u0131nda d\u00fc\u015fm\u00fc\u015ft\u00fcr son 9 ayda. 154 milyar dolar seviyesine gelmi\u015f bulunmaktad\u0131r. D\u0131\u015f ticaret a\u00e7\u0131\u011f\u0131m\u0131z, ihracat\u0131n, ithalat\u0131 kar\u015f\u0131lama oran\u0131 y\u00fczde 71\u2019lerden y\u00fczde 86\u2019lara ula\u015fm\u0131\u015f durumda. Gene ilk 9 ay itibar\u0131yla d\u0131\u015f ticaret a\u00e7\u0131\u011f\u0131m\u0131zda 31,1 milyar dolarl\u0131k bir azalma s\u00f6z konusudur. Bu da T\u00fcrkiye\u2019nin d\u0131\u015f finansman ihtiyac\u0131nda 31,1 milyar dolar azalma anlam\u0131na gelmektedir. Bundan b\u00f6yle de in\u015fallah ihracat\u0131m\u0131z\u0131n hem T\u00fcrkiye\u2019nin cari dengesine katk\u0131 sa\u011flamas\u0131n\u0131 hem de T\u00fcrkiye\u2019nin b\u00fcy\u00fcmesine katk\u0131 sa\u011flamas\u0131na gayret edece\u011fiz\u201d \u015feklinde konu\u015ftu.<\/p>\n<p>Ekonomi ve ihracattaki b\u00fcy\u00fcmenin devam edece\u011fini vurgulayan Pekcan, \u201cBakanl\u0131k olarak dijitalle\u015fmeye son derece \u00f6nem veriyoruz. Uluslararas\u0131 ili\u015fkilerimize \u00f6nem veriyoruz. T\u00fcrkiye\u2019nin ekonomisi kendi dinamikleriyle g\u00fc\u00e7lenerek devam edecektir. Gerek ihracat\u0131m\u0131z, gerek ekonomik b\u00fcy\u00fcmemiz kendi ihracat\u0131m\u0131zla; yeti\u015fmi\u015f, e\u011fitimli, tecr\u00fcbeli i\u015f g\u00fcc\u00fcm\u00fcz ve \u00fcretimimizle dengeli bir \u015fekilde devam etmektedir. Tabii, bu arada uluslararas\u0131 ili\u015fkilerimize de son derece \u00f6nem veriyoruz. Ekonomik i\u015fbirli\u011fi yapt\u0131\u011f\u0131m\u0131z \u00fclkelerle ili\u015fkilerimizi son derece tutarl\u0131 s\u00fcrd\u00fcrmek i\u00e7in gayret i\u00e7erisinde olmaya devam edece\u011fiz. Dijitalle\u015fmeyle yapt\u0131\u011f\u0131m\u0131z \u00e7al\u0131\u015fmalarla ilgili Mehdiyev\u2019le de payla\u015ft\u0131\u011f\u0131m gibi gerek ka\u011f\u0131ts\u0131z ihracatta, gerek tek durakta, elektronik teminat mektubu gibi yetkilendirilmi\u015f h\u00fck\u00fcml\u00fc stat\u00fcs\u00fc var\u0131\u015f \u00f6ncesi g\u00fcmr\u00fcklerde ger\u00e7ekten ciddi ilerlemeler kaydettik. Ticaretin kolayla\u015ft\u0131r\u0131lmas\u0131 y\u00f6n\u00fcnde \u00e7abalar\u0131m\u0131z devam ediyor. Ticaretin en h\u0131zl\u0131, en kolay, en h\u0131zl\u0131 ve en g\u00fcvenilir yap\u0131ld\u0131\u011f\u0131 \u00fclkeler aras\u0131nda olma yolunda emin ad\u0131mlarla ilerliyoruz. G\u00fcmr\u00fck alan\u0131nda da her t\u00fcrl\u00fc i\u015fbirli\u011fine a\u00e7\u0131k oldu\u011fumuzu kendileriyle payla\u015ft\u0131k. \u0130n\u015fallah yak\u0131n zamanda Tar\u0131m Bakanl\u0131\u011f\u0131 ve g\u00fcmr\u00fckler bir araya gelecek. 17 Kas\u0131m\u2019da G\u00fcrcistan\u2019la da bir toplant\u0131m\u0131z var. Bizim hedefimiz bu toplant\u0131lar\u0131, g\u00fcmr\u00fck ve lojistik alan\u0131ndaki i\u015fbirli\u011fini Azerbaycan, T\u00fcrkiye ve G\u00fcrcistan olarak da beraber \u00e7\u00f6z\u00fcm yoluna kavu\u015fturmak\u201d diye konu\u015ftu.<\/p>\n<p>Azerbaycan Devlet G\u00fcmr\u00fck Komitesi Ba\u015fkan\u0131 Sefer Mehdiyev ise, imzalanan anla\u015fman\u0131n \u00f6nemine vurgu yaparak, \u201c\u0130ki devletin cumhurba\u015fkanlar\u0131n\u0131n bizim bakanl\u0131k kar\u015f\u0131s\u0131nda koydu\u011fu hedefe ula\u015fmak i\u00e7in bug\u00fcn imzalad\u0131\u011f\u0131m\u0131z protokol hem ticaretin kolayla\u015ft\u0131r\u0131lmas\u0131na hizmet edecek hem de Bak\u00fc\u2019de imzalanacak Tercihli Ticaret Anla\u015fmas\u0131\u2019na destek ve temel olu\u015fturacak\u201d dedi.<\/p>\n","protected":false},"excerpt":{"rendered":"<p>T\u0130CARET BAKANI RUHSAR PEKCAN, \u201cMAALESEF D\u00dcN S\u0130V\u0130L HALKA ATE\u015e ETT\u0130LER, B\u0130RAZ \u00d6NCE DE GAZETEC\u0130LER\u0130N BULUNDU\u011eU B\u0130NAYA ATE\u015e ED\u0130LM\u0130\u015e. VEFAT EDENLER VE \u015eEH\u0130T OLANLARA ALLAH\u2019TAN RAHMET D\u0130L\u0130YORUZ\u201d DED\u0130.<\/p>\n","protected":false},"author":1,"featured_media":214183,"comment_status":"closed","ping_status":"open","sticky":false,"template":"","format":"standard","meta":{"jetpack_post_was_ever_published":false,"_jetpack_newsletter_access":"","_jetpack_dont_email_post_to_subs":false,"_jetpack_newsletter_tier_id":0,"_jetpack_memberships_contains_paywalled_content":false,"_jetpack_memberships_contains_paid_content":false,"footnotes":"","jetpack_publicize_message":"","jetpack_publicize_feature_enabled":true,"jetpack_social_post_already_shared":true,"jetpack_social_options":{"image_generator_settings":{"template":"highway","default_image_id":0,"font":"","enabled":false},"version":2}},"categories":[19],"tags":[18385,6576,933,9422,522,49641,25236,5660,54151,54150,3537,1240,373],"class_list":["post-214182","post","type-post","status-publish","format-standard","has-post-thumbnail","hentry","category-ekonomi","tag-senenin","tag-artis","tag-bakani","tag-buyume","tag-devam","tag-ekonomimizdeki","tag-etmistir","tag-getirdigi","tag-ihracatimizdaki","tag-istikrarla","tag-pekcan","tag-son","tag-ticaret"],"jetpack_publicize_connections":[],"jetpack_featured_media_url":"https:\/\/i0.wp.com\/www.tvturk.com\/wp-content\/uploads\/2019\/10\/ticaret-bakani-pekcan-son-17-senenin-getirdigi-istikrarla-ekonomimizdeki-buyume-ve-ihracatimizdaki-artis-devam-etmistir_ff04386.jpg?fit=1000%2C666","jetpack_sharing_enabled":true,"jetpack_shortlink":"https:\/\/wp.me\/paKIfm-TIy","_links":{"self":[{"href":"http:\/\/www.tvturk.com\/index.php\/wp-json\/wp\/v2\/posts\/214182","targetHints":{"allow":["GET"]}}],"collection":[{"href":"http:\/\/www.tvturk.com\/index.php\/wp-json\/wp\/v2\/posts"}],"about":[{"href":"http:\/\/www.tvturk.com\/index.php\/wp-json\/wp\/v2\/types\/post"}],"author":[{"embeddable":true,"href":"http:\/\/www.tvturk.com\/index.php\/wp-json\/wp\/v2\/users\/1"}],"replies":[{"embeddable":true,"href":"http:\/\/www.tvturk.com\/index.php\/wp-json\/wp\/v2\/comments?post=214182"}],"version-history":[{"count":0,"href":"http:\/\/www.tvturk.com\/index.php\/wp-json\/wp\/v2\/posts\/214182\/revisions"}],"wp:featuredmedia":[{"embeddable":true,"href":"http:\/\/www.tvturk.com\/index.php\/wp-json\/wp\/v2\/media\/214183"}],"wp:attachment":[{"href":"http:\/\/www.tvturk.com\/index.php\/wp-json\/wp\/v2\/media?parent=214182"}],"wp:term":[{"taxonomy":"category","embeddable":true,"href":"http:\/\/www.tvturk.com\/index.php\/wp-json\/wp\/v2\/categories?post=214182"},{"taxonomy":"post_tag","embeddable":true,"href":"http:\/\/www.tvturk.com\/index.php\/wp-json\/wp\/v2\/tags?post=214182"}],"curies":[{"name":"wp","href":"https:\/\/api.w.org\/{rel}","templated":true}]}}