{"id":214198,"date":"2019-10-11T16:17:03","date_gmt":"2019-10-11T13:17:03","guid":{"rendered":"http:\/\/www.tvturk.com\/index.php\/alanyada-mehmetcige-mehterli-destek\/"},"modified":"2019-10-11T16:17:03","modified_gmt":"2019-10-11T13:17:03","slug":"alanyada-mehmetcige-mehterli-destek","status":"publish","type":"post","link":"http:\/\/www.tvturk.com\/index.php\/alanyada-mehmetcige-mehterli-destek\/","title":{"rendered":"Alanya\u2019da Mehmet\u00e7i\u011fe mehterli destek"},"content":{"rendered":"<p>Antalya\u2019n\u0131n Alanya il\u00e7esinde Mehter Tak\u0131m\u0131, Suriye\u2019de y\u00fcr\u00fct\u00fclen Bar\u0131\u015f P\u0131nar\u0131 Harekat\u0131\u2019nda g\u00f6revli Mehmet\u00e7i\u011fe s\u00f6yledikleri mar\u015flarla destek verdi. Mehter Tak\u0131m\u0131\u2019n\u0131n konserine halk\u0131n yan\u0131 s\u0131ra yabanc\u0131 turistler de yo\u011fun ilgi g\u00f6sterdi.<\/p>\n<p>Alanya Belediyesi Mehter Tak\u0131m\u0131, T\u00fcrkiye\u2019nin g\u00fcney s\u0131n\u0131r\u0131nda olu\u015fturulmaya \u00e7al\u0131\u015f\u0131lan ter\u00f6r koridorunu yok etmek, b\u00f6lgeye bar\u0131\u015f ve huzuru getirmek amac\u0131yla d\u00fczenlenen Bar\u0131\u015f P\u0131nar\u0131 Harekat\u0131\u2019na destek i\u00e7in konser d\u00fczenledi. H\u00fck\u00fcmet Meydan\u0131\u2019nda \u2018Mehter Mar\u015f\u0131\u2019, \u2018Gen\u00e7 Osman\u2019, \u2018H\u00fccum Mar\u015f\u0131\u2019 gibi bir\u00e7ok eserin seslendirildi\u011fi konseri \u00e7ok say\u0131da yerli halk ve yabanc\u0131 turistler ilgiyle dinledi. Vatanda\u015flar hep bir a\u011f\u0131zdan seslendirilen eserlere e\u015flik ederken,  baz\u0131 turistler ise cep telefonuyla konseri kaydetti. Yakla\u015f\u0131k 3 saat s\u00fcren Mehmet\u00e7i\u011fe destek konserinde duygusal anlar da ya\u015fand\u0131.<\/p>\n","protected":false},"excerpt":{"rendered":"<p>ANTALYA\u2019NIN ALANYA \u0130L\u00c7ES\u0130NDE MEHTER TAKIMI SUR\u0130YE\u2019DE Y\u00dcR\u00dcT\u00dcLEN BARI\u015e PINARI HAREKATI\u2019NDA G\u00d6REVL\u0130 MEHMET\u00c7\u0130\u011eE S\u00d6YLED\u0130KLER\u0130 MAR\u015eLARLA DESTEK VERD\u0130. MEHTER TAKIMI\u2019NIN KONSER\u0130NE YERL\u0130 HALKIN YANI SIRA YABANCI TUR\u0130STLERDE YO\u011eUN \u0130LG\u0130 G\u00d6STERD\u0130.<\/p>\n","protected":false},"author":1,"featured_media":214199,"comment_status":"closed","ping_status":"open","sticky":false,"template":"","format":"standard","meta":{"jetpack_post_was_ever_published":false,"_jetpack_newsletter_access":"","_jetpack_dont_email_post_to_subs":false,"_jetpack_newsletter_tier_id":0,"_jetpack_memberships_contains_paywalled_content":false,"_jetpack_memberships_contains_paid_content":false,"footnotes":"","jetpack_publicize_message":"","jetpack_publicize_feature_enabled":true,"jetpack_social_post_already_shared":true,"jetpack_social_options":{"image_generator_settings":{"template":"highway","default_image_id":0,"font":"","enabled":false},"version":2}},"categories":[1],"tags":[11400,61,13456,19898],"class_list":["post-214198","post","type-post","status-publish","format-standard","has-post-thumbnail","hentry","category-genel","tag-alanyada","tag-destek","tag-mehmetcige","tag-mehterli"],"jetpack_publicize_connections":[],"jetpack_featured_media_url":"https:\/\/i0.wp.com\/www.tvturk.com\/wp-content\/uploads\/2019\/10\/alanyada-mehmetcige-mehterli-destek_4a00231.jpg?fit=1000%2C666","jetpack_sharing_enabled":true,"jetpack_shortlink":"https:\/\/wp.me\/paKIfm-TIO","_links":{"self":[{"href":"http:\/\/www.tvturk.com\/index.php\/wp-json\/wp\/v2\/posts\/214198","targetHints":{"allow":["GET"]}}],"collection":[{"href":"http:\/\/www.tvturk.com\/index.php\/wp-json\/wp\/v2\/posts"}],"about":[{"href":"http:\/\/www.tvturk.com\/index.php\/wp-json\/wp\/v2\/types\/post"}],"author":[{"embeddable":true,"href":"http:\/\/www.tvturk.com\/index.php\/wp-json\/wp\/v2\/users\/1"}],"replies":[{"embeddable":true,"href":"http:\/\/www.tvturk.com\/index.php\/wp-json\/wp\/v2\/comments?post=214198"}],"version-history":[{"count":0,"href":"http:\/\/www.tvturk.com\/index.php\/wp-json\/wp\/v2\/posts\/214198\/revisions"}],"wp:featuredmedia":[{"embeddable":true,"href":"http:\/\/www.tvturk.com\/index.php\/wp-json\/wp\/v2\/media\/214199"}],"wp:attachment":[{"href":"http:\/\/www.tvturk.com\/index.php\/wp-json\/wp\/v2\/media?parent=214198"}],"wp:term":[{"taxonomy":"category","embeddable":true,"href":"http:\/\/www.tvturk.com\/index.php\/wp-json\/wp\/v2\/categories?post=214198"},{"taxonomy":"post_tag","embeddable":true,"href":"http:\/\/www.tvturk.com\/index.php\/wp-json\/wp\/v2\/tags?post=214198"}],"curies":[{"name":"wp","href":"https:\/\/api.w.org\/{rel}","templated":true}]}}