{"id":214226,"date":"2019-10-11T17:02:26","date_gmt":"2019-10-11T14:02:26","guid":{"rendered":"http:\/\/www.tvturk.com\/index.php\/mehmetcik-icin-pisi-dagittilar\/"},"modified":"2019-10-11T17:02:26","modified_gmt":"2019-10-11T14:02:26","slug":"mehmetcik-icin-pisi-dagittilar","status":"publish","type":"post","link":"http:\/\/www.tvturk.com\/index.php\/mehmetcik-icin-pisi-dagittilar\/","title":{"rendered":"Mehmet\u00e7ik i\u00e7in pi\u015fi da\u011f\u0131tt\u0131lar"},"content":{"rendered":"<p>Bar\u0131\u015f P\u0131nar\u0131 Harekat\u0131\u2019na kat\u0131lan Mehmet\u00e7ikler i\u00e7in AK Parti Burdur Merkez \u0130l\u00e7e Ba\u015fkanl\u0131\u011f\u0131 taraf\u0131ndan Cuma namaz\u0131 sonras\u0131nda pi\u015fi da\u011f\u0131t\u0131ld\u0131.<\/p>\n<p>Pazar Camii\u2019ndeki pi\u015fi da\u011f\u0131t\u0131m program\u0131na, Burdur Valisi Hasan \u015e\u0131ldak, AK Parti Burdur \u0130l Ba\u015fkan\u0131 Volkan Mengi, AK Parti Merkez \u0130l\u00e7e Ba\u015fkan\u0131 H\u00fcseyin Okan, \u0130l Genel Meclisi Ba\u015fkan\u0131 Murat Akb\u0131y\u0131k ile vatanda\u015flar kat\u0131ld\u0131. AK Parti Merkez \u0130l\u00e7e Ba\u015fkan\u0131 H\u00fcseyin Okan, &#8220;\u0130n\u015fallah ordumuz Suriye s\u0131n\u0131r\u0131ndaki ter\u00f6r koridorunu temizleyerek muzaffer olacakt\u0131r&#8221; dedi.<\/p>\n<p>AK Parti Burdur \u0130l Ba\u015fkan\u0131 Volkan Mengi de Ankara\u2019da yap\u0131lan AK Parti \u0130l Ba\u015fkanlar\u0131 toplant\u0131s\u0131nda Cumhurba\u015fkan\u0131 Recep Tayyip Erdo\u011fan\u2019\u0131n b\u00fct\u00fcn d\u00fcnyaya mesaj verdi\u011fini s\u00f6yledi. Ba\u015fkan Mengi, &#8220;Devletimiz, h\u00fck\u00fcmetimiz ter\u00f6r koridorunu kald\u0131rma, s\u0131n\u0131rlar\u0131m\u0131z\u0131 koruma ama\u00e7l\u0131 bir operasyona giri\u015fti. \u0130n\u015fallah ordumuz muzaffer olur. Duam\u0131z onun i\u00e7in. Bug\u00fcn cuma namaz\u0131nda da hep beraber ordumuz i\u00e7in dua ettik. Rabbimizden duam\u0131z, ordumuzun muzaffer olmas\u0131 ve \u00fclkemizin s\u0131n\u0131rlar\u0131n\u0131n korunmas\u0131. Hi\u00e7bir \u015fekilde Suriye topraklar\u0131n\u0131 i\u015fgal etme durumu s\u00f6z konusu de\u011fildir. Ama\u00e7, tamamen Suriye\u2019deki m\u00fcltecileri korumak, ter\u00f6rden ar\u0131nd\u0131rmak ve tekrar s\u0131n\u0131rlar\u0131m\u0131za geri d\u00f6nmektir. \u0130n\u015fallah ordumuz galip gelecek ve ter\u00f6r \u00f6rg\u00fct\u00fc unsurlar\u0131ndan s\u0131n\u0131r\u0131m\u0131z tamamen ar\u0131nd\u0131r\u0131lacakt\u0131r&#8221; diye konu\u015ftu.<\/p>\n<p>\u0130l M\u00fcft\u00fcs\u00fc Enver T\u00fcrkmen Bar\u0131\u015f Harekat\u0131na giden g\u00fcvenlik g\u00fc\u00e7leri i\u00e7in dua etti.<\/p>\n","protected":false},"excerpt":{"rendered":"<p>BARI\u015e PINARI HAREKATI&#8217;NA KATILAN MEHMET\u00c7\u0130KLER ADINA AK PART\u0130 BURDUR MERKEZ \u0130L\u00c7E BA\u015eKANLI\u011eI TARAFINDAN CUMA NAMAZI SONRASINDA P\u0130\u015e\u0130 DA\u011eITILDI.<\/p>\n","protected":false},"author":1,"featured_media":214227,"comment_status":"closed","ping_status":"open","sticky":false,"template":"","format":"standard","meta":{"jetpack_post_was_ever_published":false,"_jetpack_newsletter_access":"","_jetpack_dont_email_post_to_subs":false,"_jetpack_newsletter_tier_id":0,"_jetpack_memberships_contains_paywalled_content":false,"_jetpack_memberships_contains_paid_content":false,"footnotes":"","jetpack_publicize_message":"","jetpack_publicize_feature_enabled":true,"jetpack_social_post_already_shared":true,"jetpack_social_options":{"image_generator_settings":{"template":"highway","default_image_id":0,"font":"","enabled":false},"version":2}},"categories":[1],"tags":[28364,44,7393,54160],"class_list":["post-214226","post","type-post","status-publish","format-standard","has-post-thumbnail","hentry","category-genel","tag-dagittilar","tag-icin","tag-mehmetcik","tag-pisi"],"jetpack_publicize_connections":[],"jetpack_featured_media_url":"https:\/\/i0.wp.com\/www.tvturk.com\/wp-content\/uploads\/2019\/10\/mehmetcik-icin-pisi-dagittilar_5e5f339.jpg?fit=1000%2C666","jetpack_sharing_enabled":true,"jetpack_shortlink":"https:\/\/wp.me\/paKIfm-TJg","_links":{"self":[{"href":"http:\/\/www.tvturk.com\/index.php\/wp-json\/wp\/v2\/posts\/214226","targetHints":{"allow":["GET"]}}],"collection":[{"href":"http:\/\/www.tvturk.com\/index.php\/wp-json\/wp\/v2\/posts"}],"about":[{"href":"http:\/\/www.tvturk.com\/index.php\/wp-json\/wp\/v2\/types\/post"}],"author":[{"embeddable":true,"href":"http:\/\/www.tvturk.com\/index.php\/wp-json\/wp\/v2\/users\/1"}],"replies":[{"embeddable":true,"href":"http:\/\/www.tvturk.com\/index.php\/wp-json\/wp\/v2\/comments?post=214226"}],"version-history":[{"count":0,"href":"http:\/\/www.tvturk.com\/index.php\/wp-json\/wp\/v2\/posts\/214226\/revisions"}],"wp:featuredmedia":[{"embeddable":true,"href":"http:\/\/www.tvturk.com\/index.php\/wp-json\/wp\/v2\/media\/214227"}],"wp:attachment":[{"href":"http:\/\/www.tvturk.com\/index.php\/wp-json\/wp\/v2\/media?parent=214226"}],"wp:term":[{"taxonomy":"category","embeddable":true,"href":"http:\/\/www.tvturk.com\/index.php\/wp-json\/wp\/v2\/categories?post=214226"},{"taxonomy":"post_tag","embeddable":true,"href":"http:\/\/www.tvturk.com\/index.php\/wp-json\/wp\/v2\/tags?post=214226"}],"curies":[{"name":"wp","href":"https:\/\/api.w.org\/{rel}","templated":true}]}}