{"id":214284,"date":"2019-10-11T20:02:40","date_gmt":"2019-10-11T17:02:40","guid":{"rendered":"http:\/\/www.tvturk.com\/index.php\/cizrede-yakit-istasyonu-yandi-vatandaslar-buyuk-bir-korku-yasadi\/"},"modified":"2019-10-11T20:02:40","modified_gmt":"2019-10-11T17:02:40","slug":"cizrede-yakit-istasyonu-yandi-vatandaslar-buyuk-bir-korku-yasadi","status":"publish","type":"post","link":"http:\/\/www.tvturk.com\/index.php\/cizrede-yakit-istasyonu-yandi-vatandaslar-buyuk-bir-korku-yasadi\/","title":{"rendered":"Cizre\u2019de yak\u0131t istasyonu yand\u0131, vatanda\u015flar b\u00fcy\u00fck bir korku ya\u015fad\u0131"},"content":{"rendered":"<p>\u015e\u0131rnak\u2019\u0131n Cizre il\u00e7esindeki bir akaryak\u0131t istasyonunda tankerin depoya benzin bo\u015faltmas\u0131 esnas\u0131nda \u00e7\u0131kan yang\u0131n b\u00fcy\u00fck bir faciaya neden olmadan s\u00f6nd\u00fcr\u00fcld\u00fc. \u00c7evredeki esnaflar olay an\u0131nda canlar\u0131n\u0131 kurtarmak i\u00e7in i\u015f yerlerini a\u00e7\u0131k b\u0131rak\u0131p ka\u00e7t\u0131. Facian\u0131n e\u015fi\u011finden d\u00f6n\u00fclen yang\u0131nda maddi hasar olu\u015fmas\u0131 teselli kayna\u011f\u0131 oldu.<\/p>\n<p>Al\u0131nan bilgiye g\u00f6re olay, Konak Mahallesi K\u00f6pr\u00fc ba\u015f\u0131nda bulunan bir akaryak\u0131t istasyonunda saat 17.00 s\u0131ralar\u0131nda meydana geldi. Benzin y\u00fckl\u00fc 72 AH 706 plakal\u0131 tankerle istasyonda bo\u015falt\u0131m yapt\u0131\u011f\u0131 s\u0131rada bir anda yang\u0131n \u00e7\u0131kt\u0131. Benzin y\u00fckl\u00fc tankerden y\u00fckselen alevler b\u00fct\u00fcn istasyonu kaplad\u0131. Esnafa ve \u00e7evredeki vatanda\u015flara b\u00fcy\u00fck bir korku ya\u015fatan yang\u0131n i\u00e7in olay yerine itfaiye ekipleri \u00e7a\u011fr\u0131ld\u0131. Meydana gelen yang\u0131na olay yerinden ge\u00e7en Cizre Belediyesi Park ve Bah\u00e7eler M\u00fcd\u00fcrl\u00fc\u011f\u00fcne ba\u011fl\u0131 sulama arac\u0131 personelleri itfaiye ekipleri gelene kadar m\u00fcdahale etti. Tankerde ve akaryak\u0131t istasyonunda \u00e7\u0131kan yang\u0131na k\u00f6p\u00fckle m\u00fcdahale eden itfaiye ekipleri yang\u0131n\u0131 kontrol alt\u0131na alarak b\u00fcy\u00fck bir faciay\u0131 \u00f6nledi. Meydana gelen yang\u0131nda yaral\u0131 ve \u00f6l\u00fc olmamas\u0131 teselli kayna\u011f\u0131 oldu.<\/p>\n<p>\u00d6te yandan yang\u0131n s\u0131ras\u0131nda polis olas\u0131 bir faciaya kar\u015f\u0131, beniz istasyona giden yollar\u0131 yaya ve ara\u00e7 trafi\u011fine kapatt\u0131. Yang\u0131n\u0131n tamamen s\u00f6nd\u00fcr\u00fclmesinin ard\u0131ndan akaryak\u0131t istasyonu kullan\u0131lmaz hale gelirken, istasyonda b\u00fcy\u00fck \u00e7apta maddi hasar olu\u015ftu.<\/p>\n","protected":false},"excerpt":{"rendered":"<p>\u015eIRNAK\u2019IN C\u0130ZRE \u0130L\u00c7ES\u0130NDEK\u0130 B\u0130R AKARYAKIT \u0130STASYONUNDA TANKER\u0130N DEPOYA BENZ\u0130N BO\u015eALTMASI ESNASINDA \u00c7IKAN YANGIN B\u00dcY\u00dcK B\u0130R FAC\u0130AYA NEDEN OLMADAN S\u00d6ND\u00dcR\u00dcLD\u00dc. \u00c7EVREDEK\u0130 ESNAFLAR OLAY ANINDA CANLARINI KURTARMAK \u0130\u00c7\u0130N \u0130\u015e YERLER\u0130N\u0130 A\u00c7IK BIRAKIP KA\u00c7TI. FAC\u0130ANIN E\u015e\u0130\u011e\u0130NDEN D\u00d6N\u00dcLEN YANGINDA MADD\u0130 HASAR OLU\u015eMASI TESELL\u0130 KAYNA\u011eI OLDU.<\/p>\n","protected":false},"author":1,"featured_media":214285,"comment_status":"closed","ping_status":"open","sticky":false,"template":"","format":"standard","meta":{"jetpack_post_was_ever_published":false,"_jetpack_newsletter_access":"","_jetpack_dont_email_post_to_subs":false,"_jetpack_newsletter_tier_id":0,"_jetpack_memberships_contains_paywalled_content":false,"_jetpack_memberships_contains_paid_content":false,"footnotes":"","jetpack_publicize_message":"","jetpack_publicize_feature_enabled":true,"jetpack_social_post_already_shared":true,"jetpack_social_options":{"image_generator_settings":{"template":"highway","default_image_id":0,"font":"","enabled":false},"version":2}},"categories":[1],"tags":[125,545,65,9498,7981,2344,2527,1222,8303],"class_list":["post-214284","post","type-post","status-publish","format-standard","has-post-thumbnail","hentry","category-genel","tag-bir","tag-buyuk","tag-cizrede","tag-istasyonu","tag-korku","tag-vatandaslar","tag-yakit","tag-yandi","tag-yasadi"],"jetpack_publicize_connections":[],"jetpack_featured_media_url":"https:\/\/i0.wp.com\/www.tvturk.com\/wp-content\/uploads\/2019\/10\/cizrede-yakit-istasyonu-yandi-vatandaslar-buyuk-bir-korku-yasadi_6f5f9aa.jpg?fit=1000%2C664","jetpack_sharing_enabled":true,"jetpack_shortlink":"https:\/\/wp.me\/paKIfm-TKc","_links":{"self":[{"href":"http:\/\/www.tvturk.com\/index.php\/wp-json\/wp\/v2\/posts\/214284","targetHints":{"allow":["GET"]}}],"collection":[{"href":"http:\/\/www.tvturk.com\/index.php\/wp-json\/wp\/v2\/posts"}],"about":[{"href":"http:\/\/www.tvturk.com\/index.php\/wp-json\/wp\/v2\/types\/post"}],"author":[{"embeddable":true,"href":"http:\/\/www.tvturk.com\/index.php\/wp-json\/wp\/v2\/users\/1"}],"replies":[{"embeddable":true,"href":"http:\/\/www.tvturk.com\/index.php\/wp-json\/wp\/v2\/comments?post=214284"}],"version-history":[{"count":0,"href":"http:\/\/www.tvturk.com\/index.php\/wp-json\/wp\/v2\/posts\/214284\/revisions"}],"wp:featuredmedia":[{"embeddable":true,"href":"http:\/\/www.tvturk.com\/index.php\/wp-json\/wp\/v2\/media\/214285"}],"wp:attachment":[{"href":"http:\/\/www.tvturk.com\/index.php\/wp-json\/wp\/v2\/media?parent=214284"}],"wp:term":[{"taxonomy":"category","embeddable":true,"href":"http:\/\/www.tvturk.com\/index.php\/wp-json\/wp\/v2\/categories?post=214284"},{"taxonomy":"post_tag","embeddable":true,"href":"http:\/\/www.tvturk.com\/index.php\/wp-json\/wp\/v2\/tags?post=214284"}],"curies":[{"name":"wp","href":"https:\/\/api.w.org\/{rel}","templated":true}]}}