{"id":214450,"date":"2019-10-12T12:32:38","date_gmt":"2019-10-12T09:32:38","guid":{"rendered":"http:\/\/www.tvturk.com\/index.php\/gorme-engelli-cocuklar-milli-mac-heyecanini-canli-sesli-betimlemeyle-yasadi\/"},"modified":"2019-10-12T12:32:38","modified_gmt":"2019-10-12T09:32:38","slug":"gorme-engelli-cocuklar-milli-mac-heyecanini-canli-sesli-betimlemeyle-yasadi","status":"publish","type":"post","link":"http:\/\/www.tvturk.com\/index.php\/gorme-engelli-cocuklar-milli-mac-heyecanini-canli-sesli-betimlemeyle-yasadi\/","title":{"rendered":"G\u00f6rme engelli \u00e7ocuklar milli ma\u00e7 heyecan\u0131n\u0131 canl\u0131 sesli betimlemeyle ya\u015fad\u0131"},"content":{"rendered":"<p>A Milli Futbol Tak\u0131m\u0131m\u0131z\u2019\u0131n Arnavutluk ile oynad\u0131\u011f\u0131 kar\u015f\u0131la\u015fmada, g\u00f6rme engelli \u00e7ocuklar canl\u0131 sesli betimleme ile stadyumda ma\u00e7 izledi. Turkcell\u2019in davetlisi olarak Fenerbah\u00e7e \u015e\u00fckr\u00fc Saraco\u011flu Stad\u0131\u2019na gelen g\u00f6rme engelli yedi \u00e7ocuk, milli ma\u00e7 heyecan\u0131n\u0131 sesli betimlemeyle ya\u015fad\u0131. Milli E\u011fitim Bakanl\u0131\u011f\u0131 \u00d6zel E\u011fitim ve Rehberlik Hizmetleri Genel M\u00fcd\u00fcr\u00fc Prof. Dr. Ahmet Emre Bilgili de bu unutulmaz g\u00fcnde \u00e7ocuklar\u0131n yan\u0131nda oldu ve sevin\u00e7lerini payla\u015ft\u0131<\/p>\n<p>Turkcell, T\u00fcrkiye-Arnavutluk ma\u00e7\u0131nda g\u00f6rme engelli \u00e7ocuklar i\u00e7in \u00e7ok \u00f6zel bir projeye imza att\u0131. Turkcell\u2019in davetlisi olarak T\u00fcrkiye-Arnavutluk milli ma\u00e7\u0131na davet edilen 7 g\u00f6rme engelli \u00e7ocuk, hayatlar\u0131nda ilk kez ma\u00e7 heyecan\u0131n\u0131 stadyumda ya\u015fad\u0131. Milli ma\u00e7 i\u00e7in \u00f6zel olarak haz\u0131rlanan teknik altyap\u0131 sayesinde, \u00e7ocuklar m\u00fcsabakay\u0131 canl\u0131 sesli betimleme ile takip etme \u015fans\u0131 ya\u015fad\u0131. Turkcell\u2019in g\u00f6rme engelliler i\u00e7in geli\u015ftirdi\u011fi Hayal Orta\u011f\u0131m uygulamas\u0131 i\u00e7inde yer alan Sesli Betimleme uygulamas\u0131n\u0131n bir benzeri, bu kez futbol ma\u00e7\u0131na uygun hale getirildi ve \u00e7ocuklar\u0131n ma\u00e7 heyecan\u0131n\u0131 Volkan Kurt\u2019un usta anlat\u0131m\u0131yla canl\u0131 olarak ya\u015famas\u0131 sa\u011fland\u0131. Fenerbah\u00e7e \u015e\u00fckr\u00fc Saraco\u011flu Stad\u0131\u2019nda oynanan ve ay-y\u0131ld\u0131zl\u0131lar\u0131n 1-0 kazand\u0131\u011f\u0131 ma\u00e7 boyunca gollerde ve \u00f6nemli pozisyonlarda binlerce taraftarla ayn\u0131 anda heyecanlanan \u00e7ocuklar, stattan unutamayacaklar\u0131 bir an\u0131yla ayr\u0131ld\u0131.<\/p>\n<p>Ma\u00e7\u0131 trib\u00fcnde \u00e7ocuklarla birlikte izleyen Milli E\u011fitim Bakanl\u0131\u011f\u0131 \u00d6zel E\u011fitim ve Rehberlik Hizmetleri Genel M\u00fcd\u00fcr\u00fc Prof. Dr. Ahmet Emre Bilgili, \u0130stanbul \u0130l Milli E\u011fitim M\u00fcd\u00fcr\u00fc Levent Yaz\u0131c\u0131 ve Turkcell Pazarlamadan Sorumlu Genel M\u00fcd\u00fcr Yard\u0131mc\u0131s\u0131 \u00d6mer Barbaros Yi\u015f, bu \u00f6zel g\u00fcnde onlar\u0131n b\u00fcy\u00fck heyecan\u0131na ortak oldu.<\/p>\n<p>Milli ma\u00e7 co\u015fkusunu stadyumda \u00e7ocuklarla ya\u015fayan Milli E\u011fitim Bakanl\u0131\u011f\u0131 \u00d6zel E\u011fitim ve Rehberlik Hizmetleri Genel M\u00fcd\u00fcr\u00fc Prof. Dr. Ahmet Emre Bilgili, &#8220;\u00c7ok anlaml\u0131 bir organizasyona tan\u0131kl\u0131k ettik. Engelli \u00e7ocuklar\u0131m\u0131z\u0131n g\u00fcnl\u00fck ya\u015famda kar\u015f\u0131la\u015ft\u0131\u011f\u0131 en \u00f6nemli zorluklar\u0131n ba\u015f\u0131nda sosyal hayata kat\u0131lamama ve herkesin yapabildi\u011fi aktivitelere eri\u015fememe geliyor. Onlar\u0131n bu zorluklar\u0131 a\u015fmas\u0131 konusunda \u00e7al\u0131\u015fma yapan herkese devlet olarak bizim destek olmam\u0131z ve onlar\u0131 te\u015fvik etmemiz gerekiyor. \u00c7ocuklar\u0131m\u0131z bug\u00fcn milli heyecana ortak oldu. Her \u015feyin ba\u015f\u0131nda bir baba, sonras\u0131nda bir e\u011fitimci olarak \u00e7ocuklar\u0131m\u0131z\u0131n mutlu hallerini g\u00f6rmek beni de mutlu ediyor, eme\u011fi ge\u00e7enlere te\u015fekk\u00fcr ediyorum. Bunun gibi g\u00fczelliklerin artmas\u0131 i\u00e7in biz de \u00e7al\u0131\u015fmalar\u0131m\u0131z\u0131, deste\u011fimizi s\u00fcrd\u00fcrece\u011fiz&#8221; dedi.<\/p>\n<p>Turkcell Pazarlamadan Sorumlu Genel M\u00fcd\u00fcr\u00fc Yard\u0131mc\u0131s\u0131 \u00d6mer Barbaros Yi\u015f, engelli bireyler i\u00e7in as\u0131l engelin, kendilerinin dile getirdi\u011fi gibi sosyal bariyerler ve eri\u015fim eksikli\u011fi oldu\u011funun alt\u0131n\u0131 \u00e7izerken, &#8220;Hem buradaki \u00e7ocuklar\u0131m\u0131za hem de Ahmet Emre Bilgili\u2019ye bizimle beraber olduklar\u0131 i\u00e7in te\u015fekk\u00fcr ederiz. Turkcell olarak yeni teknolojiler geli\u015ftirirken \u00f6nceli\u011fimiz f\u0131rsat e\u015fitli\u011fi, s\u00fcrd\u00fcr\u00fclebilirlik ve eri\u015fimi sa\u011flamak. Bug\u00fcn de, milli ma\u00e7 heyecan\u0131n\u0131, g\u00f6rme engelli \u00e7ocuklar\u0131m\u0131za sesli betimleme \u00f6zelli\u011fini de sunarak ya\u015fatm\u0131\u015f olmaktan dolay\u0131 \u00e7ok memnunuz. Spor heyecan\u0131n\u0131n engelli bireylere ula\u015fmas\u0131n\u0131, sosyal ve k\u00fclt\u00fcrel faaliyetlere e\u015fit ve ba\u011f\u0131ms\u0131z kat\u0131lmalar\u0131na olanak veren bu uygulamayla, \u00e7ocuklar\u0131m\u0131z\u0131n ma\u00e7taki heyecan\u0131 ve duyduklar\u0131 mutluluk bizi yeni teknolojiler konusunda motive ediyor&#8221; dedi.<\/p>\n<p>Engelsiz E\u011fitim Program\u0131 \u00e7at\u0131s\u0131 alt\u0131nda engelli \u00e7ocuklar\u0131n e\u011fitimine \u00f6nemli katk\u0131lar sa\u011flayan Turkcell, bu ve benzeri projelerle engellilerin sosyal hayata engelsiz kat\u0131l\u0131m\u0131na da destek olmay\u0131 hedefliyor.<\/p>\n","protected":false},"excerpt":{"rendered":"<p>A M\u0130LL\u0130 FUTBOL TAKIMIMIZ\u2019IN ARNAVUTLUK \u0130LE OYNADI\u011eI KAR\u015eILA\u015eMADA, G\u00d6RME ENGELL\u0130 \u00c7OCUKLAR CANLI SESL\u0130 BET\u0130MLEME \u0130LE STADYUMDA MA\u00c7 \u0130ZLED\u0130.<\/p>\n","protected":false},"author":1,"featured_media":214451,"comment_status":"closed","ping_status":"open","sticky":false,"template":"","format":"standard","meta":{"jetpack_post_was_ever_published":false,"_jetpack_newsletter_access":"","_jetpack_dont_email_post_to_subs":false,"_jetpack_newsletter_tier_id":0,"_jetpack_memberships_contains_paywalled_content":false,"_jetpack_memberships_contains_paid_content":false,"footnotes":"","jetpack_publicize_message":"","jetpack_publicize_feature_enabled":true,"jetpack_social_post_already_shared":true,"jetpack_social_options":{"image_generator_settings":{"template":"highway","default_image_id":0,"font":"","enabled":false},"version":2}},"categories":[657],"tags":[944,54208,4023,252,1784,8240,28938,429,36918,8303],"class_list":["post-214450","post","type-post","status-publish","format-standard","has-post-thumbnail","hentry","category-spor","tag-mac","tag-betimlemeyle","tag-canli","tag-cocuklar","tag-engelli","tag-gorme","tag-heyecanini","tag-milli","tag-sesli","tag-yasadi"],"jetpack_publicize_connections":[],"jetpack_featured_media_url":"https:\/\/i0.wp.com\/www.tvturk.com\/wp-content\/uploads\/2019\/10\/gorme-engelli-cocuklar-milli-mac-heyecanini-canli-sesli-betimlemeyle-yasadi_6d458ab.jpg?fit=1000%2C666","jetpack_sharing_enabled":true,"jetpack_shortlink":"https:\/\/wp.me\/paKIfm-TMS","_links":{"self":[{"href":"http:\/\/www.tvturk.com\/index.php\/wp-json\/wp\/v2\/posts\/214450","targetHints":{"allow":["GET"]}}],"collection":[{"href":"http:\/\/www.tvturk.com\/index.php\/wp-json\/wp\/v2\/posts"}],"about":[{"href":"http:\/\/www.tvturk.com\/index.php\/wp-json\/wp\/v2\/types\/post"}],"author":[{"embeddable":true,"href":"http:\/\/www.tvturk.com\/index.php\/wp-json\/wp\/v2\/users\/1"}],"replies":[{"embeddable":true,"href":"http:\/\/www.tvturk.com\/index.php\/wp-json\/wp\/v2\/comments?post=214450"}],"version-history":[{"count":0,"href":"http:\/\/www.tvturk.com\/index.php\/wp-json\/wp\/v2\/posts\/214450\/revisions"}],"wp:featuredmedia":[{"embeddable":true,"href":"http:\/\/www.tvturk.com\/index.php\/wp-json\/wp\/v2\/media\/214451"}],"wp:attachment":[{"href":"http:\/\/www.tvturk.com\/index.php\/wp-json\/wp\/v2\/media?parent=214450"}],"wp:term":[{"taxonomy":"category","embeddable":true,"href":"http:\/\/www.tvturk.com\/index.php\/wp-json\/wp\/v2\/categories?post=214450"},{"taxonomy":"post_tag","embeddable":true,"href":"http:\/\/www.tvturk.com\/index.php\/wp-json\/wp\/v2\/tags?post=214450"}],"curies":[{"name":"wp","href":"https:\/\/api.w.org\/{rel}","templated":true}]}}