{"id":214760,"date":"2019-10-13T12:17:17","date_gmt":"2019-10-13T09:17:17","guid":{"rendered":"http:\/\/www.tvturk.com\/index.php\/ampute-milli-takimi-kalecisi-selim-karadagin-mutlu-gunu\/"},"modified":"2019-10-13T12:17:17","modified_gmt":"2019-10-13T09:17:17","slug":"ampute-milli-takimi-kalecisi-selim-karadagin-mutlu-gunu","status":"publish","type":"post","link":"http:\/\/www.tvturk.com\/index.php\/ampute-milli-takimi-kalecisi-selim-karadagin-mutlu-gunu\/","title":{"rendered":"Ampute Milli Tak\u0131m\u0131 kalecisi Selim Karada\u011f\u2019\u0131n mutlu g\u00fcn\u00fc"},"content":{"rendered":"<p>Ampute Milli Tak\u0131m\u0131 kalecisi Malatyal\u0131 Selim Karada\u011f, Esra Mernekli ile d\u00fcnya evine girdi.<\/p>\n<p>Ampute Milli Tak\u0131m\u0131\u2019n\u0131n ba\u015far\u0131l\u0131 kalecisi Selim Karada\u011f, hayat\u0131n\u0131 Esra Mernekli ile birle\u015ftirdi. Ger\u00e7ekle\u015fen merasimde \u00e7iftin nikah\u0131n\u0131 Yeni Malatyaspor 2. Ba\u015fkan\u0131 Selim Pilten k\u0131yd\u0131.<\/p>\n<p>Spor camias\u0131ndan bir \u00e7ok ismin kat\u0131ld\u0131\u011f\u0131 t\u00f6rende Karada\u011f\u2019\u0131, milli tak\u0131mdaki arkada\u015flar\u0131 da yaln\u0131z b\u0131rakmad\u0131. Olduk\u00e7a mutlu ve heyecanl\u0131 oldu\u011funu belirten Selim Karada\u011f, &#8220;Hayat\u0131m\u0131n en mutlu g\u00fcn\u00fcn\u00fc ya\u015f\u0131yorum. Bu \u00f6zel g\u00fcnde yan\u0131mda olan herkese te\u015fekk\u00fcr ediyorum. \u00dclkemizin bu birlik beraberli\u011fe en fazla ihtiya\u00e7 duydu\u011fu d\u00f6nemde d\u00fc\u011f\u00fcn\u00fcm\u00fcn olmas\u0131 daha da anlaml\u0131. Bu bak\u0131mdan \u00fclkemizin b\u00f6l\u00fcnmez b\u00fct\u00fcnl\u00fc\u011f\u00fc i\u00e7in m\u00fccadele eden kahraman T\u00fcrk ordusuna Allah kolayl\u0131klar versin diyorum&#8221; ifadelerini kulland\u0131.<\/p>\n","protected":false},"excerpt":{"rendered":"<p>AMPUTE M\u0130LL\u0130 TAKIMI KALEC\u0130S\u0130 MALATYALI SEL\u0130M KARADA\u011e, ESRA MERNEKL\u0130 \u0130LE D\u00dcNYA EV\u0130NE G\u0130RD\u0130.<\/p>\n","protected":false},"author":1,"featured_media":214761,"comment_status":"closed","ping_status":"open","sticky":false,"template":"","format":"standard","meta":{"jetpack_post_was_ever_published":false,"_jetpack_newsletter_access":"","_jetpack_dont_email_post_to_subs":false,"_jetpack_newsletter_tier_id":0,"_jetpack_memberships_contains_paywalled_content":false,"_jetpack_memberships_contains_paid_content":false,"footnotes":"","jetpack_publicize_message":"","jetpack_publicize_feature_enabled":true,"jetpack_social_post_already_shared":true,"jetpack_social_options":{"image_generator_settings":{"template":"highway","default_image_id":0,"font":"","enabled":false},"version":2}},"categories":[657],"tags":[32736,85,37479,54292,429,4828,4587,1462],"class_list":["post-214760","post","type-post","status-publish","format-standard","has-post-thumbnail","hentry","category-spor","tag-ampute","tag-gunu","tag-kalecisi","tag-karadagin","tag-milli","tag-mutlu","tag-selim","tag-takimi"],"jetpack_publicize_connections":[],"jetpack_featured_media_url":"https:\/\/i0.wp.com\/www.tvturk.com\/wp-content\/uploads\/2019\/10\/ampute-milli-takimi-kalecisi-selim-karadagin-mutlu-gunu_8638c6f.jpg?fit=1000%2C881","jetpack_sharing_enabled":true,"jetpack_shortlink":"https:\/\/wp.me\/paKIfm-TRS","_links":{"self":[{"href":"http:\/\/www.tvturk.com\/index.php\/wp-json\/wp\/v2\/posts\/214760","targetHints":{"allow":["GET"]}}],"collection":[{"href":"http:\/\/www.tvturk.com\/index.php\/wp-json\/wp\/v2\/posts"}],"about":[{"href":"http:\/\/www.tvturk.com\/index.php\/wp-json\/wp\/v2\/types\/post"}],"author":[{"embeddable":true,"href":"http:\/\/www.tvturk.com\/index.php\/wp-json\/wp\/v2\/users\/1"}],"replies":[{"embeddable":true,"href":"http:\/\/www.tvturk.com\/index.php\/wp-json\/wp\/v2\/comments?post=214760"}],"version-history":[{"count":0,"href":"http:\/\/www.tvturk.com\/index.php\/wp-json\/wp\/v2\/posts\/214760\/revisions"}],"wp:featuredmedia":[{"embeddable":true,"href":"http:\/\/www.tvturk.com\/index.php\/wp-json\/wp\/v2\/media\/214761"}],"wp:attachment":[{"href":"http:\/\/www.tvturk.com\/index.php\/wp-json\/wp\/v2\/media?parent=214760"}],"wp:term":[{"taxonomy":"category","embeddable":true,"href":"http:\/\/www.tvturk.com\/index.php\/wp-json\/wp\/v2\/categories?post=214760"},{"taxonomy":"post_tag","embeddable":true,"href":"http:\/\/www.tvturk.com\/index.php\/wp-json\/wp\/v2\/tags?post=214760"}],"curies":[{"name":"wp","href":"https:\/\/api.w.org\/{rel}","templated":true}]}}