{"id":214782,"date":"2019-10-13T13:16:43","date_gmt":"2019-10-13T10:16:43","guid":{"rendered":"http:\/\/www.tvturk.com\/index.php\/trafik-kazasinda-olen-ogretmen-mustafa-akkasin-anisina-sergi\/"},"modified":"2019-10-13T13:16:43","modified_gmt":"2019-10-13T10:16:43","slug":"trafik-kazasinda-olen-ogretmen-mustafa-akkasin-anisina-sergi","status":"publish","type":"post","link":"http:\/\/www.tvturk.com\/index.php\/trafik-kazasinda-olen-ogretmen-mustafa-akkasin-anisina-sergi\/","title":{"rendered":"Trafik kazas\u0131nda \u00f6len \u00f6\u011fretmen Mustafa Akka\u015f\u2019\u0131n an\u0131s\u0131na sergi"},"content":{"rendered":"<p>Yozgat\u2019\u0131n Bo\u011fazl\u0131yan il\u00e7esinde at\u0131klardan eserler ortaya \u00e7\u0131karan hem\u015fire Selma Ataseven, a\u00e7t\u0131\u011f\u0131 sergiden elde edilen geliri ge\u00e7en hafta elim bir trafik kazas\u0131nda hayat\u0131n\u0131 kaybeden \u00c7akmak \u0130lkokul \u00d6\u011fretmeni Mustafa Akka\u015f\u2019\u0131n ailesine ba\u011f\u0131\u015flayacak.<\/p>\n<p>Bo\u011fazl\u0131yan Devlet Hastanesi\u2019nde hem\u015fire olarak g\u00f6rev yapan Selma Ataseven taraf\u0131ndan a\u00e7\u0131lan, \u201c\u00c7\u00f6p deyip ge\u00e7me\u201d adl\u0131 sergisi b\u00fcy\u00fck ilgi g\u00f6rd\u00fc. Cumhurba\u015fkan\u0131 Recep Tayyip Erdo\u011fan\u2019\u0131n e\u015fi Emine Erdo\u011fan\u2019\u0131n \u00f6nerdi\u011fi, \u201cS\u0131f\u0131r At\u0131k Projesi\u201dnden ilham alan Ataseven, do\u011fada erimesi \u00e7ok zor olan plastik, eski mobilya, kuma\u015f, ka\u011f\u0131tlardan geriye d\u00f6n\u00fc\u015f\u00fcm temal\u0131 \u00e7al\u0131\u015fmalar\u0131n\u0131 sergiledi. Sergiden elde edilecek gelirin ge\u00e7en hafta elim trafik kazas\u0131nda hayat\u0131n\u0131 kaybeden Mustafa Akka\u015f\u2019\u0131n ailesine ba\u011f\u0131\u015flanacak olmas\u0131 ise kat\u0131l\u0131mc\u0131lar\u0131 duyguland\u0131rd\u0131.<\/p>\n<p>Cumhuriyet Meydan\u0131\u2019nda haz\u0131rlanan sergi a\u00e7\u0131l\u0131\u015f\u0131na, Bo\u011fazl\u0131yan Kaymakam\u0131 Fatih Okumu\u015f, Belediye Ba\u015fkan Yard\u0131mc\u0131s\u0131 Feramuz Bozo\u011flu, \u0130l\u00e7e Milli E\u011fitim M\u00fcd\u00fcr\u00fc Mustafa \u015eim\u015fek, Bo\u011fazl\u0131yan Devlet Hastanesi idareci ve \u00e7al\u0131\u015fanlar\u0131, okul m\u00fcd\u00fcrleri, \u00f6\u011fretmenler, \u00f6\u011frenciler ve \u00e7ok say\u0131da il\u00e7e halk\u0131 kat\u0131ld\u0131.<\/p>\n<p>\u201cAtaseven\u2019in \u00e7al\u0131\u015fmas\u0131 takdire \u015fayan\u201d<\/p>\n<p>A\u00e7\u0131l\u0131\u015f kurdelesini kesen \u0130l\u00e7e Kaymakam\u0131 Fatih Okumu\u015f, hem\u015fire Selma Ataseven\u2019e b\u00f6ylesi anlaml\u0131 bir sergi a\u00e7mas\u0131ndan dolay\u0131 te\u015fekk\u00fcr ederek ba\u015flad\u0131\u011f\u0131 konu\u015fmas\u0131nda, \u201c\u00c7\u00f6pe deyip ge\u00e7me\u201d isimli serginin \u00f6\u011fretmen Mustafa Akka\u015f an\u0131s\u0131na yap\u0131lm\u0131\u015f olmas\u0131n\u0131n her t\u00fcrl\u00fc takdirin \u00fczerinde oldu\u011funu s\u00f6yledi. Sab\u0131rla, maharetle, ince i\u015f\u00e7ilikle ortaya \u00e7\u0131kan eserlerin mutlak suretle gezilmesi, g\u00f6r\u00fclmesi ve desteklenmesi gerekti\u011fini dile getiren Kaymakam Okumu\u015f, s\u00f6zlerini \u015fu \u015fekilde s\u00fcrd\u00fcrd\u00fc: \u201cBo\u011fazl\u0131yan Devlet Hastanesi\u2019nde g\u00f6revli hem\u015fire Selma Ataseven Han\u0131m taraf\u0131ndan \u00f6zellikle \u00e7\u00f6pe at\u0131labilecek cam, mukavva, magnet vs. olu\u015fan bu at\u0131klar\u0131 \u00e7ok sab\u0131rl\u0131, maharetli, ince bir i\u015f\u00e7ilikle i\u015fleyip kullan\u0131labilir bir vaziyete getirip ayn\u0131 zamanda il\u00e7emizde ge\u00e7en hafta trafik kazas\u0131nda hayat\u0131n\u0131 kaybeden \u00f6\u011fretmenimiz Mustafa Akka\u015f i\u00e7in de bunu il\u00e7emize tan\u0131t\u0131p ekonomik olarak de\u011ferlendirip vatanda\u015f\u0131m\u0131z\u0131n be\u011fenisine sunup buradan elde edece\u011fi fonlar\u0131 bu \u00f6\u011fretmenimize vermesi, b\u00fct\u00fcn bu faaliyetin A\u2019dan Z\u2019ye her t\u00fcrl\u00fc takdirin \u00fczerinde oldu\u011funu d\u00fc\u015f\u00fcn\u00fcyorum. B\u00fct\u00fcn Bo\u011fazl\u0131yanl\u0131 vatanda\u015flar\u0131m\u0131zda bu sergiye en az\u0131ndan gezip g\u00f6rmek, ba\u015far\u0131y\u0131 takdir etmek, varsa imkanlar\u0131 \u00f6l\u00e7\u00fcs\u00fcnde de ufak tefek bir \u015feyler alarak bu \u00f6\u011fretmenimize katk\u0131da bulunmalar\u0131n\u0131, \u00f6zellikle emek sahibi olan Selda Han\u0131m\u2019\u0131 da g\u00f6r\u00fcp tan\u0131\u015fmalar\u0131 en az\u0131ndan minnet duygular\u0131yla onunla g\u00f6r\u00fc\u015fmelerini b\u00fct\u00fcn vatanda\u015flar\u0131m\u0131zdan diliyorum. Bu imkan\u0131 sa\u011flayan Milli E\u011fitim\u2019e, Belediyemize her birine de \u00f6zellikle te\u015fekk\u00fcr ediyorum\u201d dedi.<\/p>\n<p>\u201cBu etkinli\u011fin yap\u0131lmas\u0131 bizleri onurland\u0131rd\u0131\u201d<\/p>\n<p>\u0130l\u00e7e Kaymakam\u0131 Fatih Okumu\u015f\u2019un konu\u015fmas\u0131n\u0131 m\u00fcteakip s\u00f6z alan \u0130l\u00e7e Milli E\u011fitim M\u00fcd\u00fcr\u00fc Mustafa \u015eim\u015fek, hem\u015fire Selma Ataseven\u2019in a\u00e7m\u0131\u015f oldu\u011fu serginin, ge\u00e7en hafta elim trafik kazas\u0131nda hayat\u0131n\u0131 kaybeden Mustafa Akka\u015f\u2019\u0131n ad\u0131na yapmas\u0131 bizi bir kez daha onurland\u0131rd\u0131\u011f\u0131n\u0131 s\u00f6yledi \u015eim\u015fek, konu\u015fmas\u0131nda \u201c\u00d6zellikle Bo\u011fazl\u0131yan Devlet Hastanemizde hem\u015fire olarak g\u00f6revli Selda Han\u0131mefendiye e\u011fitim camiam\u0131z\u0131n, ge\u00e7en hafta elim bir trafik kazas\u0131nda kaybetti\u011fimiz \u00f6\u011fretmenimiz ad\u0131na yapmas\u0131 bizi bir kez daha onurland\u0131rd\u0131. Kendi eme\u011fiyle ve sab\u0131rla bir iki senedir, \u00f6zellikle Cumhurba\u015fkan\u0131m\u0131z\u0131n e\u015fi Say\u0131n Emine Erdo\u011fan Han\u0131mefendinin s\u0131f\u0131r at\u0131k projesine y\u00f6nelik olarak toplad\u0131\u011f\u0131, \u00e7ocuklar\u0131n bu etkinliklerden, performans \u00f6devlerinden geride kalan at\u0131klar\u0131 sab\u0131rla i\u015fleyerek \u00e7ok g\u00fczel eserler meydana getirmi\u015f. Bu etkinli\u011fi \u00f6\u011fretmenimiz ad\u0131na yapmas\u0131 bizleri bir kez daha onurland\u0131rd\u0131. Hem bu etkinliklerin il\u00e7emizde artmas\u0131 noktas\u0131nda Milli E\u011fitim olarak destek veriyoruz. B\u00fct\u00fcn gelen karde\u015flerimize de sayg\u0131lar\u0131m\u0131 sunuyorum\u201d dedi.<\/p>\n<p>\u201c\u00d6rnek olmaya \u00e7al\u0131\u015f\u0131yorum\u201d<\/p>\n<p>Bo\u011fazl\u0131yan Devlet Hastanesi hem\u015firelerinden Selma Ataseven de yapm\u0131\u015f oldu\u011fu \u00e7al\u0131\u015fma hakk\u0131nda bilgiler vererek \u201cY\u0131llard\u0131r \u00e7ocuklar\u0131ma \u00f6rnek olmak i\u00e7in, gerekse Cumhurba\u015fkan\u0131m\u0131z\u0131n e\u015fi Say\u0131n Emine Erdo\u011fan\u2019\u0131n s\u0131f\u0131r at\u0131k projesinde de \u00f6nerdi\u011fi gibi bilin\u00e7li bir t\u00fcketici olmak ad\u0131na hobi olarak uzun zamand\u0131r do\u011fada erimesi \u00e7ok zor olan plastik at\u0131klardan, kullan\u0131lmayan eski mobilyalardan, kuma\u015flar, ka\u011f\u0131tlardan geriye d\u00f6n\u00fc\u015f\u00fcm temal\u0131 \u00e7al\u0131\u015fmalar yap\u0131yorum. Kullan\u0131labilir ve \u015f\u0131k objelere d\u00f6n\u00fc\u015ft\u00fcrmeye \u00e7al\u0131\u015f\u0131yorum. Evlatlar\u0131ma \u00f6rnek olmak ad\u0131na uzun zamand\u0131r b\u00f6yle bir hayalim ve d\u00fc\u015f\u00fcncem vard\u0131. Ge\u00e7en hafta elim kazada kaybetti\u011fimiz \u00f6\u011fretmenimiz Mustafa Akka\u015f an\u0131s\u0131na d\u00fczenlemeyi ve gelirini ailesine ba\u011f\u0131\u015flamay\u0131 uygun g\u00f6rd\u00fcm. Bu s\u00fcre\u00e7te bana destek olan e\u015fime, \u00e7ocuklar\u0131ma, arkada\u015flar\u0131ma, idari amirlerime, hepsine \u00e7ok te\u015fekk\u00fcr ediyorum. Geldi\u011finiz i\u00e7in tekrar sizlere de te\u015fekk\u00fcr ediyorum\u201d \u015feklinde konu\u015ftu.<\/p>\n","protected":false},"excerpt":{"rendered":"<p>TRAF\u0130K KAZASINDA \u00d6LEN \u00d6\u011eRETMEN MUSTAFA AKKA\u015e\u2019IN ANISINA SERG\u0130<\/p>\n","protected":false},"author":1,"featured_media":214783,"comment_status":"closed","ping_status":"open","sticky":false,"template":"","format":"standard","meta":{"jetpack_post_was_ever_published":false,"_jetpack_newsletter_access":"","_jetpack_dont_email_post_to_subs":false,"_jetpack_newsletter_tier_id":0,"_jetpack_memberships_contains_paywalled_content":false,"_jetpack_memberships_contains_paid_content":false,"footnotes":"","jetpack_publicize_message":"","jetpack_publicize_feature_enabled":true,"jetpack_social_post_already_shared":true,"jetpack_social_options":{"image_generator_settings":{"template":"highway","default_image_id":0,"font":"","enabled":false},"version":2}},"categories":[1],"tags":[54298,9559,7568,159,1904,1814,798,131],"class_list":["post-214782","post","type-post","status-publish","format-standard","has-post-thumbnail","hentry","category-genel","tag-akkasin","tag-anisina","tag-kazasinda","tag-mustafa","tag-ogretmen","tag-olen","tag-sergi","tag-trafik"],"jetpack_publicize_connections":[],"jetpack_featured_media_url":"https:\/\/i0.wp.com\/www.tvturk.com\/wp-content\/uploads\/2019\/10\/trafik-kazasinda-olen-ogretmen-mustafa-akkasin-anisina-sergi_70712a2.jpg?fit=1000%2C666","jetpack_sharing_enabled":true,"jetpack_shortlink":"https:\/\/wp.me\/paKIfm-TSe","_links":{"self":[{"href":"http:\/\/www.tvturk.com\/index.php\/wp-json\/wp\/v2\/posts\/214782","targetHints":{"allow":["GET"]}}],"collection":[{"href":"http:\/\/www.tvturk.com\/index.php\/wp-json\/wp\/v2\/posts"}],"about":[{"href":"http:\/\/www.tvturk.com\/index.php\/wp-json\/wp\/v2\/types\/post"}],"author":[{"embeddable":true,"href":"http:\/\/www.tvturk.com\/index.php\/wp-json\/wp\/v2\/users\/1"}],"replies":[{"embeddable":true,"href":"http:\/\/www.tvturk.com\/index.php\/wp-json\/wp\/v2\/comments?post=214782"}],"version-history":[{"count":0,"href":"http:\/\/www.tvturk.com\/index.php\/wp-json\/wp\/v2\/posts\/214782\/revisions"}],"wp:featuredmedia":[{"embeddable":true,"href":"http:\/\/www.tvturk.com\/index.php\/wp-json\/wp\/v2\/media\/214783"}],"wp:attachment":[{"href":"http:\/\/www.tvturk.com\/index.php\/wp-json\/wp\/v2\/media?parent=214782"}],"wp:term":[{"taxonomy":"category","embeddable":true,"href":"http:\/\/www.tvturk.com\/index.php\/wp-json\/wp\/v2\/categories?post=214782"},{"taxonomy":"post_tag","embeddable":true,"href":"http:\/\/www.tvturk.com\/index.php\/wp-json\/wp\/v2\/tags?post=214782"}],"curies":[{"name":"wp","href":"https:\/\/api.w.org\/{rel}","templated":true}]}}