{"id":214804,"date":"2019-10-13T14:02:17","date_gmt":"2019-10-13T11:02:17","guid":{"rendered":"http:\/\/www.tvturk.com\/index.php\/ytbden-yurt-disindaki-genc-kalemlere-yazarlik-akademisi\/"},"modified":"2019-10-13T14:02:17","modified_gmt":"2019-10-13T11:02:17","slug":"ytbden-yurt-disindaki-genc-kalemlere-yazarlik-akademisi","status":"publish","type":"post","link":"http:\/\/www.tvturk.com\/index.php\/ytbden-yurt-disindaki-genc-kalemlere-yazarlik-akademisi\/","title":{"rendered":"YTB\u2019den yurt d\u0131\u015f\u0131ndaki gen\u00e7 kalemlere &#8220;Yazarl\u0131k Akademisi&#8221;"},"content":{"rendered":"<p>Yurt d\u0131\u015f\u0131 T\u00fcrkler ve Akraba Topluluklar Ba\u015fkanl\u0131\u011f\u0131 (YTB) taraf\u0131ndan yurt d\u0131\u015f\u0131nda ya\u015fayan gen\u00e7 kalemlere ve yazar adaylar\u0131na y\u00f6nelik Strazburg\u2019da d\u00fczenlenen \u201cYTB Yazarl\u0131k Akademisi\u201d son buldu. Akademi boyunca 8 \u00fclkeden 40 kat\u0131l\u0131mc\u0131 alan\u0131nda uzman akademisyen, yazar ve e\u011fitmenlerden edebi metin, temel yaz\u0131m kurallar\u0131 gibi konular \u00fczerine dersler ald\u0131.<\/p>\n<p>Yurt d\u0131\u015f\u0131 T\u00fcrkler ve Akraba Topluluklar Ba\u015fkanl\u0131\u011f\u0131 (YTB) taraf\u0131ndan 5-11 Ekim 2019 tarihleri aras\u0131nda Fransa\u2019n\u0131n Strazburg \u015fehrinde yurt d\u0131\u015f\u0131nda ya\u015fayan vatanda\u015flara y\u00f6nelik d\u00fczenlenen &#8220;Yazarl\u0131k Akademisi&#8221; son buldu. Yurt d\u0131\u015f\u0131ndaki vatanda\u015flar\u0131n k\u00fclt\u00fcr ve sanat alan\u0131nda yapt\u0131klar\u0131 \u00e7al\u0131\u015fmalar\u0131n \u00e7e\u015fitlili\u011fini art\u0131rmak ve T\u00fcrk toplumuna yeni kalemler kazand\u0131rmak amac\u0131yla d\u00fczenlenen akademide 8 \u00fclkeden 40 kat\u0131l\u0131mc\u0131 yer ald\u0131. Alan\u0131nda uzman e\u011fitmen, akademisyen ve yazarlar\u0131n kat\u0131l\u0131m\u0131yla ger\u00e7ekle\u015ftirilen ve 6 g\u00fcn boyunca devam eden akademide teorik derslerin yan\u0131 s\u0131ra at\u00f6lye \u00e7al\u0131\u015fmalar\u0131 da ger\u00e7ekle\u015ftirildi.<\/p>\n<p>Akademi program\u0131yla birlikte yurt d\u0131\u015f\u0131nda ya\u015fayan gen\u00e7 kalemler, dil becerilerini ve yetkinliklerini art\u0131rarak, dil bilgisi ve yaz\u0131m kurallar\u0131n\u0131 etkin bir \u015fekilde \u00f6\u011frenme f\u0131rsat\u0131 elde etti. Ayr\u0131ca, akademide yer alan kat\u0131l\u0131mc\u0131lar yazarlarla birebir ileti\u015fim kurma imkan\u0131 buldu.<\/p>\n<p>Programda, Gazi \u00dcniversitesi Teknoloji Fak\u00fcltesi \u00d6\u011fretim \u00dcyesi Prof. Dr. Mustafa Kurt, yazar Abd\u00fcrrahim Karadeniz, yazar Naime Erkovan, yazar Nihan Kaya ve T\u00fcrk \u00f6yk\u00fcc\u00fcl\u00fc\u011f\u00fcn\u00fcn usta isimlerinden H\u00fcseyin Su; edebi metin, do\u011fru T\u00fcrk\u00e7e kullan\u0131m\u0131, deneme, \u00f6yk\u00fc, do\u011fru yaz\u0131m teknikleri, \u015fiir ve yaz\u0131m planlar\u0131 hakk\u0131nda \u00e7e\u015fitli dersler verdi. Strazburg Ba\u015fkonsolosu Muzaffer Rami \u015eayl\u0131man\u2019\u0131n kat\u0131l\u0131m\u0131yla ger\u00e7ekle\u015ftirilen kapan\u0131\u015f t\u00f6reninden sonra gen\u00e7 yazar adaylar\u0131na sertifika verildi.<\/p>\n","protected":false},"excerpt":{"rendered":"<p>YURTDI\u015eI T\u00dcRKLER VE AKRABA TOPLULUKLAR BA\u015eKANLI\u011eI (YTB) TARAFINDAN YURT DI\u015eINDA YA\u015eAYAN GEN\u00c7 KALEMLERE VE YAZAR ADAYLARINA Y\u00d6NEL\u0130K STRAZBURG\u2019DA D\u00dcZENLENEN \u201cYTB YAZARLIK AKADEM\u0130S\u0130\u201d SON BULDU.<\/p>\n","protected":false},"author":1,"featured_media":214805,"comment_status":"closed","ping_status":"open","sticky":false,"template":"","format":"standard","meta":{"jetpack_post_was_ever_published":false,"_jetpack_newsletter_access":"","_jetpack_dont_email_post_to_subs":false,"_jetpack_newsletter_tier_id":0,"_jetpack_memberships_contains_paywalled_content":false,"_jetpack_memberships_contains_paid_content":false,"footnotes":"","jetpack_publicize_message":"","jetpack_publicize_feature_enabled":true,"jetpack_social_post_already_shared":true,"jetpack_social_options":{"image_generator_settings":{"template":"highway","default_image_id":0,"font":"","enabled":false},"version":2}},"categories":[1],"tags":[4779,21258,803,54307,8977,6702,6663],"class_list":["post-214804","post","type-post","status-publish","format-standard","has-post-thumbnail","hentry","category-genel","tag-akademisi","tag-disindaki","tag-genc","tag-kalemlere","tag-yazarlik","tag-ytbden","tag-yurt"],"jetpack_publicize_connections":[],"jetpack_featured_media_url":"https:\/\/i0.wp.com\/www.tvturk.com\/wp-content\/uploads\/2019\/10\/ytbden-yurt-disindaki-genc-kalemlere-yazarlik-akademisi_593a8a3.jpg?fit=1000%2C750","jetpack_sharing_enabled":true,"jetpack_shortlink":"https:\/\/wp.me\/paKIfm-TSA","_links":{"self":[{"href":"http:\/\/www.tvturk.com\/index.php\/wp-json\/wp\/v2\/posts\/214804","targetHints":{"allow":["GET"]}}],"collection":[{"href":"http:\/\/www.tvturk.com\/index.php\/wp-json\/wp\/v2\/posts"}],"about":[{"href":"http:\/\/www.tvturk.com\/index.php\/wp-json\/wp\/v2\/types\/post"}],"author":[{"embeddable":true,"href":"http:\/\/www.tvturk.com\/index.php\/wp-json\/wp\/v2\/users\/1"}],"replies":[{"embeddable":true,"href":"http:\/\/www.tvturk.com\/index.php\/wp-json\/wp\/v2\/comments?post=214804"}],"version-history":[{"count":0,"href":"http:\/\/www.tvturk.com\/index.php\/wp-json\/wp\/v2\/posts\/214804\/revisions"}],"wp:featuredmedia":[{"embeddable":true,"href":"http:\/\/www.tvturk.com\/index.php\/wp-json\/wp\/v2\/media\/214805"}],"wp:attachment":[{"href":"http:\/\/www.tvturk.com\/index.php\/wp-json\/wp\/v2\/media?parent=214804"}],"wp:term":[{"taxonomy":"category","embeddable":true,"href":"http:\/\/www.tvturk.com\/index.php\/wp-json\/wp\/v2\/categories?post=214804"},{"taxonomy":"post_tag","embeddable":true,"href":"http:\/\/www.tvturk.com\/index.php\/wp-json\/wp\/v2\/tags?post=214804"}],"curies":[{"name":"wp","href":"https:\/\/api.w.org\/{rel}","templated":true}]}}