{"id":214812,"date":"2019-10-13T14:17:29","date_gmt":"2019-10-13T11:17:29","guid":{"rendered":"http:\/\/www.tvturk.com\/index.php\/sampiyon-guresciler-mehmetcik-oldu\/"},"modified":"2019-10-13T14:17:29","modified_gmt":"2019-10-13T11:17:29","slug":"sampiyon-guresciler-mehmetcik-oldu","status":"publish","type":"post","link":"http:\/\/www.tvturk.com\/index.php\/sampiyon-guresciler-mehmetcik-oldu\/","title":{"rendered":"\u015eampiyon g\u00fcre\u015f\u00e7iler Mehmet\u00e7ik oldu"},"content":{"rendered":"<p>R\u0131za Kayaalp, Taha Akg\u00fcl, Metehan Ba\u015far ve Soner Demirta\u015f ba\u015fta olmak \u00fczere toplam 8 g\u00fcre\u015f\u00e7i, askerlik g\u00f6revini tamamlamak \u00fczere bug\u00fcn birli\u011fine teslim oldu. \u015eampiyon g\u00fcre\u015f\u00e7iler, 21 Ekim tarihinde D\u00fcnya Askeri Olimpiyat Oyunlar\u0131\u2019nda m\u00fccadele edecek.<\/p>\n<p>\u015eampiyon g\u00fcre\u015f\u00e7iler R\u0131za Kayaalp, Taha Akg\u00fcl, Metehan Ba\u015far ve Soner Demirta\u015f dahil olmak \u00fczere 8 g\u00fcre\u015f\u00e7i askerlik g\u00f6revi i\u00e7in bug\u00fcn birliklerine teslim oldu. Milli g\u00fcre\u015f\u00e7iler, TSK Serbest ve Grekoromen G\u00fcre\u015f Milli Tak\u0131m\u0131 ile 16 &#8211; 28 Ekim 2019 tarihleri aras\u0131nda, \u00c7in\u2019de yap\u0131lacak CISM D\u00fcnya Askeri Olimpiyat Oyunlar\u0131\u2019na kat\u0131lacak.<\/p>\n<p>Greko-Romen stilde 130 kilogramda R\u0131za Kayaalp, 87 kilogramda Metehan Ba\u015far, 77 kilogramda Aslan Atem, 67 kilogramda Enes Ba\u015far temsil edecek. Greko-Romen Milli Tak\u0131m\u0131 haz\u0131rl\u0131klar\u0131n\u0131 antren\u00f6rler Salih Bora, Adem Ustao\u011flu ve \u015eeref T\u00fcfenk y\u00f6netiminde Sar\u0131yer Milli Tak\u0131m kamp\u0131nda yapt\u0131.<\/p>\n<p>Serbest G\u00fcre\u015f Milli Takm\u0131\u2019nda ise 125 kilogramda Taha Akg\u00fcl, 97 kilogramda Fatih Ya\u015farl\u0131, 74 kilogramda Soner Demirta\u015f, 65 kilogramda Selahattin K\u0131l\u0131\u00e7sallayan bulunuyor.<\/p>\n<p>TSK Serbest G\u00fcre\u015f Milli Tak\u0131m\u0131 kamp\u0131, Antren\u00f6rler Nebi Temur,ve Abdullah \u00c7akmar y\u00f6netiminde Elmada\u011f Milli Tak\u0131m kamp\u0131nda yapt\u0131.<\/p>\n<p>Milliler, 16 Ekimde Askeri Olimpiyat Oyunlar\u0131 i\u00e7in \u00c7in\u2019e hareket edecek. 21-22  Ekim\u2019de serbest, 23-24 Ekim\u2019de ise Greko-Romen stil m\u00fcsabakalar\u0131 yap\u0131lacak.<\/p>\n<p>Ba\u015fkan Musa Ayd\u0131n\u2019dan Genelkurmay Ba\u015fkan\u0131 Ya\u015far G\u00fcler\u2019e te\u015fekk\u00fcr<\/p>\n<p>T\u00fcrkiye G\u00fcre\u015f Federasyonu Ba\u015fkan\u0131 Musa Ayd\u0131n, Genelkurmay Ba\u015fkan\u0131 Orgeneral Ya\u015far G\u00fcler ile g\u00f6r\u00fc\u015ferek, ikili CISM D\u00fcnya Askeri Olimpiyatlar\u0131 \u00f6ncesinde fikir al\u0131\u015fveri\u015finde bulundu. T\u00fcrkiye G\u00fcre\u015f Federasyonu ve T\u00fcrk Silahl\u0131 Kuvvetleri, G\u00fcre\u015f tak\u0131mlar\u0131n\u0131n ba\u015far\u0131l\u0131 olmalar\u0131 i\u00e7in tam destek verme karar\u0131 ald\u0131. Musa Ayd\u0131n, yapt\u0131\u011f\u0131 a\u00e7\u0131klamada Genel Kurmay Ba\u015fkan\u0131 Ya\u015far G\u00fcler\u2019e te\u015fekk\u00fcr ederek \u201cGenel Kurmay Ba\u015fkan\u0131m\u0131z T\u00fcrk g\u00fcre\u015fine \u00e7ok b\u00fcy\u00fck \u00f6nem veriyor. Askeri oyunlarda g\u00fcre\u015f bran\u015f\u0131 yoktu. Kendisiyle bir araya gelerek bu durumu de\u011ferlendirdik. Askerlikle g\u00fcre\u015fin \u00f6zde\u015fle\u015fti\u011fini, g\u00fcre\u015fin ata sporumuz oldu\u011funu ve askeri oyunlarda yer almas\u0131n\u0131n \u00e7ok iyi olaca\u011f\u0131n\u0131 belirttim. Say\u0131n G\u00fcler de bu talebimizi uygun g\u00f6rerek gerekli talimat\u0131 verdiler. \u015eu an haz\u0131rl\u0131klar\u0131m\u0131z s\u00fcr\u00fcyor. R\u0131za Kayaalp, Taha Akg\u00fcl, ba\u015fta olmak \u00fczere bir\u00e7ok milli sporcumuz bug\u00fcn itibariyle asker oldular. G\u00fcre\u015f\u00e7ilerimiz 16 Ekim\u2019de \u00c7in\u2019e hareket edecekler. Ben burada m\u00fccadele edecek olan t\u00fcm sporcular\u0131m\u0131za ba\u015far\u0131lar diliyor, kendilerinden madalyalar al\u0131p \u0130stiklal Mar\u015f\u0131m\u0131z\u0131 okutmalar\u0131n\u0131 bekliyorum&#8221; \u015feklinde konu\u015ftu.<\/p>\n<p>Musa Ayd\u0131n\u2019dan \u2019Bar\u0131\u015f P\u0131nar\u0131 Harekat\u0131\u2019na destek<\/p>\n<p>Ba\u015fkan Ayd\u0131n, Bar\u0131\u015f P\u0131nar\u0131 Operasyonu\u2019na sonuna kadar destek verdiklerini belirterek, &#8220;Suriye\u2019deki operasyonda \u00fclkesi i\u00e7in canlar\u0131 pahas\u0131na m\u00fccadele eden t\u00fcm askerlerimize Allah\u2019tan muvaffakiyetler diliyorum. \u00dclkemiz b\u00f6yle bir operasyonun i\u00e7indeyken, bizim i\u00e7in askeri oyunlar\u0131n \u00f6nemi de bir kat daha art\u0131yor. Dolay\u0131s\u0131yla orada m\u00fccadele edecek olan t\u00fcm sporcular\u0131m\u0131z bu ruhla mindere \u00e7\u0131kacak ve T\u00fcrk\u2019\u00fcn g\u00fcc\u00fcn\u00fc herkese g\u00f6stereceklerdir&#8221; ifadelerini kulland\u0131.<\/p>\n<p>Taha Akg\u00fcl: &#8220;\u0130htiya\u00e7 duyuldu\u011fu takdirde cephede sava\u015fmaya haz\u0131r\u0131m&#8221;<\/p>\n<p>Avrupa, D\u00fcnya ve Olimpiyat \u015eampiyonu Taha Akg\u00fcl ise yapt\u0131\u011f\u0131 a\u00e7\u0131klamada asker olaca\u011f\u0131 i\u00e7in son derece mutlu oldu\u011funu aktararak, &#8220;Nasip olursa ben de vatani g\u00f6revimi yapmak \u00fczere teslim oluyorum. Askerlerimiz Suriye\u2019de vatan\u0131m\u0131z i\u00e7in b\u00fcy\u00fck bir m\u00fccadele verirken bizler de \u00c7in\u2019de yap\u0131lacak olan Askeri Olimpiyatlarda T\u00fcrk Silahl\u0131 Kuvvetleri\u2019ni en iyi \u015fekilde temsil edece\u011fiz. Bizler bu vatan\u0131 seven evlatlar olarak bu zor g\u00fcnlerde ihtiya\u00e7 duyuldu\u011fu takdirde cepheye de gidip \u00fclkemiz i\u00e7in \u00e7arp\u0131\u015fmaya her daim haz\u0131r\u0131z. \u2019Bar\u0131\u015f P\u0131nar\u0131 Harekat\u0131\u2019nda \u00fclkemizi kahramanca savunan t\u00fcm askerlerimizin Rabbim yar ve yard\u0131mc\u0131s\u0131 olsun&#8221; a\u00e7\u0131klamas\u0131n\u0131 yapt\u0131.<\/p>\n","protected":false},"excerpt":{"rendered":"<p>RIZA KAYAALP, TAHA AKG\u00dcL, METEHAN BA\u015eAR VE SONER DEM\u0130RTA\u015e BA\u015eTA OLMAK \u00dcZERE TOPLAM 8 G\u00dcRE\u015e\u00c7\u0130, ASKERL\u0130K G\u00d6REV\u0130N\u0130 TAMAMLAMAK \u00dcZERE BUG\u00dcN B\u0130RL\u0130\u011e\u0130NE TESL\u0130M OLDU.<\/p>\n","protected":false},"author":1,"featured_media":214813,"comment_status":"closed","ping_status":"open","sticky":false,"template":"","format":"standard","meta":{"jetpack_post_was_ever_published":false,"_jetpack_newsletter_access":"","_jetpack_dont_email_post_to_subs":false,"_jetpack_newsletter_tier_id":0,"_jetpack_memberships_contains_paywalled_content":false,"_jetpack_memberships_contains_paid_content":false,"footnotes":"","jetpack_publicize_message":"","jetpack_publicize_feature_enabled":true,"jetpack_social_post_already_shared":true,"jetpack_social_options":{"image_generator_settings":{"template":"highway","default_image_id":0,"font":"","enabled":false},"version":2}},"categories":[657],"tags":[11604,7393,77,2024],"class_list":["post-214812","post","type-post","status-publish","format-standard","has-post-thumbnail","hentry","category-spor","tag-guresciler","tag-mehmetcik","tag-oldu","tag-sampiyon"],"jetpack_publicize_connections":[],"jetpack_featured_media_url":"https:\/\/i0.wp.com\/www.tvturk.com\/wp-content\/uploads\/2019\/10\/sampiyon-guresciler-mehmetcik-oldu_995358e.jpg?fit=960%2C720","jetpack_sharing_enabled":true,"jetpack_shortlink":"https:\/\/wp.me\/paKIfm-TSI","_links":{"self":[{"href":"http:\/\/www.tvturk.com\/index.php\/wp-json\/wp\/v2\/posts\/214812","targetHints":{"allow":["GET"]}}],"collection":[{"href":"http:\/\/www.tvturk.com\/index.php\/wp-json\/wp\/v2\/posts"}],"about":[{"href":"http:\/\/www.tvturk.com\/index.php\/wp-json\/wp\/v2\/types\/post"}],"author":[{"embeddable":true,"href":"http:\/\/www.tvturk.com\/index.php\/wp-json\/wp\/v2\/users\/1"}],"replies":[{"embeddable":true,"href":"http:\/\/www.tvturk.com\/index.php\/wp-json\/wp\/v2\/comments?post=214812"}],"version-history":[{"count":0,"href":"http:\/\/www.tvturk.com\/index.php\/wp-json\/wp\/v2\/posts\/214812\/revisions"}],"wp:featuredmedia":[{"embeddable":true,"href":"http:\/\/www.tvturk.com\/index.php\/wp-json\/wp\/v2\/media\/214813"}],"wp:attachment":[{"href":"http:\/\/www.tvturk.com\/index.php\/wp-json\/wp\/v2\/media?parent=214812"}],"wp:term":[{"taxonomy":"category","embeddable":true,"href":"http:\/\/www.tvturk.com\/index.php\/wp-json\/wp\/v2\/categories?post=214812"},{"taxonomy":"post_tag","embeddable":true,"href":"http:\/\/www.tvturk.com\/index.php\/wp-json\/wp\/v2\/tags?post=214812"}],"curies":[{"name":"wp","href":"https:\/\/api.w.org\/{rel}","templated":true}]}}