{"id":214904,"date":"2019-10-13T17:46:58","date_gmt":"2019-10-13T14:46:58","guid":{"rendered":"http:\/\/www.tvturk.com\/index.php\/milli-savunma-bakani-akar-ve-tsk-komuta-kademesinden-yarali-askerlere-ziyaret\/"},"modified":"2019-10-13T17:46:58","modified_gmt":"2019-10-13T14:46:58","slug":"milli-savunma-bakani-akar-ve-tsk-komuta-kademesinden-yarali-askerlere-ziyaret","status":"publish","type":"post","link":"http:\/\/www.tvturk.com\/index.php\/milli-savunma-bakani-akar-ve-tsk-komuta-kademesinden-yarali-askerlere-ziyaret\/","title":{"rendered":"Milli Savunma Bakan\u0131 Akar ve TSK komuta kademesinden yaral\u0131 askerlere ziyaret"},"content":{"rendered":"<p>Milli Savunma Bakan\u0131 Hulusi Akar ve TSK komuta kademesinin, d\u00fcn s\u0131n\u0131r hatt\u0131na yapt\u0131klar\u0131 ziyaretin ard\u0131ndan \u015eanl\u0131urfa\u2019da tedavileri devam eden yaral\u0131 askerleri de ziyaret ettikleri \u00f6\u011frenildi.<\/p>\n<p>Milli Savunma Bakan\u0131 Hulusi Akar, beraberindeki Genelkurmay Ba\u015fkan\u0131 Orgeneral Ya\u015far G\u00fcler, Kara Kuvvetleri Komutan\u0131 Orgeneral \u00dcmit D\u00fcndar, Deniz Kuvvetleri Komutan\u0131 Oramiral Adnan \u00d6zbal ve Hava Kuvvetleri Komutan\u0131 Orgeneral Hasan K\u00fc\u00e7\u00fckaky\u00fcz ile d\u00fcn s\u0131n\u0131r hatt\u0131nda incelemelerde bulundu. Kara Kuvvetleri Komutanl\u0131\u011f\u0131 \u0130leri M\u00fc\u015fterek Harekat Merkezi\u2019ne giden Akar ve TSK komuta kademesinin, Bar\u0131\u015f P\u0131nar\u0131 Harekat\u0131\u2019ndaki geli\u015fmeleri bu kez de sahadan takip etti\u011fi a\u00e7\u0131kland\u0131. Akar ve komutanlar\u0131n, temaslar\u0131n\u0131n ard\u0131ndan \u015eanl\u0131urfa Mehmet Akif \u0130nan E\u011fitim ve Ara\u015ft\u0131rma Hastanesi\u2019ne ge\u00e7tikleri \u00f6\u011frenildi.<\/p>\n<p>Bakan Akar ve beraberindekilerin, harekatta yaralanan askerleri ziyaret ettikleri, sa\u011fl\u0131k durumlar\u0131na ili\u015fkin bilgi ald\u0131klar\u0131 belirtildi.<\/p>\n","protected":false},"excerpt":{"rendered":"<p>M\u0130L\u0130 SAVUNMA BAKANI AKAR&#8217;DAN YARALI ASKERLERE Z\u0130YARET<\/p>\n","protected":false},"author":1,"featured_media":214905,"comment_status":"closed","ping_status":"open","sticky":false,"template":"","format":"standard","meta":{"jetpack_post_was_ever_published":false,"_jetpack_newsletter_access":"","_jetpack_dont_email_post_to_subs":false,"_jetpack_newsletter_tier_id":0,"_jetpack_memberships_contains_paywalled_content":false,"_jetpack_memberships_contains_paid_content":false,"footnotes":"","jetpack_publicize_message":"","jetpack_publicize_feature_enabled":true,"jetpack_social_post_already_shared":true,"jetpack_social_options":{"image_generator_settings":{"template":"highway","default_image_id":0,"font":"","enabled":false},"version":2}},"categories":[1],"tags":[11703,17184,933,54326,26261,429,33,11645,774,150],"class_list":["post-214904","post","type-post","status-publish","format-standard","has-post-thumbnail","hentry","category-genel","tag-akar","tag-askerlere","tag-bakani","tag-kademesinden","tag-komuta","tag-milli","tag-savunma","tag-tsk","tag-yarali","tag-ziyaret"],"jetpack_publicize_connections":[],"jetpack_featured_media_url":"https:\/\/i0.wp.com\/www.tvturk.com\/wp-content\/uploads\/2019\/10\/milli-savunma-bakani-akar-ve-tsk-komuta-kademesinden-yarali-askerlere-ziyaret_2a3c144.jpg?fit=880%2C522","jetpack_sharing_enabled":true,"jetpack_shortlink":"https:\/\/wp.me\/paKIfm-TUc","_links":{"self":[{"href":"http:\/\/www.tvturk.com\/index.php\/wp-json\/wp\/v2\/posts\/214904","targetHints":{"allow":["GET"]}}],"collection":[{"href":"http:\/\/www.tvturk.com\/index.php\/wp-json\/wp\/v2\/posts"}],"about":[{"href":"http:\/\/www.tvturk.com\/index.php\/wp-json\/wp\/v2\/types\/post"}],"author":[{"embeddable":true,"href":"http:\/\/www.tvturk.com\/index.php\/wp-json\/wp\/v2\/users\/1"}],"replies":[{"embeddable":true,"href":"http:\/\/www.tvturk.com\/index.php\/wp-json\/wp\/v2\/comments?post=214904"}],"version-history":[{"count":0,"href":"http:\/\/www.tvturk.com\/index.php\/wp-json\/wp\/v2\/posts\/214904\/revisions"}],"wp:featuredmedia":[{"embeddable":true,"href":"http:\/\/www.tvturk.com\/index.php\/wp-json\/wp\/v2\/media\/214905"}],"wp:attachment":[{"href":"http:\/\/www.tvturk.com\/index.php\/wp-json\/wp\/v2\/media?parent=214904"}],"wp:term":[{"taxonomy":"category","embeddable":true,"href":"http:\/\/www.tvturk.com\/index.php\/wp-json\/wp\/v2\/categories?post=214904"},{"taxonomy":"post_tag","embeddable":true,"href":"http:\/\/www.tvturk.com\/index.php\/wp-json\/wp\/v2\/tags?post=214904"}],"curies":[{"name":"wp","href":"https:\/\/api.w.org\/{rel}","templated":true}]}}