{"id":214940,"date":"2019-10-13T21:31:57","date_gmt":"2019-10-13T18:31:57","guid":{"rendered":"http:\/\/www.tvturk.com\/index.php\/isvicrede-turk-sivil-toplum-orgutlerinden-turk-bayragina-yapilan-saldirilara-kinama\/"},"modified":"2019-10-13T21:31:57","modified_gmt":"2019-10-13T18:31:57","slug":"isvicrede-turk-sivil-toplum-orgutlerinden-turk-bayragina-yapilan-saldirilara-kinama","status":"publish","type":"post","link":"http:\/\/www.tvturk.com\/index.php\/isvicrede-turk-sivil-toplum-orgutlerinden-turk-bayragina-yapilan-saldirilara-kinama\/","title":{"rendered":"\u0130svi\u00e7re\u2019de T\u00fcrk sivil toplum \u00f6rg\u00fctlerinden T\u00fcrk bayra\u011f\u0131na yap\u0131lan sald\u0131r\u0131lara k\u0131nama"},"content":{"rendered":"<p>\u0130svi\u00e7re\u2019de T\u00fcrk sivil toplum \u00f6rg\u00fctleri, b\u00f6l\u00fcc\u00fc ter\u00f6r \u00f6rg\u00fct\u00fc ve yanda\u015flar\u0131 taraf\u0131ndan hafta sonu \u0130svi\u00e7re genelinde T\u00fcrkiye\u2019ye, T\u00fcrk bayra\u011f\u0131na ve T\u00fcrk toplumuna yap\u0131lan s\u00f6zl\u00fc ve fiziksel sald\u0131r\u0131lar\u0131 yapt\u0131klar\u0131 bas\u0131n a\u00e7\u0131klamas\u0131 ile k\u0131nad\u0131.<\/p>\n<p>T\u00fcrkiye\u2019nin Bern B\u00fcy\u00fckel\u00e7ili\u011fi \u00f6n\u00fcnde bir araya gelen T\u00fcrk sivil toplum \u00f6rg\u00fctleri temsilcileri, Almanca ve T\u00fcrk\u00e7e yapt\u0131klar\u0131 ortak bas\u0131n a\u00e7\u0131klamas\u0131 ile ya\u015fanan sald\u0131r\u0131lara tepkilerini dile getirdi. B\u00fcy\u00fckel\u00e7ilik \u00f6n\u00fcnde toplanan sivil toplum \u00f6rg\u00fctleri temsilcilerini kar\u015f\u0131layan T\u00fcrkiye\u2019nin Bern B\u00fcy\u00fckel\u00e7isi \u0130lhan Sayg\u0131l\u0131, STK\u2019lara olaylar kar\u015f\u0131s\u0131ndaki so\u011fukkanl\u0131 tutum ve hassasiyetlerinden dolay\u0131 te\u015fekk\u00fcr etti.<\/p>\n<p>Suat \u015eahin taraf\u0131ndan okunan ortak bildiride, &#8220;T\u00fcrkiye\u2019nin Suriye\u2019yle aras\u0131nda olan s\u0131n\u0131rlar\u0131n\u0131 koruma alt\u0131na alma ama\u00e7l\u0131 Bar\u0131\u015f P\u0131nar\u0131 Harekat\u0131\u2019na ba\u015flamas\u0131ndan sonra son g\u00fcnlerde \u0130svi\u00e7re\u2019de birka\u00e7 T\u00fcrkiye d\u00fc\u015fman\u0131 miting ve \u00e7at\u0131\u015fmalar ya\u015fand\u0131. Biz, T\u00fcrk toplumu ve \u0130svi\u00e7re\u2019de ya\u015fayan T\u00fcrk halk\u0131 olarak bu sald\u0131r\u0131lar\u0131 ve T\u00fcrkiye\u2019ye kar\u015f\u0131 nefreti derinden k\u0131n\u0131yoruz. S\u0131n\u0131rlar\u0131n\u0131 ve s\u0131n\u0131r alan\u0131n\u0131 ter\u00f6ristlere kar\u015f\u0131 g\u00fcvence alt\u0131na almak i\u00e7in T\u00fcrkiye\u2019nin hakl\u0131 harekat\u0131, T\u00fcrkiye ve \u0130svi\u00e7re\u2019de ya\u015fayan T\u00fcrk n\u00fcfusuna kar\u015f\u0131 nefreti k\u0131\u015fk\u0131rtmak i\u00e7in bir f\u0131rsat olarak de\u011ferlendiriliyor. 12 Ekim 2019 Cumartesi g\u00fcn\u00fc Basel-Stadt\u2019deki protestocular, T\u00fcrk bayra\u011f\u0131n\u0131 kamuya a\u00e7\u0131k alanda yakarak eylem yapt\u0131lar. T\u00fcrk bayra\u011f\u0131na kar\u015f\u0131 bu a\u00e7\u0131k ihaneti derinden k\u0131n\u0131yoruz. Biz burada ya\u015fayan T\u00fcrkler, \u0130svi\u00e7re bayra\u011f\u0131 i\u00e7in ayn\u0131 hisleri payla\u015f\u0131yoruz ve \u0130svi\u00e7re bayra\u011f\u0131na ba\u011fl\u0131y\u0131z ve \u0130svi\u00e7re bayra\u011f\u0131n\u0131 ayn\u0131 \u015fekilde koruyaca\u011f\u0131z. Bir \u00fclkenin bayra\u011f\u0131n\u0131n yanmas\u0131na tahamm\u00fcl edilmemeli. Kamuya a\u00e7\u0131k alanlarda T\u00fcrk halk\u0131na ve T\u00fcrkiye\u2019ye kar\u015f\u0131 nefreti ate\u015fliyorlar. \u0130fade ve konu\u015fma \u00f6zg\u00fcrl\u00fc\u011f\u00fcn\u00fc k\u00f6t\u00fcye kullanan ve bayraklar\u0131 yakarak nefret sa\u00e7anlar g\u00f6steri yapma hakk\u0131n\u0131n korunmas\u0131n\u0131 iddia edemezler\u201d ifadeleri yer ald\u0131.<\/p>\n<p>&#8220;Bayrak yakmak \u0130svi\u00e7re\u2019de su\u00e7tur&#8221;<\/p>\n<p>Ceza Kanunu\u2019nun 270. maddesine g\u00f6re \u0130svi\u00e7re bayra\u011f\u0131n\u0131n yak\u0131lmas\u0131n\u0131n su\u00e7 oldu\u011fu belirtilen a\u00e7\u0131klamada, \u201cUlusal bir kurumun asm\u0131\u015f oldu\u011fu bir \u0130svi\u00e7re amblemine, \u00f6zellikle armas\u0131 veya \u0130svi\u00e7re Konfederasyonu veya bir kantonuna ait bayra\u011fa k\u00f6t\u00fc niyetli olarak zarar veren veya hakaret eden ki\u015filer, \u00fc\u00e7 y\u0131la varan hapis cezas\u0131na veya bir para cezas\u0131 ile yarg\u0131lanabilir. Bu ceza kanunu sadece bir devlet kurumu taraf\u0131ndan as\u0131lan bayraklar\u0131 korur. Kamu d\u00fczenini korumak i\u00e7in \u00e7e\u015fitli devletler, kamu makamlar\u0131 taraf\u0131ndan olmas\u0131na ra\u011fmen genel olarak ulusal bayrak \u00fczerindeki y\u0131k\u0131c\u0131, zarar verici veya k\u00fcf\u00fcrl\u00fc eylemleri cezaland\u0131rmaktad\u0131r. \u0130svi\u00e7re\u2019de arman\u0131n ya da konfederasyon bayra\u011f\u0131n\u0131n a\u015fa\u011f\u0131lay\u0131c\u0131 kullan\u0131m\u0131 i\u00e7in cezai sorumluluk arzusu b\u00fcy\u00fckt\u00fcr. Baz\u0131 mitinglerde \u0130svi\u00e7re bayra\u011f\u0131n\u0131n yak\u0131lmas\u0131 ger\u00e7ekle\u015fti. N\u00fcfusun \u00e7o\u011funlu\u011fu, bireyler bizim ulusal sembol\u00fcm\u00fcz\u00fc yakt\u0131\u011f\u0131nda veya a\u015fa\u011f\u0131lay\u0131c\u0131 bir \u015fekilde kulland\u0131klar\u0131nda en derin vatanseverlik duygular\u0131 nedeniyle a\u011f\u0131r \u015fekilde yaralanmaktad\u0131r\u201d denildi.<\/p>\n","protected":false},"excerpt":{"rendered":"<p>\u0130SV\u0130\u00c7RE&#8217;DE T\u00dcRK S\u0130V\u0130L TOPLUM \u00d6RG\u00dcTLER\u0130, B\u00d6L\u00dcC\u00dc TER\u00d6R \u00d6RG\u00dcT\u00dc VE YANDA\u015eLARI TARAFINDAN HAFTA SONU \u0130SV\u0130\u00c7RE GENEL\u0130NDE T\u00dcRK\u0130YE\u2019YE, T\u00dcRK BAYRA\u011eINA VE T\u00dcRK TOPLUMUNA YAPILAN S\u00d6ZL\u00dc VE F\u0130Z\u0130KSEL SALDIRILARI YAPTIKLARI BASIN A\u00c7IKLAMASI \u0130LE KINADI.<\/p>\n","protected":false},"author":1,"featured_media":214941,"comment_status":"closed","ping_status":"open","sticky":false,"template":"","format":"standard","meta":{"jetpack_post_was_ever_published":false,"_jetpack_newsletter_access":"","_jetpack_dont_email_post_to_subs":false,"_jetpack_newsletter_tier_id":0,"_jetpack_memberships_contains_paywalled_content":false,"_jetpack_memberships_contains_paid_content":false,"footnotes":"","jetpack_publicize_message":"","jetpack_publicize_feature_enabled":true,"jetpack_social_post_already_shared":true,"jetpack_social_options":{"image_generator_settings":{"template":"highway","default_image_id":0,"font":"","enabled":false},"version":2}},"categories":[10],"tags":[7235,41774,16493,1753,54337,33763,7236,957,530],"class_list":["post-214940","post","type-post","status-publish","format-standard","has-post-thumbnail","hentry","category-dunya","tag-sivil","tag-bayragina","tag-isvicrede","tag-kinama","tag-orgutlerinden","tag-saldirilara","tag-toplum","tag-turk","tag-yapilan"],"jetpack_publicize_connections":[],"jetpack_featured_media_url":"https:\/\/i0.wp.com\/www.tvturk.com\/wp-content\/uploads\/2019\/10\/isvicrede-turk-sivil-toplum-orgutlerinden-turk-bayragina-yapilan-saldirilara-kinama_f2857fb.jpg?fit=1000%2C750","jetpack_sharing_enabled":true,"jetpack_shortlink":"https:\/\/wp.me\/paKIfm-TUM","_links":{"self":[{"href":"http:\/\/www.tvturk.com\/index.php\/wp-json\/wp\/v2\/posts\/214940","targetHints":{"allow":["GET"]}}],"collection":[{"href":"http:\/\/www.tvturk.com\/index.php\/wp-json\/wp\/v2\/posts"}],"about":[{"href":"http:\/\/www.tvturk.com\/index.php\/wp-json\/wp\/v2\/types\/post"}],"author":[{"embeddable":true,"href":"http:\/\/www.tvturk.com\/index.php\/wp-json\/wp\/v2\/users\/1"}],"replies":[{"embeddable":true,"href":"http:\/\/www.tvturk.com\/index.php\/wp-json\/wp\/v2\/comments?post=214940"}],"version-history":[{"count":0,"href":"http:\/\/www.tvturk.com\/index.php\/wp-json\/wp\/v2\/posts\/214940\/revisions"}],"wp:featuredmedia":[{"embeddable":true,"href":"http:\/\/www.tvturk.com\/index.php\/wp-json\/wp\/v2\/media\/214941"}],"wp:attachment":[{"href":"http:\/\/www.tvturk.com\/index.php\/wp-json\/wp\/v2\/media?parent=214940"}],"wp:term":[{"taxonomy":"category","embeddable":true,"href":"http:\/\/www.tvturk.com\/index.php\/wp-json\/wp\/v2\/categories?post=214940"},{"taxonomy":"post_tag","embeddable":true,"href":"http:\/\/www.tvturk.com\/index.php\/wp-json\/wp\/v2\/tags?post=214940"}],"curies":[{"name":"wp","href":"https:\/\/api.w.org\/{rel}","templated":true}]}}