{"id":214972,"date":"2019-10-14T09:46:43","date_gmt":"2019-10-14T06:46:43","guid":{"rendered":"http:\/\/www.tvturk.com\/index.php\/erzurumlu-sanatcidan-baris-pinari-icin-ozel-beste\/"},"modified":"2019-10-14T09:46:43","modified_gmt":"2019-10-14T06:46:43","slug":"erzurumlu-sanatcidan-baris-pinari-icin-ozel-beste","status":"publish","type":"post","link":"http:\/\/www.tvturk.com\/index.php\/erzurumlu-sanatcidan-baris-pinari-icin-ozel-beste\/","title":{"rendered":"Erzurumlu sanat\u00e7\u0131dan Bar\u0131\u015f P\u0131nar\u0131 i\u00e7in \u00f6zel beste"},"content":{"rendered":"<p>Erzurumlu sanat\u00e7\u0131 Fikret \u015eim\u015fek, Bar\u0131\u015f P\u0131nar\u0131 Harekat\u0131\u2019na t\u00fcrk\u00fcs\u00fcyle destek verdi.<\/p>\n<p>Daha \u00f6nce Afrin ve Zeytin Dal\u0131 operasyonlar\u0131nda \u201cBir gece Afrin\u2019e gelebiliriz\u201d t\u00fcrk\u00fcs\u00fcn\u00fc besteleyen ve sosyal medyada t\u0131klanma rekoru k\u0131ran Dada\u015flar Fas\u0131l ekibi solisti Fikret \u015eim\u015fek, Bar\u0131\u015f P\u0131nar\u0131 Harekat\u0131 i\u00e7in de \u201cVurun aslanlar\u0131m Allah a\u015fk\u0131na\u201d adl\u0131 t\u00fcrk\u00fcy\u00fc besteledi.<\/p>\n<p>Sanat\u00e7\u0131 \u015eim\u015fek, \u201cF\u0131rat\u2019\u0131n do\u011fusunda ter\u00f6r varl\u0131\u011f\u0131n\u0131n s\u0131n\u0131r g\u00fcvenli\u011fimizi tehdit etmesi amac\u0131yla silahl\u0131 kuvvetlerimiz burada bir g\u00fcvenlik koridoru olu\u015fturmak istiyor. Milletimizin huzur ve g\u00fcvenini sa\u011flamak, aziz \u015fehitlerimizin kan\u0131n\u0131 yerde b\u0131rakmamak i\u00e7in kahraman ordumuz Bar\u0131\u015f P\u0131nar\u0131 Harekat\u0131\u2019n\u0131 ba\u015far\u0131yla s\u00fcrd\u00fcrmektedir. Allah, vatan evlad\u0131 kahramanlar\u0131m\u0131z\u0131n yar ve yard\u0131mc\u0131s\u0131 olsun\u201d diye konu\u015ftu.<\/p>\n<p>Fikret \u015eim\u015fek\u2019in Bar\u0131\u015f P\u0131nar\u0131 Harekat\u0131 i\u00e7in besteledi\u011fi t\u00fcrk\u00fcn\u00fcn s\u00f6zleri \u015f\u00f6yle:<\/p>\n<p>\u201cCephelerden asker sesi geliyor,<\/p>\n<p>Asker h\u00fccum etmi\u015f Tel Abyad\u2019\u0131 al\u0131yor,<\/p>\n<p>Korkudan hainlerin \u00f6d\u00fc \u00e7atl\u0131yor,<\/p>\n<p>Vurun aslanlar\u0131m Allah a\u015fk\u0131na,<\/p>\n<p>\u015eehit olan\u0131m\u0131z cennet k\u00f6\u015fk\u00fcne,<\/p>\n<p>At\u0131n aslanlar\u0131m Allah a\u015fk\u0131na,<\/p>\n<p>\u015eehit olan\u0131m\u0131z cennet k\u00f6\u015fk\u00fcne,<\/p>\n<p>Suriye s\u0131n\u0131r\u0131nda ate\u015f g\u00f6nl\u00fcnde,<\/p>\n<p>Asker ilerliyor bayrak elinde,<\/p>\n<p>Ba\u015fkomutan \u00f6nde asker pe\u015finde,<\/p>\n<p>Vurun aslanlar\u0131m Allah a\u015fk\u0131na,<\/p>\n<p>\u015eehit olan\u0131m\u0131z cennet k\u00f6\u015fk\u00fcne,<\/p>\n<p>At\u0131n aslanlar\u0131m Allah a\u015fk\u0131na,<\/p>\n<p>\u015eehit olan\u0131m\u0131z cennet k\u00f6\u015fk\u00fcne,<\/p>\n<p>Ba\u015f Komutan der ki durmay\u0131n at\u0131n,<\/p>\n<p>Hainlerin sonu gelsin b\u00fcsb\u00fct\u00fcn,<\/p>\n<p>Bozulmu\u015f d\u00fc\u015fmanlar ka\u00e7\u0131yor tutun,<\/p>\n<p>Vurun aslanlar\u0131m Allah a\u015fk\u0131na,<\/p>\n<p>\u015eehit olan\u0131m\u0131z cennet k\u00f6\u015fk\u00fcne,<\/p>\n<p>At\u0131n aslanlar\u0131m Allah a\u015fk\u0131na,<\/p>\n<p>\u015eehit olan\u0131m\u0131z cennet k\u00f6\u015fk\u00fcne.\u201d<\/p>\n","protected":false},"excerpt":{"rendered":"<p>ERZURUMLU SANAT\u00c7I F\u0130KRET \u015e\u0130M\u015eEK, BARI\u015e PINARI HAREKATINA T\u00dcRK\u00dcS\u00dcYLE DESTEK VERD\u0130.<\/p>\n","protected":false},"author":1,"featured_media":214973,"comment_status":"closed","ping_status":"open","sticky":false,"template":"","format":"standard","meta":{"jetpack_post_was_ever_published":false,"_jetpack_newsletter_access":"","_jetpack_dont_email_post_to_subs":false,"_jetpack_newsletter_tier_id":0,"_jetpack_memberships_contains_paywalled_content":false,"_jetpack_memberships_contains_paid_content":false,"footnotes":"","jetpack_publicize_message":"","jetpack_publicize_feature_enabled":true,"jetpack_social_post_already_shared":true,"jetpack_social_options":{"image_generator_settings":{"template":"highway","default_image_id":0,"font":"","enabled":false},"version":2}},"categories":[1],"tags":[1073,4256,8271,15368,44,53832,10529],"class_list":["post-214972","post","type-post","status-publish","format-standard","has-post-thumbnail","hentry","category-genel","tag-ozel","tag-baris","tag-beste","tag-erzurumlu","tag-icin","tag-pinari","tag-sanatcidan"],"jetpack_publicize_connections":[],"jetpack_featured_media_url":"https:\/\/i0.wp.com\/www.tvturk.com\/wp-content\/uploads\/2019\/10\/erzurumlu-sanatcidan-baris-pinari-icin-ozel-beste_70712a2.jpg?fit=1000%2C562","jetpack_sharing_enabled":true,"jetpack_shortlink":"https:\/\/wp.me\/paKIfm-TVi","_links":{"self":[{"href":"http:\/\/www.tvturk.com\/index.php\/wp-json\/wp\/v2\/posts\/214972","targetHints":{"allow":["GET"]}}],"collection":[{"href":"http:\/\/www.tvturk.com\/index.php\/wp-json\/wp\/v2\/posts"}],"about":[{"href":"http:\/\/www.tvturk.com\/index.php\/wp-json\/wp\/v2\/types\/post"}],"author":[{"embeddable":true,"href":"http:\/\/www.tvturk.com\/index.php\/wp-json\/wp\/v2\/users\/1"}],"replies":[{"embeddable":true,"href":"http:\/\/www.tvturk.com\/index.php\/wp-json\/wp\/v2\/comments?post=214972"}],"version-history":[{"count":0,"href":"http:\/\/www.tvturk.com\/index.php\/wp-json\/wp\/v2\/posts\/214972\/revisions"}],"wp:featuredmedia":[{"embeddable":true,"href":"http:\/\/www.tvturk.com\/index.php\/wp-json\/wp\/v2\/media\/214973"}],"wp:attachment":[{"href":"http:\/\/www.tvturk.com\/index.php\/wp-json\/wp\/v2\/media?parent=214972"}],"wp:term":[{"taxonomy":"category","embeddable":true,"href":"http:\/\/www.tvturk.com\/index.php\/wp-json\/wp\/v2\/categories?post=214972"},{"taxonomy":"post_tag","embeddable":true,"href":"http:\/\/www.tvturk.com\/index.php\/wp-json\/wp\/v2\/tags?post=214972"}],"curies":[{"name":"wp","href":"https:\/\/api.w.org\/{rel}","templated":true}]}}