{"id":21503,"date":"2019-02-11T13:48:51","date_gmt":"2019-02-11T10:48:51","guid":{"rendered":"http:\/\/www.tvturk.com\/index.php\/van-polisinden-kizilaya-kan-bagisi\/"},"modified":"2019-02-11T13:48:55","modified_gmt":"2019-02-11T10:48:55","slug":"van-polisinden-kizilaya-kan-bagisi","status":"publish","type":"post","link":"http:\/\/www.tvturk.com\/index.php\/van-polisinden-kizilaya-kan-bagisi\/","title":{"rendered":"Van polisinden K\u0131z\u0131laya kan ba\u011f\u0131\u015f\u0131"},"content":{"rendered":"<p>Van polisi, T\u00fcrk K\u0131z\u0131lay\u0131 taraf\u0131ndan ba\u015flat\u0131lan kan ba\u011f\u0131\u015f\u0131 kampanyas\u0131na destek verdi.<\/p>\n<p>\u0130pekyolu Caddesi \u00fczerinde bulunan Van Emniyet M\u00fcd\u00fcrl\u00fc\u011f\u00fc yerle\u015fkesinde \u0130l Emniyet M\u00fcd\u00fcr\u00fc Mehmet Suat Ekinci\u2019nin kat\u0131l\u0131m\u0131yla kan ba\u011f\u0131\u015f\u0131 yap\u0131ld\u0131. D\u00fczenlenen program \u00e7er\u00e7evesinde K\u0131z\u0131lay G\u00fcneydo\u011fu B\u00f6lge Kan Merkezi M\u00fcd\u00fcr\u00fc Dr. \u0130brahim \u00c7elik, Van Kan Ba\u011f\u0131\u015f Merkezi M\u00fcd\u00fcr\u00fc Dr. Sinan Karaku\u015f, Kan Ba\u011f\u0131\u015f\u00e7\u0131s\u0131 Kazan\u0131m Uzman\u0131 Kemal Y\u0131ld\u0131z, T\u00fcrk K\u0131z\u0131lay\u0131 Van \u015eubesi Ba\u015fkan\u0131 Yal\u00e7\u0131n \u00d6zdemir, emniyet m\u00fcd\u00fcr yard\u0131mc\u0131lar\u0131, \u015fube m\u00fcd\u00fcrleri ve te\u015fkilat mensuplar\u0131 haz\u0131r bulundu.<\/p>\n<p>Kan ba\u011f\u0131\u015f\u0131ndan bulunan \u0130l Emniyet M\u00fcd\u00fcr\u00fc Mehmet Suat Ekinci, K\u0131z\u0131lay taraf\u0131ndan ba\u015flat\u0131lan kampanyaya destek verdiklerini belirtti. Kampanya \u00e7er\u00e7evesinde rekor bir kat\u0131l\u0131mla kan stoklar\u0131n\u0131n y\u00fczde 100\u2019e \u00e7\u0131kmas\u0131n\u0131 temenni eden \u0130l M\u00fcd\u00fcr\u00fc Ekinci, \u201cTe\u015fkilat mensuplar\u0131m\u0131z canlar\u0131n\u0131 vermekte hi\u00e7bir zaman teredd\u00fct etmemi\u015flerdir. Bizler de binlerce \u015fehidimizin bize b\u0131rakm\u0131\u015f oldu\u011fu emanete sahip \u00e7\u0131kmak ad\u0131na can\u0131m\u0131z\u0131 ve kan\u0131m\u0131z\u0131 vermek i\u00e7in hi\u00e7bir zaman teredd\u00fct etmeyiz. K\u0131z\u0131lay te\u015fkilat\u0131m\u0131z \u00e7ok g\u00fczide bir te\u015fkilatt\u0131r. Bu noktada yap\u0131lan hay\u0131rl\u0131 kampanya \u00e7er\u00e7evesinde 3 g\u00fcn boyunca bu yerle\u015fkede te\u015fkilat mensuplar\u0131m\u0131z kanlar\u0131n\u0131 verecekler. Bu de\u011ferli ve hay\u0131rl\u0131 kampanyaya \u00fcst d\u00fczeyde kat\u0131l\u0131m sa\u011flanarak stoklar\u0131n y\u00fczde 100 olmas\u0131n\u0131 diliyorum. Slogan\u0131m\u0131z \u2018kan verin, can kurtar\u0131n ve sizler de sa\u011fl\u0131kl\u0131 kal\u0131n\u2019 \u015feklindedir. Kan vermenin ne kadar k\u0131ymetli oldu\u011funu ve sa\u011fl\u0131\u011fa faydal\u0131 oldu\u011funu biliyoruz\u201d dedi.<\/p>\n<p>Bu y\u0131l hava \u015fartlar\u0131n\u0131n \u00e7etin ge\u00e7mesinden dolay\u0131 kan stoklar\u0131nda bir azalma oldu\u011funu dile getiren K\u0131z\u0131lay Van \u015eube Ba\u015fkan\u0131 Yal\u00e7\u0131n \u00d6zdemir ise, \u201cDuyarl\u0131 kamu \u00e7al\u0131\u015fanlar\u0131m\u0131z\u0131n ve \u00f6zellikle emniyet te\u015fkilat\u0131m\u0131z\u0131n bug\u00fcn kampanyaya verdi\u011fi destekten dolay\u0131 \u015fahs\u0131m ve kurumum ad\u0131na \u00e7ok te\u015fekk\u00fcr ediyorum. Kan\u0131n kayna\u011f\u0131 insandad\u0131r. Kan vermek de sa\u011fl\u0131k i\u00e7indir\u201d diye konu\u015ftu.<\/p>\n<p>K\u0131z\u0131lay G\u00fcneydo\u011fu B\u00f6lge Kan Merkezi M\u00fcd\u00fcr\u00fc Dr. \u0130brahim \u00c7elik de, kampanyaya duyarl\u0131l\u0131k g\u00f6steren emniyet te\u015fkilat\u0131 mensuplar\u0131na te\u015fekk\u00fcr etti.<div class=\"tiled-gallery type-rectangular tiled-gallery-unresized\" data-original-width=\"500\" data-carousel-extra='null' itemscope itemtype=\"http:\/\/schema.org\/ImageGallery\" > <div class=\"gallery-row\" style=\"width: 500px; height: 224px;\" data-original-width=\"500\" data-original-height=\"224\" > <div class=\"gallery-group images-1\" style=\"width: 334px; height: 224px;\" data-original-width=\"334\" data-original-height=\"224\" > <div class=\"tiled-gallery-item tiled-gallery-item-large\" itemprop=\"associatedMedia\" itemscope itemtype=\"http:\/\/schema.org\/ImageObject\"> <a href=\"http:\/\/www.tvturk.com\/index.php\/van-polisinden-kizilaya-kan-bagisi\/van-polisinden-kizilaya-kan-bagisi-3\/\" border=\"0\" itemprop=\"url\"> <meta itemprop=\"width\" content=\"330\"> <meta itemprop=\"height\" content=\"220\"> <img decoding=\"async\" class=\"\" data-attachment-id=\"21505\" data-orig-file=\"http:\/\/www.tvturk.com\/wp-content\/uploads\/2019\/02\/van-polisinden-kizilaya-kan-bagisi_49d808e.jpg\" data-orig-size=\"1000,666\" data-comments-opened=\"\" data-image-meta=\"{&quot;aperture&quot;:&quot;0&quot;,&quot;credit&quot;:&quot;IHA&quot;,&quot;camera&quot;:&quot;&quot;,&quot;caption&quot;:&quot;VAN POL\\u0130S\\u0130, T\\u00dcRK KIZILAYI TARAFINDAN BA\\u015eLATILAN KAN BA\\u011eI\\u015eI KAMPANYASINA DESTEK VERD\\u0130. (YILMAZ S\\u00d6NMEZ\\\/VAN-\\u0130HA)&quot;,&quot;created_timestamp&quot;:&quot;0&quot;,&quot;copyright&quot;:&quot;\\u0130HLAS HABER AJANSI, www.iha.com.tr&quot;,&quot;focal_length&quot;:&quot;0&quot;,&quot;iso&quot;:&quot;0&quot;,&quot;shutter_speed&quot;:&quot;0&quot;,&quot;title&quot;:&quot;VAN POL\\u0130S\\u0130NDEN KIZILAYA KAN BA\\u011eI\\u015eI&quot;,&quot;orientation&quot;:&quot;0&quot;}\" data-image-title=\"Van polisinden K\u0131z\u0131laya kan ba\u011f\u0131\u015f\u0131\" data-image-description=\"&lt;p&gt;Van polisinden K\u0131z\u0131laya kan ba\u011f\u0131\u015f\u0131&lt;\/p&gt; \" data-medium-file=\"https:\/\/i0.wp.com\/www.tvturk.com\/wp-content\/uploads\/2019\/02\/van-polisinden-kizilaya-kan-bagisi_49d808e.jpg?fit=300%2C200\" data-large-file=\"https:\/\/i0.wp.com\/www.tvturk.com\/wp-content\/uploads\/2019\/02\/van-polisinden-kizilaya-kan-bagisi_49d808e.jpg?fit=1000%2C666\" src=\"https:\/\/i0.wp.com\/www.tvturk.com\/wp-content\/uploads\/2019\/02\/van-polisinden-kizilaya-kan-bagisi_49d808e.jpg?w=330&#038;h=220\" srcset=\"https:\/\/i0.wp.com\/www.tvturk.com\/wp-content\/uploads\/2019\/02\/van-polisinden-kizilaya-kan-bagisi_49d808e.jpg?w=1000 1000w, https:\/\/i0.wp.com\/www.tvturk.com\/wp-content\/uploads\/2019\/02\/van-polisinden-kizilaya-kan-bagisi_49d808e.jpg?resize=150%2C100 150w, https:\/\/i0.wp.com\/www.tvturk.com\/wp-content\/uploads\/2019\/02\/van-polisinden-kizilaya-kan-bagisi_49d808e.jpg?resize=300%2C200 300w, https:\/\/i0.wp.com\/www.tvturk.com\/wp-content\/uploads\/2019\/02\/van-polisinden-kizilaya-kan-bagisi_49d808e.jpg?resize=768%2C511 768w, https:\/\/i0.wp.com\/www.tvturk.com\/wp-content\/uploads\/2019\/02\/van-polisinden-kizilaya-kan-bagisi_49d808e.jpg?resize=170%2C113 170w, https:\/\/i0.wp.com\/www.tvturk.com\/wp-content\/uploads\/2019\/02\/van-polisinden-kizilaya-kan-bagisi_49d808e.jpg?resize=120%2C80 120w\" width=\"330\" height=\"220\" loading=\"lazy\" data-original-width=\"330\" data-original-height=\"220\" itemprop=\"http:\/\/schema.org\/image\" title=\"Van polisinden K\u0131z\u0131laya kan ba\u011f\u0131\u015f\u0131\" alt=\"Van polisinden K\u0131z\u0131laya kan ba\u011f\u0131\u015f\u0131\" style=\"width: 330px; height: 220px;\" \/> <\/a> <\/div> <\/div> <!-- close group --> <div class=\"gallery-group images-2\" style=\"width: 166px; height: 224px;\" data-original-width=\"166\" data-original-height=\"224\" > <div class=\"tiled-gallery-item tiled-gallery-item-small\" itemprop=\"associatedMedia\" itemscope itemtype=\"http:\/\/schema.org\/ImageObject\"> <a href=\"http:\/\/www.tvturk.com\/index.php\/van-polisinden-kizilaya-kan-bagisi\/van-polisinden-kizilaya-kan-bagisi-4\/\" border=\"0\" itemprop=\"url\"> <meta itemprop=\"width\" content=\"162\"> <meta itemprop=\"height\" content=\"108\"> <img decoding=\"async\" class=\"\" data-attachment-id=\"21506\" data-orig-file=\"http:\/\/www.tvturk.com\/wp-content\/uploads\/2019\/02\/van-polisinden-kizilaya-kan-bagisi_1fac036.jpg\" data-orig-size=\"1000,666\" data-comments-opened=\"\" data-image-meta=\"{&quot;aperture&quot;:&quot;0&quot;,&quot;credit&quot;:&quot;IHA&quot;,&quot;camera&quot;:&quot;&quot;,&quot;caption&quot;:&quot;VAN POL\\u0130S\\u0130, T\\u00dcRK KIZILAYI TARAFINDAN BA\\u015eLATILAN KAN BA\\u011eI\\u015eI KAMPANYASINA DESTEK VERD\\u0130. (YILMAZ S\\u00d6NMEZ\\\/VAN-\\u0130HA)&quot;,&quot;created_timestamp&quot;:&quot;0&quot;,&quot;copyright&quot;:&quot;\\u0130HLAS HABER AJANSI, www.iha.com.tr&quot;,&quot;focal_length&quot;:&quot;0&quot;,&quot;iso&quot;:&quot;0&quot;,&quot;shutter_speed&quot;:&quot;0&quot;,&quot;title&quot;:&quot;VAN POL\\u0130S\\u0130NDEN KIZILAYA KAN BA\\u011eI\\u015eI&quot;,&quot;orientation&quot;:&quot;0&quot;}\" data-image-title=\"Van polisinden K\u0131z\u0131laya kan ba\u011f\u0131\u015f\u0131\" data-image-description=\"&lt;p&gt;Van polisinden K\u0131z\u0131laya kan ba\u011f\u0131\u015f\u0131&lt;\/p&gt; \" data-medium-file=\"https:\/\/i0.wp.com\/www.tvturk.com\/wp-content\/uploads\/2019\/02\/van-polisinden-kizilaya-kan-bagisi_1fac036.jpg?fit=300%2C200\" data-large-file=\"https:\/\/i0.wp.com\/www.tvturk.com\/wp-content\/uploads\/2019\/02\/van-polisinden-kizilaya-kan-bagisi_1fac036.jpg?fit=1000%2C666\" src=\"https:\/\/i0.wp.com\/www.tvturk.com\/wp-content\/uploads\/2019\/02\/van-polisinden-kizilaya-kan-bagisi_1fac036.jpg?w=162&#038;h=108\" srcset=\"https:\/\/i0.wp.com\/www.tvturk.com\/wp-content\/uploads\/2019\/02\/van-polisinden-kizilaya-kan-bagisi_1fac036.jpg?w=1000 1000w, https:\/\/i0.wp.com\/www.tvturk.com\/wp-content\/uploads\/2019\/02\/van-polisinden-kizilaya-kan-bagisi_1fac036.jpg?resize=150%2C100 150w, https:\/\/i0.wp.com\/www.tvturk.com\/wp-content\/uploads\/2019\/02\/van-polisinden-kizilaya-kan-bagisi_1fac036.jpg?resize=300%2C200 300w, https:\/\/i0.wp.com\/www.tvturk.com\/wp-content\/uploads\/2019\/02\/van-polisinden-kizilaya-kan-bagisi_1fac036.jpg?resize=768%2C511 768w, https:\/\/i0.wp.com\/www.tvturk.com\/wp-content\/uploads\/2019\/02\/van-polisinden-kizilaya-kan-bagisi_1fac036.jpg?resize=170%2C113 170w, https:\/\/i0.wp.com\/www.tvturk.com\/wp-content\/uploads\/2019\/02\/van-polisinden-kizilaya-kan-bagisi_1fac036.jpg?resize=120%2C80 120w\" width=\"162\" height=\"108\" loading=\"lazy\" data-original-width=\"162\" data-original-height=\"108\" itemprop=\"http:\/\/schema.org\/image\" title=\"Van polisinden K\u0131z\u0131laya kan ba\u011f\u0131\u015f\u0131\" alt=\"Van polisinden K\u0131z\u0131laya kan ba\u011f\u0131\u015f\u0131\" style=\"width: 162px; height: 108px;\" \/> <\/a> <\/div> <div class=\"tiled-gallery-item tiled-gallery-item-small\" itemprop=\"associatedMedia\" itemscope itemtype=\"http:\/\/schema.org\/ImageObject\"> <a href=\"http:\/\/www.tvturk.com\/index.php\/van-polisinden-kizilaya-kan-bagisi\/van-polisinden-kizilaya-kan-bagisi-5\/\" border=\"0\" itemprop=\"url\"> <meta itemprop=\"width\" content=\"162\"> <meta itemprop=\"height\" content=\"108\"> <img decoding=\"async\" class=\"\" data-attachment-id=\"21507\" data-orig-file=\"http:\/\/www.tvturk.com\/wp-content\/uploads\/2019\/02\/van-polisinden-kizilaya-kan-bagisi_68bd1d3.jpg\" data-orig-size=\"1000,666\" data-comments-opened=\"\" data-image-meta=\"{&quot;aperture&quot;:&quot;0&quot;,&quot;credit&quot;:&quot;IHA&quot;,&quot;camera&quot;:&quot;&quot;,&quot;caption&quot;:&quot;VAN POL\\u0130S\\u0130, T\\u00dcRK KIZILAYI TARAFINDAN BA\\u015eLATILAN KAN BA\\u011eI\\u015eI KAMPANYASINA DESTEK VERD\\u0130. (YILMAZ S\\u00d6NMEZ\\\/VAN-\\u0130HA)&quot;,&quot;created_timestamp&quot;:&quot;0&quot;,&quot;copyright&quot;:&quot;\\u0130HLAS HABER AJANSI, www.iha.com.tr&quot;,&quot;focal_length&quot;:&quot;0&quot;,&quot;iso&quot;:&quot;0&quot;,&quot;shutter_speed&quot;:&quot;0&quot;,&quot;title&quot;:&quot;VAN POL\\u0130S\\u0130NDEN KIZILAYA KAN BA\\u011eI\\u015eI&quot;,&quot;orientation&quot;:&quot;0&quot;}\" data-image-title=\"Van polisinden K\u0131z\u0131laya kan ba\u011f\u0131\u015f\u0131\" data-image-description=\"&lt;p&gt;Van polisinden K\u0131z\u0131laya kan ba\u011f\u0131\u015f\u0131&lt;\/p&gt; \" data-medium-file=\"https:\/\/i0.wp.com\/www.tvturk.com\/wp-content\/uploads\/2019\/02\/van-polisinden-kizilaya-kan-bagisi_68bd1d3.jpg?fit=300%2C200\" data-large-file=\"https:\/\/i0.wp.com\/www.tvturk.com\/wp-content\/uploads\/2019\/02\/van-polisinden-kizilaya-kan-bagisi_68bd1d3.jpg?fit=1000%2C666\" src=\"https:\/\/i0.wp.com\/www.tvturk.com\/wp-content\/uploads\/2019\/02\/van-polisinden-kizilaya-kan-bagisi_68bd1d3.jpg?w=162&#038;h=108\" srcset=\"https:\/\/i0.wp.com\/www.tvturk.com\/wp-content\/uploads\/2019\/02\/van-polisinden-kizilaya-kan-bagisi_68bd1d3.jpg?w=1000 1000w, https:\/\/i0.wp.com\/www.tvturk.com\/wp-content\/uploads\/2019\/02\/van-polisinden-kizilaya-kan-bagisi_68bd1d3.jpg?resize=150%2C100 150w, https:\/\/i0.wp.com\/www.tvturk.com\/wp-content\/uploads\/2019\/02\/van-polisinden-kizilaya-kan-bagisi_68bd1d3.jpg?resize=300%2C200 300w, https:\/\/i0.wp.com\/www.tvturk.com\/wp-content\/uploads\/2019\/02\/van-polisinden-kizilaya-kan-bagisi_68bd1d3.jpg?resize=768%2C511 768w, https:\/\/i0.wp.com\/www.tvturk.com\/wp-content\/uploads\/2019\/02\/van-polisinden-kizilaya-kan-bagisi_68bd1d3.jpg?resize=170%2C113 170w, https:\/\/i0.wp.com\/www.tvturk.com\/wp-content\/uploads\/2019\/02\/van-polisinden-kizilaya-kan-bagisi_68bd1d3.jpg?resize=120%2C80 120w\" width=\"162\" height=\"108\" loading=\"lazy\" data-original-width=\"162\" data-original-height=\"108\" itemprop=\"http:\/\/schema.org\/image\" title=\"Van polisinden K\u0131z\u0131laya kan ba\u011f\u0131\u015f\u0131\" alt=\"Van polisinden K\u0131z\u0131laya kan ba\u011f\u0131\u015f\u0131\" style=\"width: 162px; height: 108px;\" \/> <\/a> <\/div> <\/div> <!-- close group --> <\/div> <!-- close row --> <div class=\"gallery-row\" style=\"width: 500px; height: 334px;\" data-original-width=\"500\" data-original-height=\"334\" > <div class=\"gallery-group images-1\" style=\"width: 500px; height: 334px;\" data-original-width=\"500\" data-original-height=\"334\" > <div class=\"tiled-gallery-item tiled-gallery-item-large\" itemprop=\"associatedMedia\" itemscope itemtype=\"http:\/\/schema.org\/ImageObject\"> <a href=\"http:\/\/www.tvturk.com\/index.php\/van-polisinden-kizilaya-kan-bagisi\/van-polisinden-kizilaya-kan-bagisi-6\/\" border=\"0\" itemprop=\"url\"> <meta itemprop=\"width\" content=\"496\"> <meta itemprop=\"height\" content=\"330\"> <img decoding=\"async\" class=\"\" data-attachment-id=\"21508\" data-orig-file=\"http:\/\/www.tvturk.com\/wp-content\/uploads\/2019\/02\/van-polisinden-kizilaya-kan-bagisi_247c6f6.jpg\" data-orig-size=\"1000,666\" data-comments-opened=\"\" data-image-meta=\"{&quot;aperture&quot;:&quot;0&quot;,&quot;credit&quot;:&quot;IHA&quot;,&quot;camera&quot;:&quot;&quot;,&quot;caption&quot;:&quot;VAN POL\\u0130S\\u0130, T\\u00dcRK KIZILAYI TARAFINDAN BA\\u015eLATILAN KAN BA\\u011eI\\u015eI KAMPANYASINA DESTEK VERD\\u0130. (YILMAZ S\\u00d6NMEZ\\\/VAN-\\u0130HA)&quot;,&quot;created_timestamp&quot;:&quot;0&quot;,&quot;copyright&quot;:&quot;\\u0130HLAS HABER AJANSI, www.iha.com.tr&quot;,&quot;focal_length&quot;:&quot;0&quot;,&quot;iso&quot;:&quot;0&quot;,&quot;shutter_speed&quot;:&quot;0&quot;,&quot;title&quot;:&quot;VAN POL\\u0130S\\u0130NDEN KIZILAYA KAN BA\\u011eI\\u015eI&quot;,&quot;orientation&quot;:&quot;0&quot;}\" data-image-title=\"Van polisinden K\u0131z\u0131laya kan ba\u011f\u0131\u015f\u0131\" data-image-description=\"&lt;p&gt;Van polisinden K\u0131z\u0131laya kan ba\u011f\u0131\u015f\u0131&lt;\/p&gt; \" data-medium-file=\"https:\/\/i0.wp.com\/www.tvturk.com\/wp-content\/uploads\/2019\/02\/van-polisinden-kizilaya-kan-bagisi_247c6f6.jpg?fit=300%2C200\" data-large-file=\"https:\/\/i0.wp.com\/www.tvturk.com\/wp-content\/uploads\/2019\/02\/van-polisinden-kizilaya-kan-bagisi_247c6f6.jpg?fit=1000%2C666\" src=\"https:\/\/i0.wp.com\/www.tvturk.com\/wp-content\/uploads\/2019\/02\/van-polisinden-kizilaya-kan-bagisi_247c6f6.jpg?w=496&#038;h=330\" srcset=\"https:\/\/i0.wp.com\/www.tvturk.com\/wp-content\/uploads\/2019\/02\/van-polisinden-kizilaya-kan-bagisi_247c6f6.jpg?w=1000 1000w, https:\/\/i0.wp.com\/www.tvturk.com\/wp-content\/uploads\/2019\/02\/van-polisinden-kizilaya-kan-bagisi_247c6f6.jpg?resize=150%2C100 150w, https:\/\/i0.wp.com\/www.tvturk.com\/wp-content\/uploads\/2019\/02\/van-polisinden-kizilaya-kan-bagisi_247c6f6.jpg?resize=300%2C200 300w, https:\/\/i0.wp.com\/www.tvturk.com\/wp-content\/uploads\/2019\/02\/van-polisinden-kizilaya-kan-bagisi_247c6f6.jpg?resize=768%2C511 768w, https:\/\/i0.wp.com\/www.tvturk.com\/wp-content\/uploads\/2019\/02\/van-polisinden-kizilaya-kan-bagisi_247c6f6.jpg?resize=170%2C113 170w, https:\/\/i0.wp.com\/www.tvturk.com\/wp-content\/uploads\/2019\/02\/van-polisinden-kizilaya-kan-bagisi_247c6f6.jpg?resize=120%2C80 120w\" width=\"496\" height=\"330\" loading=\"lazy\" data-original-width=\"496\" data-original-height=\"330\" itemprop=\"http:\/\/schema.org\/image\" title=\"Van polisinden K\u0131z\u0131laya kan ba\u011f\u0131\u015f\u0131\" alt=\"Van polisinden K\u0131z\u0131laya kan ba\u011f\u0131\u015f\u0131\" style=\"width: 496px; height: 330px;\" \/> <\/a> <\/div> <\/div> <!-- close group --> <\/div> <!-- close row --> <\/div><\/p>\n","protected":false},"excerpt":{"rendered":"<p>VAN POL\u0130S\u0130, T\u00dcRK KIZILAYI TARAFINDAN BA\u015eLATILAN KAN BA\u011eI\u015eI KAMPANYASINA DESTEK VERD\u0130.<\/p>\n","protected":false},"author":1,"featured_media":21504,"comment_status":"closed","ping_status":"open","sticky":false,"template":"","format":"standard","meta":{"jetpack_post_was_ever_published":false,"_jetpack_newsletter_access":"","_jetpack_dont_email_post_to_subs":false,"_jetpack_newsletter_tier_id":0,"_jetpack_memberships_contains_paywalled_content":false,"_jetpack_memberships_contains_paid_content":false,"footnotes":"","jetpack_publicize_message":"","jetpack_publicize_feature_enabled":true,"jetpack_social_post_already_shared":false,"jetpack_social_options":{"image_generator_settings":{"template":"highway","default_image_id":0,"font":"","enabled":false},"version":2}},"categories":[655],"tags":[748,202,3646,3706,1442],"class_list":["post-21503","post","type-post","status-publish","format-standard","has-post-thumbnail","hentry","category-son-dakika","tag-bagisi","tag-kan","tag-kizilaya","tag-polisinden","tag-van"],"jetpack_publicize_connections":[],"jetpack_featured_media_url":"https:\/\/i0.wp.com\/www.tvturk.com\/wp-content\/uploads\/2019\/02\/van-polisinden-kizilaya-kan-bagisi_8040da2.jpg?fit=1000%2C666","jetpack_sharing_enabled":true,"jetpack_shortlink":"https:\/\/wp.me\/paKIfm-5AP","_links":{"self":[{"href":"http:\/\/www.tvturk.com\/index.php\/wp-json\/wp\/v2\/posts\/21503","targetHints":{"allow":["GET"]}}],"collection":[{"href":"http:\/\/www.tvturk.com\/index.php\/wp-json\/wp\/v2\/posts"}],"about":[{"href":"http:\/\/www.tvturk.com\/index.php\/wp-json\/wp\/v2\/types\/post"}],"author":[{"embeddable":true,"href":"http:\/\/www.tvturk.com\/index.php\/wp-json\/wp\/v2\/users\/1"}],"replies":[{"embeddable":true,"href":"http:\/\/www.tvturk.com\/index.php\/wp-json\/wp\/v2\/comments?post=21503"}],"version-history":[{"count":1,"href":"http:\/\/www.tvturk.com\/index.php\/wp-json\/wp\/v2\/posts\/21503\/revisions"}],"predecessor-version":[{"id":21509,"href":"http:\/\/www.tvturk.com\/index.php\/wp-json\/wp\/v2\/posts\/21503\/revisions\/21509"}],"wp:featuredmedia":[{"embeddable":true,"href":"http:\/\/www.tvturk.com\/index.php\/wp-json\/wp\/v2\/media\/21504"}],"wp:attachment":[{"href":"http:\/\/www.tvturk.com\/index.php\/wp-json\/wp\/v2\/media?parent=21503"}],"wp:term":[{"taxonomy":"category","embeddable":true,"href":"http:\/\/www.tvturk.com\/index.php\/wp-json\/wp\/v2\/categories?post=21503"},{"taxonomy":"post_tag","embeddable":true,"href":"http:\/\/www.tvturk.com\/index.php\/wp-json\/wp\/v2\/tags?post=21503"}],"curies":[{"name":"wp","href":"https:\/\/api.w.org\/{rel}","templated":true}]}}