{"id":215110,"date":"2019-10-14T12:32:57","date_gmt":"2019-10-14T09:32:57","guid":{"rendered":"http:\/\/www.tvturk.com\/index.php\/turk-havacilik-ve-uzay-sanayii-guney-korede-ilk-kez-urunlerini-sergileyecek\/"},"modified":"2019-10-14T12:32:57","modified_gmt":"2019-10-14T09:32:57","slug":"turk-havacilik-ve-uzay-sanayii-guney-korede-ilk-kez-urunlerini-sergileyecek","status":"publish","type":"post","link":"http:\/\/www.tvturk.com\/index.php\/turk-havacilik-ve-uzay-sanayii-guney-korede-ilk-kez-urunlerini-sergileyecek\/","title":{"rendered":"T\u00fcrk Havac\u0131l\u0131k ve Uzay Sanayii, G\u00fcney Kore\u2019de ilk kez \u00fcr\u00fcnlerini sergileyecek"},"content":{"rendered":"<p>T\u00fcrk Havac\u0131l\u0131k ve Uzay Sanayii (TUSA\u015e), G\u00fcney Kore\u2019de ger\u00e7ekle\u015ftirilecek Seul Uluslararas\u0131 Havac\u0131l\u0131k ve Savunma Fuar\u0131\u2019na kat\u0131larak ilk kez \u00fcr\u00fcnlerini sergileyecek.<\/p>\n<p>TUSA\u015e, potansiyel i\u015f birliklerini geli\u015ftirmek, \u00fcr\u00fcnlerini uluslararas\u0131 alanda daha bilinir k\u0131lmak amac\u0131yla ilk kez 15-20 Ekim tarihlerinde G\u00fcney Kore\u2019nin Seul kentinde ger\u00e7ekle\u015ftirilecek Seul Uluslararas\u0131 Havac\u0131l\u0131k ve Savunma Fuar\u0131\u2019na kat\u0131lacak. T\u00fcrk Havac\u0131l\u0131k ve Uzay Sanayii\u2019nin \u00fcretti\u011fi t\u00fcm \u00fcr\u00fcn modelleri ile kat\u0131l\u0131m g\u00f6sterilecek Kore\u2019de \u00f6zellikle G\u00f6kbey ve T129 ATAK\u2019\u0131n ilgi g\u00f6rmesi bekleniyor.<\/p>\n<p>Seul Uluslararas\u0131 Havac\u0131l\u0131k ve Savunma Fuar\u0131 \u00f6ncesinde de\u011ferlendirmelerde bulunan TUSA\u015e Genel M\u00fcd\u00fcr\u00fc Temel Kotil, \u201c20\u2019nci y\u00fczy\u0131lda iki \u00fclkenin beraberli\u011fini d\u00fczenleyen ili\u015fkinin bir yenisi daha eklenmi\u015f olacak. Bug\u00fcn d\u00fcnyada savunma sanayi alan\u0131nda ad\u0131ndan s\u00f6z ettiren T\u00fcrk Havac\u0131l\u0131k ve Uzay Sanayii olarak ilk kez y\u00fcksek teknolojilerin bulundu\u011fu Kore Seul\u2019de \u00fcr\u00fcnlerimizi sergilemi\u015f olaca\u011f\u0131z. Kore\u2019de bulunmam\u0131z, teknoloji al\u0131\u015fveri\u015fi a\u00e7\u0131s\u0131ndan da \u00f6nemli bir f\u0131rsat\u0131n kap\u0131lar\u0131n\u0131 aralayacak. Ge\u00e7mi\u015ften bug\u00fcne kadar hep artarak devam eden dost \u00fclke G\u00fcney Kore ile savunma sanayi alan\u0131nda i\u015f birlikteliklerini konu\u015faca\u011f\u0131m\u0131z verimli bir fuar olaca\u011f\u0131 kanaatindeyim. T\u00fcrk Havac\u0131l\u0131k ve Uzay Sanayii olarak t\u00fcm \u00fcr\u00fcnlerimiz ile fuara damga vurmay\u0131 bekliyoruz. G\u00fcney Kore\u2019de bulunmam\u0131z ikili ba\u011flar\u0131m\u0131z\u0131 kuvvetlendirmek i\u00e7in \u00f6nemli bir f\u0131rsat\u201d dedi.<\/p>\n<p>TUSA\u015e, sabit ve d\u00f6ner kanatl\u0131 hava platformlar\u0131ndan insans\u0131z hava ara\u00e7lar\u0131 ve uzay sistemlerine kadar entegre havac\u0131l\u0131k ve uzay sanayi sistemlerinin tasar\u0131m, geli\u015ftirme, modernizasyon, \u00fcretim, entegrasyon ve ya\u015fam d\u00f6ng\u00fcs\u00fc destek s\u00fcre\u00e7lerinde T\u00fcrkiye\u2019nin teknoloji merkezi konumunda olup; havac\u0131l\u0131k, uzay ve savunma sanayide k\u00fcresel oyuncular aras\u0131nda yer almaktad\u0131r.<\/p>\n","protected":false},"excerpt":{"rendered":"<p>T\u00dcRK HAVACILIK VE UZAY SANAY\u0130\u0130, \u0130\u015e B\u0130RL\u0130KLER\u0130N\u0130 GEL\u0130\u015eT\u0130RMEK, D\u00dcNYA P\u0130YASALARINDA DAHA B\u0130L\u0130N\u0130R HALE GELMEK \u0130\u00c7\u0130N 15-20 EK\u0130M\u2019DE G\u00dcNEY KORE\u2019DE D\u00dcZENLENECEK SEUL ULUSLARARASI HAVACILIK VE SAVUNMA FUARI\u2019NA KATILACAK.<\/p>\n","protected":false},"author":1,"featured_media":215111,"comment_status":"closed","ping_status":"open","sticky":false,"template":"","format":"standard","meta":{"jetpack_post_was_ever_published":false,"_jetpack_newsletter_access":"","_jetpack_dont_email_post_to_subs":false,"_jetpack_newsletter_tier_id":0,"_jetpack_memberships_contains_paywalled_content":false,"_jetpack_memberships_contains_paid_content":false,"footnotes":"","jetpack_publicize_message":"","jetpack_publicize_feature_enabled":true,"jetpack_social_post_already_shared":true,"jetpack_social_options":{"image_generator_settings":{"template":"highway","default_image_id":0,"font":"","enabled":false},"version":2}},"categories":[24],"tags":[9258,3079,37,1497,23108,14056,50926,957,8791,16444],"class_list":["post-215110","post","type-post","status-publish","format-standard","has-post-thumbnail","hentry","category-teknoloji","tag-guney","tag-havacilik","tag-ilk","tag-kez","tag-korede","tag-sanayii","tag-sergileyecek","tag-turk","tag-urunlerini","tag-uzay"],"jetpack_publicize_connections":[],"jetpack_featured_media_url":"https:\/\/i0.wp.com\/www.tvturk.com\/wp-content\/uploads\/2019\/10\/turk-havacilik-ve-uzay-sanayii-guney-korede-ilk-kez-urunlerini-sergileyecek_0be9b8d.jpg?fit=1000%2C666","jetpack_sharing_enabled":true,"jetpack_shortlink":"https:\/\/wp.me\/paKIfm-TXw","_links":{"self":[{"href":"http:\/\/www.tvturk.com\/index.php\/wp-json\/wp\/v2\/posts\/215110","targetHints":{"allow":["GET"]}}],"collection":[{"href":"http:\/\/www.tvturk.com\/index.php\/wp-json\/wp\/v2\/posts"}],"about":[{"href":"http:\/\/www.tvturk.com\/index.php\/wp-json\/wp\/v2\/types\/post"}],"author":[{"embeddable":true,"href":"http:\/\/www.tvturk.com\/index.php\/wp-json\/wp\/v2\/users\/1"}],"replies":[{"embeddable":true,"href":"http:\/\/www.tvturk.com\/index.php\/wp-json\/wp\/v2\/comments?post=215110"}],"version-history":[{"count":0,"href":"http:\/\/www.tvturk.com\/index.php\/wp-json\/wp\/v2\/posts\/215110\/revisions"}],"wp:featuredmedia":[{"embeddable":true,"href":"http:\/\/www.tvturk.com\/index.php\/wp-json\/wp\/v2\/media\/215111"}],"wp:attachment":[{"href":"http:\/\/www.tvturk.com\/index.php\/wp-json\/wp\/v2\/media?parent=215110"}],"wp:term":[{"taxonomy":"category","embeddable":true,"href":"http:\/\/www.tvturk.com\/index.php\/wp-json\/wp\/v2\/categories?post=215110"},{"taxonomy":"post_tag","embeddable":true,"href":"http:\/\/www.tvturk.com\/index.php\/wp-json\/wp\/v2\/tags?post=215110"}],"curies":[{"name":"wp","href":"https:\/\/api.w.org\/{rel}","templated":true}]}}