{"id":215118,"date":"2019-10-14T12:46:52","date_gmt":"2019-10-14T09:46:52","guid":{"rendered":"http:\/\/www.tvturk.com\/index.php\/elazig-turk-bayraklariyla-gelin-gibi-suslendi\/"},"modified":"2019-10-14T12:46:52","modified_gmt":"2019-10-14T09:46:52","slug":"elazig-turk-bayraklariyla-gelin-gibi-suslendi","status":"publish","type":"post","link":"http:\/\/www.tvturk.com\/index.php\/elazig-turk-bayraklariyla-gelin-gibi-suslendi\/","title":{"rendered":"Elaz\u0131\u011f T\u00fcrk bayraklar\u0131yla gelin gibi s\u00fcslendi"},"content":{"rendered":"<p>Elaz\u0131\u011f\u2019\u0131n caddeleri Bar\u0131\u015f P\u0131nar\u0131 Harekat\u0131na destek amac\u0131yla T\u00fcrk bayraklar\u0131yla donat\u0131ld\u0131.<\/p>\n<p>T\u00fcrkiye\u2019nin g\u00fcney s\u0131n\u0131r\u0131nda olu\u015fturulmaya \u00e7al\u0131\u015f\u0131lan ter\u00f6r koridorunu yok etmek, b\u00f6lgeye bar\u0131\u015f ve huzuru getirmek amac\u0131yla ba\u015flat\u0131lan &#8220;Bar\u0131\u015f P\u0131nar\u0131 Harekat\u0131&#8221;na destek t\u00fcm T\u00fcrkiye genelinde oldu\u011fu Elaz\u0131\u011f\u2019da da devam ediyor. Bu kapsamda Elaz\u0131\u011f Belediyesi d\u00fcn gece sabaha kadar  t\u00fcm caddeleri T\u00fcrk Bayraklar\u0131 ile donatt\u0131.T\u00fcrk bayraklar\u0131yla donat\u0131lan \u015fehir ayr\u0131 bir g\u00f6rsel g\u00fczelli\u011fe kavu\u015ftu. Vatanda\u015flarda, yap\u0131lan \u00e7al\u0131\u015fma nedeniyle yetkililere te\u015fekk\u00fcr etti.<\/p>\n<p>H\u00fck\u00fcmetin arkas\u0131nda olduklar\u0131n\u0131 belirten vatanda\u015flardan H\u00fcseyin Polat,  \u201cH\u00fck\u00fcmetimiz  d\u00fcnya lideridir. Cumhurba\u015fkan\u0131m\u0131z d\u00fcnyaya ferman okuyor ve bizde arkas\u0131nday\u0131z. H\u00fck\u00fcmetimizin bir \u015fey bildi\u011fi vard\u0131 ki bu harekat\u0131 yapt\u0131. Baz\u0131lar\u0131 h\u00fck\u00fcmet iyi de\u011fil diyor.  Onlar bo\u015f bele\u015f adamlard\u0131r. Bo\u015f bele\u015f adam\u0131n s\u00f6yleyece\u011fi odur. Ya\u015f\u0131m 62, askere g\u00f6t\u00fcrs\u00fcnler gitmesem namerdim. Kendi vatanda\u015f\u0131m i\u00e7in \u015fehit olurum\u201d dedi.<\/p>\n<p>Bar\u0131\u015f P\u0131nar\u0131 Harekat\u0131\u2019n\u0131n yap\u0131lmas\u0131 gereken bir harekat oldu\u011funu aktaran \u0130hsan Bozkaya, \u201cBence iyi ve olmas\u0131 gereken bir karar. Suriye\u2019deki vatanda\u015flarda \u00fclkelerine geri d\u00f6nmesi i\u00e7in iyi bir \u015fey. Caddelere bayraklar\u0131n as\u0131lmas\u0131 son derece co\u015fku veriyor. Ayn\u0131 zamanda azim oluyor\u201d diye konu\u015ftu.<\/p>\n<p>\u00c7ok onurlu ve \u015ferefli bir harekat oldu\u011funu dile getiren  Ahmet Sever ise, belediyenin caddeleri bayraklarla donatmas\u0131n\u0131n \u00e7ok g\u00fczel oldu\u011funu s\u00f6yledi.<\/p>\n","protected":false},"excerpt":{"rendered":"<p>ELAZI\u011e\u2019IN CADDELER\u0130 BARI\u015e PINARI HAREKATINA DESTEK VERMEK \u0130\u00c7\u0130N T\u00dcRK BAYRAKLARIYLA DONATILDI.<\/p>\n","protected":false},"author":1,"featured_media":215119,"comment_status":"closed","ping_status":"open","sticky":false,"template":"","format":"standard","meta":{"jetpack_post_was_ever_published":false,"_jetpack_newsletter_access":"","_jetpack_dont_email_post_to_subs":false,"_jetpack_newsletter_tier_id":0,"_jetpack_memberships_contains_paywalled_content":false,"_jetpack_memberships_contains_paid_content":false,"footnotes":"","jetpack_publicize_message":"","jetpack_publicize_feature_enabled":true,"jetpack_social_post_already_shared":true,"jetpack_social_options":{"image_generator_settings":{"template":"highway","default_image_id":0,"font":"","enabled":false},"version":2}},"categories":[1],"tags":[1741,32675,1858,981,29967,957],"class_list":["post-215118","post","type-post","status-publish","format-standard","has-post-thumbnail","hentry","category-genel","tag-gelin","tag-bayraklariyla","tag-elazig","tag-gibi","tag-suslendi","tag-turk"],"jetpack_publicize_connections":[],"jetpack_featured_media_url":"https:\/\/i0.wp.com\/www.tvturk.com\/wp-content\/uploads\/2019\/10\/elazig-turk-bayraklariyla-gelin-gibi-suslendi_2e41ee7.jpg?fit=1000%2C562","jetpack_sharing_enabled":true,"jetpack_shortlink":"https:\/\/wp.me\/paKIfm-TXE","_links":{"self":[{"href":"http:\/\/www.tvturk.com\/index.php\/wp-json\/wp\/v2\/posts\/215118","targetHints":{"allow":["GET"]}}],"collection":[{"href":"http:\/\/www.tvturk.com\/index.php\/wp-json\/wp\/v2\/posts"}],"about":[{"href":"http:\/\/www.tvturk.com\/index.php\/wp-json\/wp\/v2\/types\/post"}],"author":[{"embeddable":true,"href":"http:\/\/www.tvturk.com\/index.php\/wp-json\/wp\/v2\/users\/1"}],"replies":[{"embeddable":true,"href":"http:\/\/www.tvturk.com\/index.php\/wp-json\/wp\/v2\/comments?post=215118"}],"version-history":[{"count":0,"href":"http:\/\/www.tvturk.com\/index.php\/wp-json\/wp\/v2\/posts\/215118\/revisions"}],"wp:featuredmedia":[{"embeddable":true,"href":"http:\/\/www.tvturk.com\/index.php\/wp-json\/wp\/v2\/media\/215119"}],"wp:attachment":[{"href":"http:\/\/www.tvturk.com\/index.php\/wp-json\/wp\/v2\/media?parent=215118"}],"wp:term":[{"taxonomy":"category","embeddable":true,"href":"http:\/\/www.tvturk.com\/index.php\/wp-json\/wp\/v2\/categories?post=215118"},{"taxonomy":"post_tag","embeddable":true,"href":"http:\/\/www.tvturk.com\/index.php\/wp-json\/wp\/v2\/tags?post=215118"}],"curies":[{"name":"wp","href":"https:\/\/api.w.org\/{rel}","templated":true}]}}