{"id":215204,"date":"2019-10-14T15:02:47","date_gmt":"2019-10-14T12:02:47","guid":{"rendered":"http:\/\/www.tvturk.com\/index.php\/milli-savunma-bakani-akar-tel-abyad-ve-rasulayn-kontrolumuz-altinda\/"},"modified":"2019-10-14T15:02:47","modified_gmt":"2019-10-14T12:02:47","slug":"milli-savunma-bakani-akar-tel-abyad-ve-rasulayn-kontrolumuz-altinda","status":"publish","type":"post","link":"http:\/\/www.tvturk.com\/index.php\/milli-savunma-bakani-akar-tel-abyad-ve-rasulayn-kontrolumuz-altinda\/","title":{"rendered":"Milli Savunma Bakan\u0131 Akar: &#8220;Tel Abyad ve Rasulayn kontrol\u00fcm\u00fcz alt\u0131nda&#8221;"},"content":{"rendered":"<p>Milli Savunma Bakan\u0131 Hulusi Akar, &#8220;Mehmet\u00e7i\u011fin b\u00fcy\u00fck bir ba\u015far\u0131s\u0131 ve kahramanl\u0131\u011f\u0131yla harekat devam ediyor. Tel Abyad ve Rasulayn kontrol\u00fcm\u00fcz alt\u0131nda. B\u00f6lgenin kontrol\u00fc ile ilgili \u00e7al\u0131\u015fmam\u0131z devam ediyor. Buradaki m\u00fccadelemiz sadece  YPG ile de\u011fil DEA\u015e ba\u015fta olmak \u00fczere t\u00fcm ter\u00f6r \u00f6rg\u00fctleri ile. Bizim i\u00e7in tek  hedef ter\u00f6ristler. Bunun d\u0131\u015f\u0131nda hi\u00e7bir etnik ve dini grupla bu manada hi\u00e7bir i\u015fimiz s\u00f6z konusu de\u011fil&#8221; dedi.<\/p>\n<p>Milli Savunma Bakan\u0131 Hulusi Akar, \u0130Y\u0130 Parti Genel Ba\u015fkan\u0131 Meral Ak\u015fener\u2019i ziyaret etti. Akar g\u00f6r\u00fc\u015fmenin ard\u0131ndan Bar\u0131\u015f P\u0131nar\u0131 Harekat\u0131\u2019na ili\u015fkin a\u00e7\u0131klamada bulundu. Bar\u0131\u015f p\u0131nar\u0131 Harekat\u0131\u2019n\u0131n ba\u015far\u0131l\u0131 bir \u015fekilde devam etti\u011fini Kaydeden Bakan Akar, &#8220;\u00dclkemizin hak ve menfaati \u00fczerine bir karar verdik. Bu karar 9 Ekim\u2019den buyana uygulanmaya ba\u015fland\u0131.  Mehmet\u00e7i\u011fin b\u00fcy\u00fck bir ba\u015far\u0131s\u0131 ve kahramanl\u0131\u011f\u0131yla harekat devam ediyor. Tel Abyad ve Rasulayn kontrol\u00fcm\u00fcz alt\u0131nda. B\u00f6lgenin kontrol\u00fc ile ilgili \u00e7al\u0131\u015fmam\u0131z devam ediyor. Buradaki m\u00fccadelemiz sadece  YPG ile de\u011fil DEA\u015e ba\u015fta olmak \u00fczere t\u00fcm ter\u00f6r \u00f6rg\u00fctleri ile. Bizim i\u00e7in tek  hedef ter\u00f6ristler. Bunun d\u0131\u015f\u0131nda hi\u00e7bir etnik ve dini gurupla bu manada hi\u00e7bir i\u015fimiz s\u00f6z konusu de\u011fil. Onlar\u0131n g\u00fcvenli\u011fi bizim i\u00e7in \u00f6nemlidir. Tel Abyad ve Rasulayn kontrol alt\u0131na al\u0131nd\u0131ktan sonra \u00fclkemiz lehinde, silahl\u0131 kuvvetlerimiz lehinde, oradaki vatanda\u015flar\u0131m\u0131z\u0131n karde\u015flerimizin yapt\u0131klar\u0131 a\u00e7\u0131klamalar ve g\u00f6steriler bizleri ziyadesiyle memnun etmi\u015ftir&#8221; dedi.<\/p>\n<p>&#8220;DEA\u015e\u2019l\u0131lar\u0131n ka\u00e7\u0131r\u0131ld\u0131\u011f\u0131n\u0131 g\u00f6rd\u00fck, bunlar\u0131 da foto\u011fraf ve filmle tespit ettik&#8221;<\/p>\n<p>YPG\u2019liler taraf\u0131ndan ka\u00e7\u0131r\u0131lan DEA\u015e\u2019l\u0131lara ili\u015fkin konu\u015fan Akar, &#8220;Bu DEA\u015e konusunda bildi\u011finiz gibi bir hapishane meselesi var. Hapishaneler i\u00e7in elimizden  gelen gayreti g\u00f6stermeye raz\u0131y\u0131z. B\u00f6lgemizde bir tek DEA\u015e Hapishanesi vard\u0131. Oraya gitti\u011fimiz zaman YPG\u2019liler taraf\u0131ndan buran\u0131n bo\u015falt\u0131ld\u0131\u011f\u0131n\u0131 ve DEA\u015e\u2019l\u0131lar\u0131n ka\u00e7\u0131r\u0131ld\u0131\u011f\u0131n\u0131 g\u00f6rd\u00fck. Bunlar\u0131 da foto\u011fraf ve filmle tespit ettik. Muhataplar\u0131m\u0131zla bunlar\u0131 g\u00f6r\u00fc\u015fmeye devam ettik ve g\u00f6r\u00fc\u015fmeye de devam edece\u011fiz. \u0130nsani konulara hassas\u0131z. Herhangi bir \u015fekilde masum birine zarar gelmemesi i\u00e7in hem planlamada hem uygulamada elimizden gelen her t\u00fcrl\u00fc gayreti g\u00f6sterdik, g\u00f6stermeye devam ediyoruz. Bunun d\u0131\u015f\u0131ndaki haberler hi\u00e7bir \u015fekilde ger\u00e7e\u011fi yans\u0131tm\u0131yor. Bu konuda TSK milli, manevi mesleki ilkelerine son derece ba\u011fl\u0131. Elinden geldi\u011finde ahlaki  de\u011ferler \u00e7er\u00e7evesinde m\u00fccadelesini s\u00fcrd\u00fcr\u00fcyor.Buradaki esas husus \u00fclkemizin g\u00fcneyinde Suriye\u2019nin kuzeyinde herhangi bir ter\u00f6r  koridoruna  m\u00fcsaade etmeyece\u011fimizdir. Esas olan budur, gayretimiz budur. Bu sadece \u00fclkemizin, halk\u0131m\u0131z\u0131n g\u00fcvenli\u011fi de\u011fil. Ayn\u0131 zamanda Suriye\u2019nin kuzeyinin g\u00fcneyi bir b\u00f6lge haline gelmesiyle, orada ya\u015famakta olan Suriyeli karde\u015flerimizin, evlerine ve topraklar\u0131na g\u00fcvenli bir \u015fekilde d\u00f6nmelerini sa\u011flamakta bizim bir ba\u015fka amac\u0131m\u0131zd\u0131r.Buradaki faaliyetlerin bu \u015fekilde devam\u0131 ile in\u015fallah burada g\u00fcvenli b\u00f6lge olu\u015facak, sonu\u00e7ta burada sulh ve s\u00fckun ger\u00e7ekle\u015fecek bu harekat ba\u015far\u0131yla  ger\u00e7ekle\u015fecek&#8221; diye konu\u015ftu.<\/p>\n","protected":false},"excerpt":{"rendered":"<p>M\u0130LL\u0130 SAVUNMA BAKANI HULUS\u0130 AKAR \u0130Y\u0130 PART\u0130 GENEL BA\u015eKANI MERAL AK\u015eENER&#8217;\u0130 Z\u0130YARET ETT\u0130.<\/p>\n","protected":false},"author":1,"featured_media":215205,"comment_status":"closed","ping_status":"open","sticky":false,"template":"","format":"standard","meta":{"jetpack_post_was_ever_published":false,"_jetpack_newsletter_access":"","_jetpack_dont_email_post_to_subs":false,"_jetpack_newsletter_tier_id":0,"_jetpack_memberships_contains_paywalled_content":false,"_jetpack_memberships_contains_paid_content":false,"footnotes":"","jetpack_publicize_message":"","jetpack_publicize_feature_enabled":true,"jetpack_social_post_already_shared":true,"jetpack_social_options":{"image_generator_settings":{"template":"highway","default_image_id":0,"font":"","enabled":false},"version":2}},"categories":[1],"tags":[54004,11703,3114,933,54405,429,54404,33,1236],"class_list":["post-215204","post","type-post","status-publish","format-standard","has-post-thumbnail","hentry","category-genel","tag-abyad","tag-akar","tag-altinda","tag-bakani","tag-kontrolumuz","tag-milli","tag-rasulayn","tag-savunma","tag-tel"],"jetpack_publicize_connections":[],"jetpack_featured_media_url":"https:\/\/i0.wp.com\/www.tvturk.com\/wp-content\/uploads\/2019\/10\/milli-savunma-bakani-akar-tel-abyad-ve-rasulayn-kontrolumuz-altinda_5bc903a.jpg?fit=1000%2C669","jetpack_sharing_enabled":true,"jetpack_shortlink":"https:\/\/wp.me\/paKIfm-TZ2","_links":{"self":[{"href":"http:\/\/www.tvturk.com\/index.php\/wp-json\/wp\/v2\/posts\/215204","targetHints":{"allow":["GET"]}}],"collection":[{"href":"http:\/\/www.tvturk.com\/index.php\/wp-json\/wp\/v2\/posts"}],"about":[{"href":"http:\/\/www.tvturk.com\/index.php\/wp-json\/wp\/v2\/types\/post"}],"author":[{"embeddable":true,"href":"http:\/\/www.tvturk.com\/index.php\/wp-json\/wp\/v2\/users\/1"}],"replies":[{"embeddable":true,"href":"http:\/\/www.tvturk.com\/index.php\/wp-json\/wp\/v2\/comments?post=215204"}],"version-history":[{"count":0,"href":"http:\/\/www.tvturk.com\/index.php\/wp-json\/wp\/v2\/posts\/215204\/revisions"}],"wp:featuredmedia":[{"embeddable":true,"href":"http:\/\/www.tvturk.com\/index.php\/wp-json\/wp\/v2\/media\/215205"}],"wp:attachment":[{"href":"http:\/\/www.tvturk.com\/index.php\/wp-json\/wp\/v2\/media?parent=215204"}],"wp:term":[{"taxonomy":"category","embeddable":true,"href":"http:\/\/www.tvturk.com\/index.php\/wp-json\/wp\/v2\/categories?post=215204"},{"taxonomy":"post_tag","embeddable":true,"href":"http:\/\/www.tvturk.com\/index.php\/wp-json\/wp\/v2\/tags?post=215204"}],"curies":[{"name":"wp","href":"https:\/\/api.w.org\/{rel}","templated":true}]}}