{"id":215347,"date":"2019-10-14T22:16:23","date_gmt":"2019-10-14T19:16:23","guid":{"rendered":"http:\/\/www.tvturk.com\/index.php\/disisleri-bakani-cavusoglu-hakli-oldugumuz-davamizi-en-iyi-sekilde-anlatmak-icin-birlesmemiz-lazim\/"},"modified":"2019-10-14T22:16:23","modified_gmt":"2019-10-14T19:16:23","slug":"disisleri-bakani-cavusoglu-hakli-oldugumuz-davamizi-en-iyi-sekilde-anlatmak-icin-birlesmemiz-lazim","status":"publish","type":"post","link":"http:\/\/www.tvturk.com\/index.php\/disisleri-bakani-cavusoglu-hakli-oldugumuz-davamizi-en-iyi-sekilde-anlatmak-icin-birlesmemiz-lazim\/","title":{"rendered":"D\u0131\u015fi\u015fleri Bakan\u0131 \u00c7avu\u015fo\u011flu: \u201dHakl\u0131 oldu\u011fumuz davam\u0131z\u0131 en iyi \u015fekilde anlatmak i\u00e7in birle\u015fmemiz laz\u0131m\u201d"},"content":{"rendered":"<p>D\u0131\u015fi\u015fleri Bakan\u0131 Mevl\u00fct \u00c7avu\u015fo\u011flu, &#8220;Hakl\u0131 oldu\u011fumuz, her zaman savundu\u011fumuz davam\u0131z\u0131 en iyi \u015fekilde anlatmak i\u00e7in birle\u015fmemiz laz\u0131m\u201d dedi.<\/p>\n<p>D\u0131\u015fi\u015fleri Bakan\u0131 Mevl\u00fct \u00c7avu\u015fo\u011flu, Bak\u00fc\u2019de K\u00fcresel Gazeteciler Birli\u011fi ile Azerbaycan Bas\u0131n Konseyi taraf\u0131ndan d\u00fczenlenen &#8220;K\u00fcresel Medya Bulu\u015fmas\u0131&#8221; toplant\u0131s\u0131na kat\u0131ld\u0131. Azerbaycan\u2019la T\u00fcrkiye aras\u0131nda iyi bir i\u015fbirli\u011fi oldu\u011funu belirten \u00c7avu\u015fo\u011flu, &#8220;Biz T\u00fcrkiye ve Azerbaycan olarak bir milletiz, iki devletiz&#8221; dedi.<\/p>\n<p>&#8220;Bizim olmad\u0131\u011f\u0131m\u0131z yerlerde ba\u015fta \u0130lham Aliyev olmak \u00fczere Azerbaycanl\u0131 karde\u015flerimiz T\u00fcrkiye\u2019yi ve T\u00fcrk milletini m\u00fcdafaa eder, Azerbaycan\u2019\u0131n olmad\u0131\u011f\u0131 yerlerde ba\u015fta Cumhurba\u015fkan\u0131m\u0131z olmak \u00fczere Azerbaycan\u2019\u0131n haklar\u0131n\u0131 m\u00fcdafaa ederiz. Bu bizim boynumuzun borcudur&#8221; diyen \u00c7avu\u015fo\u011flu, a\u00e7\u0131klamas\u0131n\u0131 \u015f\u00f6yle s\u00fcrd\u00fcrd\u00fc:<\/p>\n<p>&#8220;T\u00fcrk Konseyi D\u0131\u015fi\u015fleri Bakanlar\u0131 Toplant\u0131s\u0131\u2019n\u0131 bu sabah ger\u00e7ekle\u015ftirdik. G\u00fczel kararlar ald\u0131k, yar\u0131n liderlerin onay\u0131na \u00e7\u0131karaca\u011f\u0131z. Ayr\u0131ca T\u00fcrk Konseyi ailemiz b\u00fcy\u00fcyor. \u00d6zbekistan, T\u00fcrk Kene\u015fi\u2019nin tam \u00fcyesi oldu. Bug\u00fcn 10. y\u0131l\u0131m\u0131zda \u00d6zbekistan\u2019\u0131 aram\u0131zda g\u00f6rmekten b\u00fcy\u00fck bir mutluluk duyduk. Sadece fiziki olarak b\u00fcy\u00fcm\u00fcyoruz. T\u00fcrk Konseyi\u2019nin b\u00f6lgede ger\u00e7ekten \u00e7ok b\u00fcy\u00fck bir \u00f6rg\u00fct oldu\u011funu s\u00f6yleyebilirim. T\u00fcrk Konseyi\u2019nin topland\u0131\u011f\u0131 \u00fclkelerde K\u00fcresel Gazeteciler Konseyi\u2019nin de toplanmas\u0131 ve T\u00fcrk Konseyi\u2019ne \u00fcye \u00fclkelerin gazetecileriyle bir araya gelmesi, hatta onlar\u0131 da b\u00fcnyesine katmas\u0131n\u0131 \u00f6nemsiyoruz. Her \u015feyden \u00f6nce hakk\u0131m\u0131z\u0131, hakl\u0131 oldu\u011fumuz, her zaman savundu\u011fumuz davam\u0131z\u0131 en iyi \u015fekilde anlatmak i\u00e7in birle\u015fmemiz laz\u0131m\u201d dedi.<\/p>\n<p>\u0130slam d\u00fc\u015fmanl\u0131\u011f\u0131n\u0131n T\u00fcrk d\u00fc\u015fmanl\u0131\u011f\u0131 ile birle\u015fti\u011fini vurgulayan \u00c7avu\u015fo\u011flu, \u201dBunu d\u00fcnyan\u0131n her yerinde g\u00f6rebilirsiniz ama \u00f6zellikle Avrupa\u2019da, Avrupa\u2019n\u0131n g\u00f6be\u011finde bunu g\u00f6r\u00fcyoruz. Bununla da m\u00fccadele etmemiz laz\u0131m. Hepimize, en \u00e7ok da T\u00fcrkiye\u2019ye tehdit olu\u015fturan YPG\/PKK ter\u00f6r \u00f6rg\u00fct\u00fcne kar\u015f\u0131 verdi\u011fimiz m\u00fccadele bile dezenformasyonun nas\u0131l yap\u0131ld\u0131\u011f\u0131n\u0131 bizden daha iyi takip ediyorsunuz. T\u00fcrkiye\u2019de, Suriye\u2019de ve Irak\u2019ta K\u00fcrt karde\u015flerimizin b\u00fcy\u00fck ekseriyeti ter\u00f6r \u00f6rg\u00fct\u00fcn\u00fcn ideolojisini benimsememekte, huzur ve bar\u0131\u015f istemektedirler. PKK ile K\u00fcrtleri bir tutmamam\u0131z laz\u0131m. En \u00e7ok ses \u00e7\u0131karan \u00fclkelere bakt\u0131\u011f\u0131m\u0131zda burada Suriye\u2019yi b\u00f6l\u00fcp ter\u00f6r devleti kurmak, \u0130ran\u2019\u0131n \u00f6n\u00fcn\u00fc kesmek, T\u00fcrkiye\u2019yi istikrars\u0131zla\u015ft\u0131rmak istediklerini g\u00f6r\u00fcyoruz. Bunu \u00e7ok a\u00e7\u0131k ve net s\u00f6yl\u00fcyoruz. Fransa ba\u015fta olmak \u00fczere baz\u0131 \u00fclkelerin burada bir ter\u00f6r devleti kurmak istedi\u011fini biliyoruz. Biz b\u00fcy\u00fck bir oyunu bozdu\u011fumuz i\u00e7in son derece rahats\u0131zlar. Ama biz rahat\u0131z, \u00e7\u00fcnk\u00fc ter\u00f6r \u00f6rg\u00fct\u00fc ile m\u00fccadele ediyoruz. Bu m\u00fccadeleyi bug\u00fcn vermeseydik yar\u0131n bu m\u00fccadeleyi vermekte \u00e7ok daha zorlan\u0131rd\u0131k, belki de veremezdik. T\u00fcrkiye\u2019nin ve T\u00fcrk milletinin gelece\u011fi i\u00e7in hayati derecede \u00f6nemlidir\u201d diye konu\u015ftu.<\/p>\n<p>Ter\u00f6rle m\u00fccadele ederken kimsenin insani konularda ders vermemesi gerekti\u011fini vurgulayan \u00c7avu\u015fo\u011flu, \u201dBiz herkesten daha fazla hassas\u0131z. F\u0131rat Kalkan\u0131 ve Zeytin Dal\u0131 harekatlar\u0131nda yine insani konularda askerimizin, polisimizin sahadaki hassasiyetini t\u00fcm d\u00fcnya g\u00f6rd\u00fc\u201d ifadelerini kulland\u0131.<\/p>\n","protected":false},"excerpt":{"rendered":"<p>DI\u015e\u0130\u015eLER\u0130 BAKANI MEVL\u00dcT \u00c7AVU\u015eO\u011eLU, &#8220;HAKLI OLDU\u011eUMUZ, HER ZAMAN SAVUNDU\u011eUMUZ DAVAMIZI EN \u0130Y\u0130 \u015eEK\u0130LDE ANLATMAK \u0130\u00c7\u0130N B\u0130RLE\u015eMEM\u0130Z LAZIM\u201d DED\u0130.<\/p>\n","protected":false},"author":1,"featured_media":215348,"comment_status":"closed","ping_status":"open","sticky":false,"template":"","format":"standard","meta":{"jetpack_post_was_ever_published":false,"_jetpack_newsletter_access":"","_jetpack_dont_email_post_to_subs":false,"_jetpack_newsletter_tier_id":0,"_jetpack_memberships_contains_paywalled_content":false,"_jetpack_memberships_contains_paid_content":false,"footnotes":"","jetpack_publicize_message":"","jetpack_publicize_feature_enabled":true,"jetpack_social_post_already_shared":true,"jetpack_social_options":{"image_generator_settings":{"template":"highway","default_image_id":0,"font":"","enabled":false},"version":2}},"categories":[10],"tags":[18633,933,54440,1499,54439,1498,15481,44,1552,6170,12074,7428],"class_list":["post-215347","post","type-post","status-publish","format-standard","has-post-thumbnail","hentry","category-dunya","tag-anlatmak","tag-bakani","tag-birlesmemiz","tag-cavusoglu","tag-davamizi","tag-disisleri","tag-hakli","tag-icin","tag-iyi","tag-lazim","tag-oldugumuz","tag-sekilde"],"jetpack_publicize_connections":[],"jetpack_featured_media_url":"https:\/\/i0.wp.com\/www.tvturk.com\/wp-content\/uploads\/2019\/10\/disisleri-bakani-cavusoglu-hakli-oldugumuz-davamizi-en-iyi-sekilde-anlatmak-icin-birlesmemiz-lazim_7349035.jpg?fit=1000%2C804","jetpack_sharing_enabled":true,"jetpack_shortlink":"https:\/\/wp.me\/paKIfm-U1l","_links":{"self":[{"href":"http:\/\/www.tvturk.com\/index.php\/wp-json\/wp\/v2\/posts\/215347","targetHints":{"allow":["GET"]}}],"collection":[{"href":"http:\/\/www.tvturk.com\/index.php\/wp-json\/wp\/v2\/posts"}],"about":[{"href":"http:\/\/www.tvturk.com\/index.php\/wp-json\/wp\/v2\/types\/post"}],"author":[{"embeddable":true,"href":"http:\/\/www.tvturk.com\/index.php\/wp-json\/wp\/v2\/users\/1"}],"replies":[{"embeddable":true,"href":"http:\/\/www.tvturk.com\/index.php\/wp-json\/wp\/v2\/comments?post=215347"}],"version-history":[{"count":0,"href":"http:\/\/www.tvturk.com\/index.php\/wp-json\/wp\/v2\/posts\/215347\/revisions"}],"wp:featuredmedia":[{"embeddable":true,"href":"http:\/\/www.tvturk.com\/index.php\/wp-json\/wp\/v2\/media\/215348"}],"wp:attachment":[{"href":"http:\/\/www.tvturk.com\/index.php\/wp-json\/wp\/v2\/media?parent=215347"}],"wp:term":[{"taxonomy":"category","embeddable":true,"href":"http:\/\/www.tvturk.com\/index.php\/wp-json\/wp\/v2\/categories?post=215347"},{"taxonomy":"post_tag","embeddable":true,"href":"http:\/\/www.tvturk.com\/index.php\/wp-json\/wp\/v2\/tags?post=215347"}],"curies":[{"name":"wp","href":"https:\/\/api.w.org\/{rel}","templated":true}]}}