{"id":215349,"date":"2019-10-14T22:16:50","date_gmt":"2019-10-14T19:16:50","guid":{"rendered":"http:\/\/www.tvturk.com\/index.php\/sosyal-medya-uzerinden-bir-araya-gelen-genclerden-yurekleri-isitan-davranis\/"},"modified":"2019-10-14T22:16:50","modified_gmt":"2019-10-14T19:16:50","slug":"sosyal-medya-uzerinden-bir-araya-gelen-genclerden-yurekleri-isitan-davranis","status":"publish","type":"post","link":"http:\/\/www.tvturk.com\/index.php\/sosyal-medya-uzerinden-bir-araya-gelen-genclerden-yurekleri-isitan-davranis\/","title":{"rendered":"Sosyal medya \u00fczerinden bir araya gelen gen\u00e7lerden y\u00fcrekleri \u0131s\u0131tan davran\u0131\u015f"},"content":{"rendered":"<p>Ad\u0131yaman\u2019da sosyal medya \u00fczerinden bir araya gelen bir grup gen\u00e7, \u00e7\u00f6pl\u00fck alan\u0131ndaki sokak k\u00f6peklerinin kar\u0131nlar\u0131n\u0131 doyurup sevdiler. Gen\u00e7lerin hareketi y\u00fcrekleri \u0131s\u0131tt\u0131.<\/p>\n<p>Ad\u0131yaman\u2019da \u00f6\u011frenci, esnaf ve memurlardan olu\u015fan yakla\u015f\u0131k 20 ki\u015filik grup, sosyal medya \u00fczerinde bir araya gelerek sokak hayvanlar\u0131n\u0131 korumak, onlara sahip \u00e7\u0131kmak ve beslemek i\u00e7in etkinlik d\u00fczenledi. Kendilerine \u2018Ad\u0131yaman Sokak Hayvanlar\u0131n\u0131 Besleme G\u00f6n\u00fcll\u00fcleri\u2019 ismini veren grup, mamalar ve sularla Sitilce mevkiindeki Ad\u0131yaman \u00e7\u00f6pl\u00fc\u011f\u00fcne gitti. Buradaki k\u00f6peklere mama ve su veren grup, k\u00f6pekleri sevmeyi de ihmal etmedi. Onlar\u0131n hem karn\u0131n\u0131 doyuran hem de seven grup, bunu geleneksel hale getireceklerini dile getirerek, di\u011fer vatanda\u015flar\u0131n da hayvanlara daha duyarl\u0131 olmalar\u0131n\u0131 istediler. Herkesin ev ve i\u015f yerlerinin \u00f6n\u00fcne bir kap mama ve su b\u0131rakarak sokak hayvanlar\u0131na yard\u0131mc\u0131 olunabilece\u011fini vurgulayan grup, \u00e7\u00f6pl\u00fck alan\u0131nda besledikleri k\u00f6peklerle bir s\u00fcre zaman ge\u00e7irdi.<\/p>\n<p>Herkesin hayvanlara kar\u015f\u0131 duyarl\u0131 olmas\u0131n\u0131 isteyen Erdin\u00e7 G\u00fcrkan, \u201cHayvanlar\u0131m\u0131z burada, geldik beslemeye. Mamam\u0131z\u0131, suyumuzu ald\u0131k. Ara s\u0131ra beslemeye geliyoruz. \u015eehir merkezi d\u0131\u015f\u0131nda \u00e7\u00f6pl\u00fck taraf\u0131nda baya bir k\u00f6pek ve hayvan\u0131m\u0131z var, bunlar\u0131 besliyoruz. Herkesten ricam, herkes bir kap mamay\u0131 veya bir kap suyu eksik etmesin. \u00c7\u00fcnk\u00fc bu ya\u015famda hep beraber ya\u015f\u0131yoruz. Onlar\u0131n dili yok. Ger\u00e7ekten onlar\u0131n ihtiyac\u0131 var, duyarl\u0131l\u0131k g\u00f6sterelim, bu k\u00f6peklerin kimseye zarar\u0131 yok\u201d dedi.<\/p>\n<p>\u015e\u00fckr\u00fc Ayd\u0131n ise, \u201cHerkesin bu konuda elinden geleni yapmas\u0131n\u0131 diliyorum. Bir kap su, bir kap mama, emin olun hayat kurtar\u0131yor\u201d \u015feklinde konu\u015ftu.<\/p>\n<p>Sokak hayvanlar\u0131n\u0131 sevmekten ve beslemekten olduk\u00e7a mutlu oldu\u011funu belirten B\u00fc\u015fra Arslan, \u201cBuraya geldi\u011fimizde hayvanlar\u0131 \u00e7ok a\u00e7 g\u00f6rd\u00fck. Onlar\u0131 besledik. Yan\u0131m\u0131zda mamalar ve sular getirmi\u015ftik. Bu anlamda onlar\u0131n susuzlu\u011funu ve a\u00e7l\u0131\u011f\u0131n\u0131 bir nebze de olsa gidermeye \u00e7al\u0131\u015f\u0131yoruz. Tabii ki bunlar yetmiyor. Bu konuda halk\u0131m\u0131z\u0131n da bizlere yard\u0131mc\u0131 olmas\u0131 gerekiyor. \u00c7\u00fcnk\u00fc onlar\u0131n bize, bizim de onlara ihtiyac\u0131m\u0131z var. Bir kap su, bir kap mamaya ihtiya\u00e7lar\u0131 var sadece\u201d diye konu\u015ftu.<\/p>\n","protected":false},"excerpt":{"rendered":"<p>ADIYAMAN\u2019DA SOSYAL MEDYADAN HABERLE\u015eEREK TOPLANAN B\u0130R GRUP GEN\u00c7, SOKAK K\u00d6PEKLER\u0130N\u0130N KARINLARINI DOYURDU<\/p>\n","protected":false},"author":1,"featured_media":215350,"comment_status":"closed","ping_status":"open","sticky":false,"template":"","format":"standard","meta":{"jetpack_post_was_ever_published":false,"_jetpack_newsletter_access":"","_jetpack_dont_email_post_to_subs":false,"_jetpack_newsletter_tier_id":0,"_jetpack_memberships_contains_paywalled_content":false,"_jetpack_memberships_contains_paid_content":false,"footnotes":"","jetpack_publicize_message":"","jetpack_publicize_feature_enabled":true,"jetpack_social_post_already_shared":true,"jetpack_social_options":{"image_generator_settings":{"template":"highway","default_image_id":0,"font":"","enabled":false},"version":2}},"categories":[1],"tags":[126,125,1997,307,2861,13776,5066,1229,5067,7403],"class_list":["post-215349","post","type-post","status-publish","format-standard","has-post-thumbnail","hentry","category-genel","tag-araya","tag-bir","tag-davranis","tag-gelen","tag-genclerden","tag-isitan","tag-medya","tag-sosyal","tag-uzerinden","tag-yurekleri"],"jetpack_publicize_connections":[],"jetpack_featured_media_url":"https:\/\/i0.wp.com\/www.tvturk.com\/wp-content\/uploads\/2019\/10\/sosyal-medya-uzerinden-bir-araya-gelen-genclerden-yurekleri-isitan-davranis_c55b703.jpg?fit=1000%2C666","jetpack_sharing_enabled":true,"jetpack_shortlink":"https:\/\/wp.me\/paKIfm-U1n","_links":{"self":[{"href":"http:\/\/www.tvturk.com\/index.php\/wp-json\/wp\/v2\/posts\/215349","targetHints":{"allow":["GET"]}}],"collection":[{"href":"http:\/\/www.tvturk.com\/index.php\/wp-json\/wp\/v2\/posts"}],"about":[{"href":"http:\/\/www.tvturk.com\/index.php\/wp-json\/wp\/v2\/types\/post"}],"author":[{"embeddable":true,"href":"http:\/\/www.tvturk.com\/index.php\/wp-json\/wp\/v2\/users\/1"}],"replies":[{"embeddable":true,"href":"http:\/\/www.tvturk.com\/index.php\/wp-json\/wp\/v2\/comments?post=215349"}],"version-history":[{"count":0,"href":"http:\/\/www.tvturk.com\/index.php\/wp-json\/wp\/v2\/posts\/215349\/revisions"}],"wp:featuredmedia":[{"embeddable":true,"href":"http:\/\/www.tvturk.com\/index.php\/wp-json\/wp\/v2\/media\/215350"}],"wp:attachment":[{"href":"http:\/\/www.tvturk.com\/index.php\/wp-json\/wp\/v2\/media?parent=215349"}],"wp:term":[{"taxonomy":"category","embeddable":true,"href":"http:\/\/www.tvturk.com\/index.php\/wp-json\/wp\/v2\/categories?post=215349"},{"taxonomy":"post_tag","embeddable":true,"href":"http:\/\/www.tvturk.com\/index.php\/wp-json\/wp\/v2\/tags?post=215349"}],"curies":[{"name":"wp","href":"https:\/\/api.w.org\/{rel}","templated":true}]}}