{"id":215366,"date":"2019-10-15T00:02:45","date_gmt":"2019-10-14T21:02:45","guid":{"rendered":"http:\/\/www.tvturk.com\/index.php\/denizlide-koray-avci-ruzgari\/"},"modified":"2019-10-15T00:02:45","modified_gmt":"2019-10-14T21:02:45","slug":"denizlide-koray-avci-ruzgari","status":"publish","type":"post","link":"http:\/\/www.tvturk.com\/index.php\/denizlide-koray-avci-ruzgari\/","title":{"rendered":"Denizli\u2019de Koray Avc\u0131 r\u00fczgar\u0131"},"content":{"rendered":"<p>\u00dcnl\u00fc sanat\u00e7\u0131 Koray Avc\u0131, Denizli\u2019de d\u00fczenlenen konserde sahne ald\u0131. Avc\u0131, \u015fark\u0131lar\u0131n\u0131 kendisine hediye edilen Yukatel Denizlispor formas\u0131 ile s\u00f6yledi.<\/p>\n<p>Konser Denizli A\u00e7\u0131k Hava Tiyatrosu\u2019nda ger\u00e7ekle\u015ftirildi. Konsere Merkezefendi Kaymakam\u0131 Adem Uslu ile Yukatel Denizlispor Kul\u00fcp Ba\u015fkan\u0131 Ali \u00c7etin de kat\u0131ld\u0131. Binlerce ki\u015finin izledi\u011fi konserde Avc\u0131, \u015fark\u0131lar\u0131yla seyirciyi co\u015fturdu. Konserde Ba\u015fkan \u00c7etin, Avc\u0131\u2019ya Denizlispor formas\u0131 hediye etti. Avc\u0131, kendisine hediye edilen formay\u0131 giyerek konseri \u00fczerindeki forma ile tamamlad\u0131.<\/p>\n","protected":false},"excerpt":{"rendered":"<p>\u00dcNL\u00dc SANAT\u00c7I KORAY AVCI, DEN\u0130ZL\u0130\u2019DE D\u00dcZENLENEN KONSERDE SAHNE ALDI. AVCI \u015eARKILARINI KEND\u0130S\u0130NE HED\u0130YE ED\u0130LEN YUKATEL DEN\u0130ZL\u0130SPOR FORMASI \u0130LE S\u00d6YLED\u0130.<\/p>\n","protected":false},"author":1,"featured_media":215367,"comment_status":"closed","ping_status":"open","sticky":false,"template":"","format":"standard","meta":{"jetpack_post_was_ever_published":false,"_jetpack_newsletter_access":"","_jetpack_dont_email_post_to_subs":false,"_jetpack_newsletter_tier_id":0,"_jetpack_memberships_contains_paywalled_content":false,"_jetpack_memberships_contains_paid_content":false,"footnotes":"","jetpack_publicize_message":"","jetpack_publicize_feature_enabled":true,"jetpack_social_post_already_shared":true,"jetpack_social_options":{"image_generator_settings":{"template":"highway","default_image_id":0,"font":"","enabled":false},"version":2}},"categories":[1],"tags":[11696,188,21950,726],"class_list":["post-215366","post","type-post","status-publish","format-standard","has-post-thumbnail","hentry","category-genel","tag-avci","tag-denizlide","tag-koray","tag-ruzgari"],"jetpack_publicize_connections":[],"jetpack_featured_media_url":"https:\/\/i0.wp.com\/www.tvturk.com\/wp-content\/uploads\/2019\/10\/denizlide-koray-avci-ruzgari_8638c6f.jpg?fit=1000%2C562","jetpack_sharing_enabled":true,"jetpack_shortlink":"https:\/\/wp.me\/paKIfm-U1E","_links":{"self":[{"href":"http:\/\/www.tvturk.com\/index.php\/wp-json\/wp\/v2\/posts\/215366","targetHints":{"allow":["GET"]}}],"collection":[{"href":"http:\/\/www.tvturk.com\/index.php\/wp-json\/wp\/v2\/posts"}],"about":[{"href":"http:\/\/www.tvturk.com\/index.php\/wp-json\/wp\/v2\/types\/post"}],"author":[{"embeddable":true,"href":"http:\/\/www.tvturk.com\/index.php\/wp-json\/wp\/v2\/users\/1"}],"replies":[{"embeddable":true,"href":"http:\/\/www.tvturk.com\/index.php\/wp-json\/wp\/v2\/comments?post=215366"}],"version-history":[{"count":0,"href":"http:\/\/www.tvturk.com\/index.php\/wp-json\/wp\/v2\/posts\/215366\/revisions"}],"wp:featuredmedia":[{"embeddable":true,"href":"http:\/\/www.tvturk.com\/index.php\/wp-json\/wp\/v2\/media\/215367"}],"wp:attachment":[{"href":"http:\/\/www.tvturk.com\/index.php\/wp-json\/wp\/v2\/media?parent=215366"}],"wp:term":[{"taxonomy":"category","embeddable":true,"href":"http:\/\/www.tvturk.com\/index.php\/wp-json\/wp\/v2\/categories?post=215366"},{"taxonomy":"post_tag","embeddable":true,"href":"http:\/\/www.tvturk.com\/index.php\/wp-json\/wp\/v2\/tags?post=215366"}],"curies":[{"name":"wp","href":"https:\/\/api.w.org\/{rel}","templated":true}]}}