{"id":215412,"date":"2019-10-15T10:16:40","date_gmt":"2019-10-15T07:16:40","guid":{"rendered":"http:\/\/www.tvturk.com\/index.php\/iddeften-kambocyaya-acil-yardim-kampanyasi\/"},"modified":"2019-10-15T10:16:40","modified_gmt":"2019-10-15T07:16:40","slug":"iddeften-kambocyaya-acil-yardim-kampanyasi","status":"publish","type":"post","link":"http:\/\/www.tvturk.com\/index.php\/iddeften-kambocyaya-acil-yardim-kampanyasi\/","title":{"rendered":"\u0130DDEF\u2019ten \u2019Kambo\u00e7ya\u2019ya acil yard\u0131m\u2019 kampanyas\u0131"},"content":{"rendered":"<p>\u0130DDEF, \u015fiddetli Muson ya\u011fmurlar\u0131n\u0131n neden oldu\u011fu selden etkilenen ve g\u00fcvenli g\u0131daya ula\u015fmakta zorluk \u00e7eken Kambo\u00e7ya\u2019da acil yard\u0131m kampanyas\u0131 ba\u015flatt\u0131.<\/p>\n<p>\u0130nsana De\u011fer Veren Dernekler Federasyonu (\u0130DDEF), son 10 y\u0131l\u0131n en b\u00fcy\u00fck felaketini ya\u015fayan G\u00fcneydo\u011fu Asya \u00fclkesi Kambo\u00e7ya\u2019daki ma\u011fdur kimseler i\u00e7in haz\u0131rlad\u0131\u011f\u0131 g\u0131da paketlerini hay\u0131rseverlerin destekleriyle afet b\u00f6lgesine ula\u015ft\u0131rmaya ba\u015flad\u0131. \u0130DDEF\u2019ten yap\u0131lan a\u00e7\u0131klamaya g\u00f6re, \u00f6zellikle g\u0131daya ula\u015fmada ciddi s\u0131k\u0131nt\u0131 ya\u015fayan kimseler i\u00e7in i\u00e7erisinde acil ihtiya\u00e7lar\u0131n\u0131 kar\u015f\u0131layabilecekleri temel g\u0131da maddelerinin yer ald\u0131\u011f\u0131 g\u0131da paketlerini ula\u015ft\u0131rmak amac\u0131yla harekete ge\u00e7ildi\u011fi ifade edildi. \u2018Kambo\u00e7ya\u2019ya Acil Yard\u0131m\u2019 kampanyas\u0131 kapsam\u0131nda ilk etapta 100 aileye g\u0131da paketi ve cibinlik da\u011f\u0131t\u0131m\u0131 yap\u0131l\u0131rken a\u00e7\u0131klamada, hay\u0131rseverlerin 100 TL ba\u011f\u0131\u015f yaparak bir kumanya paketi yard\u0131mda bulunabilece\u011fi belirtildi.<\/p>\n<p>Son 10 y\u0131l\u0131n en b\u00fcy\u00fck felaketi<\/p>\n<p>Eyl\u00fcl ay\u0131n\u0131n ba\u015f\u0131nda \u015fiddetli ya\u011f\u0131\u015f\u0131n etkisi alt\u0131nda kalan Kambo\u00e7ya\u2019da son y\u0131llar\u0131n en b\u00fcy\u00fck felaketi ya\u015fan\u0131yor. Temmuz-Kas\u0131m aylar\u0131 aras\u0131nda \u015fiddetli Muson ya\u011fmurlar\u0131n\u0131n etkisi alt\u0131nda kalan \u00fclkede her y\u0131l k\u00fc\u00e7\u00fck \u00e7apl\u0131 sel olaylar\u0131yla kar\u015f\u0131la\u015f\u0131l\u0131yordu; ancak bu y\u0131l Eyl\u00fcl ay\u0131nda normalin \u00fcst\u00fcnde ger\u00e7ekle\u015fen Muson ya\u011fmurlar\u0131 neticesinde, b\u00f6lgede binlerce insan ma\u011fdur oldu. Kambo\u00e7ya Afet Komitesi taraf\u0131ndan yap\u0131lan a\u00e7\u0131klamada ya\u015fanan afetin etkisinin uzun s\u00fcrece\u011fi ve halk\u0131n acil g\u0131da yard\u0131m\u0131na ihtiya\u00e7 duydu\u011fu belirtildi. A\u00e7\u0131klaman\u0131n devam\u0131nda ya\u011f\u0131\u015flar\u0131n Ekim ve Kas\u0131m aylar\u0131nda da devam edece\u011fi ifade edilirken, b\u00f6lgeyi etkisi alt\u0131na alan selin son 10 y\u0131l\u0131n en b\u00fcy\u00fck felaketi oldu\u011funa ve \u00f6nlem al\u0131nmamas\u0131 halinde bilan\u00e7onun a\u011f\u0131rla\u015faca\u011f\u0131na vurgu yap\u0131ld\u0131.<\/p>\n<p>Binlerce aile evinden oldu<\/p>\n<p>Kambo\u00e7ya\u2019da meydana gelen sel felaketinde, ya\u015fanan can kay\u0131plar\u0131n\u0131n yan\u0131 s\u0131ra binlerce aile g\u00fcvenli b\u00f6lgelere g\u00f6\u00e7 etmek zorunda kald\u0131. Yetkililer, son 2 haftada 14 eyaletin a\u015f\u0131r\u0131 ya\u011f\u0131\u015flardan ciddi derecede etkilendi\u011fini, 84 bine yak\u0131n konutun, 52 bin hektarl\u0131k tar\u0131m arazisinin, 34 sa\u011fl\u0131k merkezi ve 359 okulun zarar g\u00f6rd\u00fc\u011f\u00fcn\u00fc duyurdu. Ya\u011f\u0131\u015flar\u0131n baz\u0131 eyaletlerde \u00f6n\u00fcm\u00fczdeki g\u00fcnlerde de devam edece\u011fi ve \u00e7ok say\u0131da k\u00f6yl\u00fcn\u00fcn botlar yard\u0131m\u0131yla kurtar\u0131labildi\u011fi a\u00e7\u0131kland\u0131.<\/p>\n<p>\u0130DDEF\u2019ten afet b\u00f6lgesine g\u0131da yard\u0131m\u0131<\/p>\n<p>1 milyon M\u00fcsl\u00fcman\u0131n da hayat\u0131n\u0131 s\u00fcrd\u00fcrd\u00fc\u011f\u00fc Kambo\u00e7ya\u2019da \u015fiddetli Muson ya\u011fmurlar\u0131 nedeniyle meydana gelen sel felaketi, \u00fclke halk\u0131n\u0131 her anlamda derinden sarst\u0131. Selin \u00f6zellikle tar\u0131m alanlar\u0131n\u0131 etkilemesi nedeniyle g\u0131da sekt\u00f6r\u00fcnde ya\u015fanacak sorunlara dikkat \u00e7ekilirken, \u0130DDEF de hay\u0131rseverlerin deste\u011fiyle harekete ge\u00e7ip g\u0131da paketlerini b\u00f6lgeye ula\u015ft\u0131rarak da\u011f\u0131t\u0131ma ba\u015flad\u0131. \u0130DDEF\u2019in b\u00f6lgedeki \u00e7al\u0131\u015fmalar\u0131 hay\u0131rseverlerin destekleriyle devam ediyor.<\/p>\n","protected":false},"excerpt":{"rendered":"<p>\u0130DDEF, \u015e\u0130DDETL\u0130 MUSON YA\u011eMURLARININ NEDEN OLDU\u011eU SELDEN ETK\u0130LENEN VE G\u00dcVENL\u0130 GIDAYA ULA\u015eMAKTA ZORLUK \u00c7EKEN KAMBO\u00c7YA\u2019DA AC\u0130L YARDIM KAMPANYASI BA\u015eLATTI.<\/p>\n","protected":false},"author":1,"featured_media":215413,"comment_status":"closed","ping_status":"open","sticky":false,"template":"","format":"standard","meta":{"jetpack_post_was_ever_published":false,"_jetpack_newsletter_access":"","_jetpack_dont_email_post_to_subs":false,"_jetpack_newsletter_tier_id":0,"_jetpack_memberships_contains_paywalled_content":false,"_jetpack_memberships_contains_paid_content":false,"footnotes":"","jetpack_publicize_message":"","jetpack_publicize_feature_enabled":true,"jetpack_social_post_already_shared":true,"jetpack_social_options":{"image_generator_settings":{"template":"highway","default_image_id":0,"font":"","enabled":false},"version":2}},"categories":[1],"tags":[54451,7016,44303,749,1736],"class_list":["post-215412","post","type-post","status-publish","format-standard","has-post-thumbnail","hentry","category-genel","tag-kambocyaya","tag-acil","tag-iddeften","tag-kampanyasi","tag-yardim"],"jetpack_publicize_connections":[],"jetpack_featured_media_url":"https:\/\/i0.wp.com\/www.tvturk.com\/wp-content\/uploads\/2019\/10\/iddeften-kambocyaya-acil-yardim-kampanyasi_9e90fa4.jpg?fit=1000%2C750","jetpack_sharing_enabled":true,"jetpack_shortlink":"https:\/\/wp.me\/paKIfm-U2o","_links":{"self":[{"href":"http:\/\/www.tvturk.com\/index.php\/wp-json\/wp\/v2\/posts\/215412","targetHints":{"allow":["GET"]}}],"collection":[{"href":"http:\/\/www.tvturk.com\/index.php\/wp-json\/wp\/v2\/posts"}],"about":[{"href":"http:\/\/www.tvturk.com\/index.php\/wp-json\/wp\/v2\/types\/post"}],"author":[{"embeddable":true,"href":"http:\/\/www.tvturk.com\/index.php\/wp-json\/wp\/v2\/users\/1"}],"replies":[{"embeddable":true,"href":"http:\/\/www.tvturk.com\/index.php\/wp-json\/wp\/v2\/comments?post=215412"}],"version-history":[{"count":0,"href":"http:\/\/www.tvturk.com\/index.php\/wp-json\/wp\/v2\/posts\/215412\/revisions"}],"wp:featuredmedia":[{"embeddable":true,"href":"http:\/\/www.tvturk.com\/index.php\/wp-json\/wp\/v2\/media\/215413"}],"wp:attachment":[{"href":"http:\/\/www.tvturk.com\/index.php\/wp-json\/wp\/v2\/media?parent=215412"}],"wp:term":[{"taxonomy":"category","embeddable":true,"href":"http:\/\/www.tvturk.com\/index.php\/wp-json\/wp\/v2\/categories?post=215412"},{"taxonomy":"post_tag","embeddable":true,"href":"http:\/\/www.tvturk.com\/index.php\/wp-json\/wp\/v2\/tags?post=215412"}],"curies":[{"name":"wp","href":"https:\/\/api.w.org\/{rel}","templated":true}]}}