{"id":215458,"date":"2019-10-15T11:16:15","date_gmt":"2019-10-15T08:16:15","guid":{"rendered":"http:\/\/www.tvturk.com\/index.php\/cumhurbaskani-erdogan-gaziler-dernegi-uyeleri-ile-sohbet-etti\/"},"modified":"2019-10-15T11:16:15","modified_gmt":"2019-10-15T08:16:15","slug":"cumhurbaskani-erdogan-gaziler-dernegi-uyeleri-ile-sohbet-etti","status":"publish","type":"post","link":"http:\/\/www.tvturk.com\/index.php\/cumhurbaskani-erdogan-gaziler-dernegi-uyeleri-ile-sohbet-etti\/","title":{"rendered":"Cumhurba\u015fkan\u0131 Erdo\u011fan, Gaziler Derne\u011fi \u00fcyeleri ile sohbet etti"},"content":{"rendered":"<p>Cumhurba\u015fkan\u0131 Recep Tayyip Erdo\u011fan, Bak\u00fc\u2019de otel \u00e7\u0131k\u0131\u015f\u0131 Gaziler Derne\u011fi \u00fcyeleri ile sohbet etti.<\/p>\n<p>Cumhurba\u015fkan\u0131 Recep Tayyip Erdo\u011fan\u2019\u0131n Azerbaycan temaslar\u0131 s\u00fcr\u00fcyor. Erdo\u011fan, Azerbaycan\u2019\u0131n ba\u015fkenti Bak\u00fc\u2019de otel \u00e7\u0131k\u0131\u015f\u0131 Gaziler Derne\u011fi \u00fcyeleri ile sohbet etti.<\/p>\n","protected":false},"excerpt":{"rendered":"<p>CUMHURBA\u015eKANI RECEP TAYY\u0130P ERDO\u011eAN, BAK\u00dc&#8217;DE OTEL \u00c7IKI\u015eI GAZ\u0130LER DERNE\u011e\u0130 \u00dcYELER\u0130 \u0130LE SOHBET ETT\u0130.<\/p>\n","protected":false},"author":1,"featured_media":215459,"comment_status":"closed","ping_status":"open","sticky":false,"template":"","format":"standard","meta":{"jetpack_post_was_ever_published":false,"_jetpack_newsletter_access":"","_jetpack_dont_email_post_to_subs":false,"_jetpack_newsletter_tier_id":0,"_jetpack_memberships_contains_paywalled_content":false,"_jetpack_memberships_contains_paid_content":false,"footnotes":"","jetpack_publicize_message":"","jetpack_publicize_feature_enabled":true,"jetpack_social_post_already_shared":true,"jetpack_social_options":{"image_generator_settings":{"template":"highway","default_image_id":0,"font":"","enabled":false},"version":2}},"categories":[10],"tags":[503,6333,649,207,12914,192,18303,3081],"class_list":["post-215458","post","type-post","status-publish","format-standard","has-post-thumbnail","hentry","category-dunya","tag-cumhurbaskani","tag-dernegi","tag-erdogan","tag-etti","tag-gaziler","tag-ile","tag-sohbet","tag-uyeleri"],"jetpack_publicize_connections":[],"jetpack_featured_media_url":"https:\/\/i0.wp.com\/www.tvturk.com\/wp-content\/uploads\/2019\/10\/cumhurbaskani-erdogan-gaziler-dernegi-uyeleri-ile-sohbet-etti_d7b4576.jpg?fit=1000%2C727","jetpack_sharing_enabled":true,"jetpack_shortlink":"https:\/\/wp.me\/paKIfm-U38","_links":{"self":[{"href":"http:\/\/www.tvturk.com\/index.php\/wp-json\/wp\/v2\/posts\/215458","targetHints":{"allow":["GET"]}}],"collection":[{"href":"http:\/\/www.tvturk.com\/index.php\/wp-json\/wp\/v2\/posts"}],"about":[{"href":"http:\/\/www.tvturk.com\/index.php\/wp-json\/wp\/v2\/types\/post"}],"author":[{"embeddable":true,"href":"http:\/\/www.tvturk.com\/index.php\/wp-json\/wp\/v2\/users\/1"}],"replies":[{"embeddable":true,"href":"http:\/\/www.tvturk.com\/index.php\/wp-json\/wp\/v2\/comments?post=215458"}],"version-history":[{"count":0,"href":"http:\/\/www.tvturk.com\/index.php\/wp-json\/wp\/v2\/posts\/215458\/revisions"}],"wp:featuredmedia":[{"embeddable":true,"href":"http:\/\/www.tvturk.com\/index.php\/wp-json\/wp\/v2\/media\/215459"}],"wp:attachment":[{"href":"http:\/\/www.tvturk.com\/index.php\/wp-json\/wp\/v2\/media?parent=215458"}],"wp:term":[{"taxonomy":"category","embeddable":true,"href":"http:\/\/www.tvturk.com\/index.php\/wp-json\/wp\/v2\/categories?post=215458"},{"taxonomy":"post_tag","embeddable":true,"href":"http:\/\/www.tvturk.com\/index.php\/wp-json\/wp\/v2\/tags?post=215458"}],"curies":[{"name":"wp","href":"https:\/\/api.w.org\/{rel}","templated":true}]}}