{"id":215468,"date":"2019-10-15T11:31:40","date_gmt":"2019-10-15T08:31:40","guid":{"rendered":"http:\/\/www.tvturk.com\/index.php\/cumhurbaskani-erdogan-kazakistan-kurucu-cumhurbaskani-nazarbayev-ile-gorustu\/"},"modified":"2019-10-15T11:31:40","modified_gmt":"2019-10-15T08:31:40","slug":"cumhurbaskani-erdogan-kazakistan-kurucu-cumhurbaskani-nazarbayev-ile-gorustu","status":"publish","type":"post","link":"http:\/\/www.tvturk.com\/index.php\/cumhurbaskani-erdogan-kazakistan-kurucu-cumhurbaskani-nazarbayev-ile-gorustu\/","title":{"rendered":"Cumhurba\u015fkan\u0131 Erdo\u011fan, Kazakistan kurucu Cumhurba\u015fkan\u0131 Nazarbayev ile g\u00f6r\u00fc\u015ft\u00fc"},"content":{"rendered":"<p>Cumhurba\u015fkan\u0131 Recep Tayyip Erdo\u011fan, Kazakistan\u2019\u0131n kurucu Cumhurba\u015fkan\u0131 Elba\u015f\u0131 Nursultan Nazarbayev\u2019le g\u00f6r\u00fc\u015ft\u00fc.<\/p>\n<p>Cumhurba\u015fkan\u0131 Recep Tayyip Erdo\u011fan, kat\u0131ld\u0131\u011f\u0131 7. T\u00fcrk Konseyi Zirvesi kapsam\u0131nda Bak\u00fc\u2019de ikili temaslar ger\u00e7ekle\u015ftirdi.<\/p>\n<p>Cumhurba\u015fkan\u0131 Erdo\u011fan, zirve kapsam\u0131nda Kazakistan Kurucu Cumhurba\u015fkan\u0131, Elba\u015f\u0131 Nursultan Nazarbayevile bir araya geldi.<\/p>\n<p>Bas\u0131na kapal\u0131 ger\u00e7ekle\u015fen g\u00f6r\u00fc\u015fme yar\u0131m saat s\u00fcrd\u00fc. G\u00f6r\u00fc\u015fmede D\u0131\u015fi\u015fleri Bakan\u0131 Mevl\u00fct \u00c7avu\u015fo\u011flu, Sanayi ve Teknoloji Bakan\u0131 Mustafa Varank ile Ticaret Bakan Ruhsar Pekcan da haz\u0131r bulundu.<\/p>\n","protected":false},"excerpt":{"rendered":"<p>CUMHURBA\u015eKANI RECEP TAYY\u0130P ERDO\u011eAN, KAZAK\u0130STAN\u2019IN KURUCU CUMHURBA\u015eKANI ELBA\u015eI NURSULTAN NAZARBAYEV\u2019LE G\u00d6R\u00dc\u015eT\u00dc.<\/p>\n","protected":false},"author":1,"featured_media":215469,"comment_status":"closed","ping_status":"open","sticky":false,"template":"","format":"standard","meta":{"jetpack_post_was_ever_published":false,"_jetpack_newsletter_access":"","_jetpack_dont_email_post_to_subs":false,"_jetpack_newsletter_tier_id":0,"_jetpack_memberships_contains_paywalled_content":false,"_jetpack_memberships_contains_paid_content":false,"footnotes":"","jetpack_publicize_message":"","jetpack_publicize_feature_enabled":true,"jetpack_social_post_already_shared":true,"jetpack_social_options":{"image_generator_settings":{"template":"highway","default_image_id":0,"font":"","enabled":false},"version":2}},"categories":[10],"tags":[503,649,316,192,20016,1496,37989],"class_list":["post-215468","post","type-post","status-publish","format-standard","has-post-thumbnail","hentry","category-dunya","tag-cumhurbaskani","tag-erdogan","tag-gorustu","tag-ile","tag-kazakistan","tag-kurucu","tag-nazarbayev"],"jetpack_publicize_connections":[],"jetpack_featured_media_url":"https:\/\/i0.wp.com\/www.tvturk.com\/wp-content\/uploads\/2019\/10\/cumhurbaskani-erdogan-kazakistan-kurucu-cumhurbaskani-nazarbayev-ile-gorustu_e2590b6.jpg?fit=1000%2C802","jetpack_sharing_enabled":true,"jetpack_shortlink":"https:\/\/wp.me\/paKIfm-U3i","_links":{"self":[{"href":"http:\/\/www.tvturk.com\/index.php\/wp-json\/wp\/v2\/posts\/215468","targetHints":{"allow":["GET"]}}],"collection":[{"href":"http:\/\/www.tvturk.com\/index.php\/wp-json\/wp\/v2\/posts"}],"about":[{"href":"http:\/\/www.tvturk.com\/index.php\/wp-json\/wp\/v2\/types\/post"}],"author":[{"embeddable":true,"href":"http:\/\/www.tvturk.com\/index.php\/wp-json\/wp\/v2\/users\/1"}],"replies":[{"embeddable":true,"href":"http:\/\/www.tvturk.com\/index.php\/wp-json\/wp\/v2\/comments?post=215468"}],"version-history":[{"count":0,"href":"http:\/\/www.tvturk.com\/index.php\/wp-json\/wp\/v2\/posts\/215468\/revisions"}],"wp:featuredmedia":[{"embeddable":true,"href":"http:\/\/www.tvturk.com\/index.php\/wp-json\/wp\/v2\/media\/215469"}],"wp:attachment":[{"href":"http:\/\/www.tvturk.com\/index.php\/wp-json\/wp\/v2\/media?parent=215468"}],"wp:term":[{"taxonomy":"category","embeddable":true,"href":"http:\/\/www.tvturk.com\/index.php\/wp-json\/wp\/v2\/categories?post=215468"},{"taxonomy":"post_tag","embeddable":true,"href":"http:\/\/www.tvturk.com\/index.php\/wp-json\/wp\/v2\/tags?post=215468"}],"curies":[{"name":"wp","href":"https:\/\/api.w.org\/{rel}","templated":true}]}}