{"id":215494,"date":"2019-10-15T11:47:12","date_gmt":"2019-10-15T08:47:12","guid":{"rendered":"http:\/\/www.tvturk.com\/index.php\/ytb-baskani-eren-turkiyenin-turk-dunyasi-ile-iliskilerinin-cok-merkezi-bir-konumda-olacagina-inaniyoruz\/"},"modified":"2019-10-15T11:47:12","modified_gmt":"2019-10-15T08:47:12","slug":"ytb-baskani-eren-turkiyenin-turk-dunyasi-ile-iliskilerinin-cok-merkezi-bir-konumda-olacagina-inaniyoruz","status":"publish","type":"post","link":"http:\/\/www.tvturk.com\/index.php\/ytb-baskani-eren-turkiyenin-turk-dunyasi-ile-iliskilerinin-cok-merkezi-bir-konumda-olacagina-inaniyoruz\/","title":{"rendered":"YTB Ba\u015fkan\u0131 Eren: &#8220;T\u00fcrkiye\u2019nin T\u00fcrk d\u00fcnyas\u0131 ile ili\u015fkilerinin \u00e7ok merkezi bir konumda olaca\u011f\u0131na inan\u0131yoruz\u2019\u2019"},"content":{"rendered":"<p>Azerbaycan\u2019da d\u00fczenlenen D\u00fcnya T\u00fcrk \u0130\u015f Konseyi (DT\u0130K) Bak\u00fc Bulu\u015fmas\u0131\u2019nda konu\u015fan Yurtd\u0131\u015f\u0131 T\u00fcrkler ve Akraba Topluluklar (YTB) Ba\u015fkan\u0131 Abdullah Eren, \u201cT\u00fcrkiye ile Azerbaycan aras\u0131ndaki ili\u015fkilerin her alanda artt\u0131\u011f\u0131n\u0131 g\u00f6r\u00fcyoruz. \u2019Dilde, i\u015fte, fikirde birlik\u2019 anlay\u0131\u015f\u0131 \u00e7er\u00e7evesinde T\u00fcrkiye\u2019nin ba\u015fta Azerbaycan olmak \u00fczere T\u00fcrk d\u00fcnyas\u0131 ile ili\u015fkilerinin 21. y\u00fczy\u0131ldaki d\u0131\u015f politikas\u0131nda \u00e7ok merkezi bir konumda olaca\u011f\u0131na inan\u0131yoruz\u201d dedi.<\/p>\n<p>Yurtd\u0131\u015f\u0131 T\u00fcrkler ve Akraba Topluluklar (YTB) Ba\u015fkan\u0131 Abdullah Eren Azerbaycan\u2019da d\u00fczenlenen D\u00fcnya T\u00fcrk \u0130\u015f Konseyi (DT\u0130K) Bak\u00fc Bulu\u015fmas\u0131\u2019na kat\u0131larak bir konu\u015fma yapt\u0131. YTB\u2019nin \u00e7al\u0131\u015fmalar\u0131na dikkat \u00e7eken Ba\u015fkan Eren, &#8220;Faaliyetlerimizi art\u0131rmaya \u00e7al\u0131\u015f\u0131yoruz. \u00d6n\u00fcm\u00fczdeki d\u00f6nemde de Azerbaycan\u2019la diaspora alan\u0131nda kurdu\u011fumuz i\u015f birli\u011fini art\u0131rmak istiyoruz&#8221; dedi.<\/p>\n<p>Konu\u015fmas\u0131nda YTB\u2019nin faaliyetlerine de\u011finen Bakan Eren, YTB\u2019nin birinci faaliyet alan\u0131n\u0131n yurt d\u0131\u015f\u0131nda ya\u015fayan T\u00fcrk vatanda\u015flar\u0131n\u0131n T\u00fcrkiye ile m\u00fcnasebetlerinin devam ettirilmesi y\u00f6n\u00fcnde \u00e7al\u0131\u015fmalar yapmak oldu\u011funu s\u00f6yledi. Ba\u015fkan Eren, kurumun ikinci faaliyet alan\u0131 olarak ise T\u00fcrkiye d\u0131\u015f\u0131ndaki akraba ve soyda\u015f topluluklara ili\u015fkin \u00e7al\u0131\u015fmalar ger\u00e7ekle\u015ftirdiklerini ve \u00fc\u00e7\u00fcnc\u00fc olarak da T\u00fcrkiye\u2019de e\u011fitim g\u00f6ren uluslararas\u0131 \u00f6\u011frencilere burs sa\u011flad\u0131klar\u0131n\u0131 aktard\u0131.<\/p>\n<p>YTB\u2019nin D\u0131\u015f Ekonomik \u0130li\u015fkiler Kurulu (DE\u0130K) \u00e7at\u0131s\u0131 alt\u0131nda bulunan \u00fclkelerin aras\u0131ndaki ticaret hacminin geli\u015ftirilmesine de katk\u0131 sunmaya gayret etti\u011fini belirten Eren, &#8220;T\u00fcrkiye ile Azerbaycan aras\u0131ndaki ili\u015fkilerin her alanda artt\u0131\u011f\u0131n\u0131 g\u00f6r\u00fcyoruz. \u2019Dilde, i\u015fte, fikirde birlik\u2019 anlay\u0131\u015f\u0131 \u00e7er\u00e7evesinde T\u00fcrkiye\u2019nin ba\u015fta Azerbaycan olmak \u00fczere T\u00fcrk d\u00fcnyas\u0131 ile ili\u015fkilerinin 21. y\u00fczy\u0131ldaki d\u0131\u015f politikas\u0131nda \u00e7ok merkezi bir konumda olaca\u011f\u0131na inan\u0131yoruz. Bu anlamda faaliyetlerimizi art\u0131rmaya \u00e7al\u0131\u015f\u0131yoruz. \u00d6n\u00fcm\u00fczdeki d\u00f6nemde de Azerbaycan\u2019la diaspora alan\u0131nda kurdu\u011fumuz i\u015f birli\u011fini art\u0131rmak istiyoruz&#8221; diye konu\u015ftu.<\/p>\n<p>Eren, Avrupa\u2019n\u0131n farkl\u0131 yerlerinde, T\u00fcrkiye\u2019nin g\u00fcney s\u0131n\u0131r\u0131nda olu\u015fturulmaya \u00e7al\u0131\u015f\u0131lan ter\u00f6r koridorunu yok etmek, b\u00f6lgeye bar\u0131\u015f ve huzuru getirmek amac\u0131yla ba\u015flat\u0131lan Bar\u0131\u015f P\u0131nar\u0131 Harekat\u0131\u2019na kar\u015f\u0131 PKK destek\u00e7ilerince g\u00f6steriler d\u00fczenlendi\u011fini hat\u0131rlatarak, &#8220;Bu g\u00f6sterilere kar\u015f\u0131 T\u00fcrk vatanda\u015flar\u0131n\u0131n yan\u0131nda Azerbaycan vatanda\u015flar\u0131n\u0131n birlik ve dayan\u0131\u015fmas\u0131n\u0131 g\u00f6r\u00fcyoruz. Da\u011fl\u0131k Karaba\u011f meselesinde de T\u00fcrk diasporas\u0131 bulundu\u011fu \u00fclkelerde meselenin Azerbaycan\u2019\u0131n perspektifinden d\u00fcnyaya anlat\u0131lmas\u0131 konusunda elinden geleni yapmaya gayret ediyor ve edecek\u201d \u015feklinde konu\u015ftu.<\/p>\n","protected":false},"excerpt":{"rendered":"<p>AZERBAYCAN&#8217;DA D\u00dcZENLENEN D\u00dcNYA T\u00dcRK \u0130\u015e KONSEY\u0130 (DT\u0130K) BAK\u00dc BULU\u015eMASI&#8217;NDA KONU\u015eAN YURTDI\u015eI T\u00dcRKLER VE AKRABA TOPLULUKLAR (YTB) BA\u015eKANI ABDULLAH EREN, \u201cT\u00dcRK\u0130YE \u0130LE AZERBAYCAN ARASINDAK\u0130 \u0130L\u0130\u015eK\u0130LER\u0130N HER ALANDA ARTTI\u011eINI G\u00d6R\u00dcYORUZ. &#8216;D\u0130LDE, \u0130\u015eTE, F\u0130K\u0130RDE B\u0130RL\u0130K&#8217; ANLAYI\u015eI \u00c7ER\u00c7EVES\u0130NDE T\u00dcRK\u0130YE&#8217;N\u0130N BA\u015eTA AZERBAYCAN OLMAK \u00dcZERE T\u00dcRK D\u00dcNYASI \u0130LE \u0130L\u0130\u015eK\u0130LER\u0130N\u0130N 21. Y\u00dcZYILDAK\u0130 DI\u015e POL\u0130T\u0130KASINDA \u00c7OK MERKEZ\u0130 B\u0130R KONUMDA OLACA\u011eINA \u0130NANIYORUZ\u201d DED\u0130.<\/p>\n","protected":false},"author":1,"featured_media":215495,"comment_status":"closed","ping_status":"open","sticky":false,"template":"","format":"standard","meta":{"jetpack_post_was_ever_published":false,"_jetpack_newsletter_access":"","_jetpack_dont_email_post_to_subs":false,"_jetpack_newsletter_tier_id":0,"_jetpack_memberships_contains_paywalled_content":false,"_jetpack_memberships_contains_paid_content":false,"footnotes":"","jetpack_publicize_message":"","jetpack_publicize_feature_enabled":true,"jetpack_social_post_already_shared":true,"jetpack_social_options":{"image_generator_settings":{"template":"highway","default_image_id":0,"font":"","enabled":false},"version":2}},"categories":[1],"tags":[216,125,105,6094,175,192,54476,27370,40567,295,17075,957,177,9766],"class_list":["post-215494","post","type-post","status-publish","format-standard","has-post-thumbnail","hentry","category-genel","tag-baskani","tag-bir","tag-cok","tag-dunyasi","tag-eren","tag-ile","tag-iliskilerinin","tag-inaniyoruz","tag-konumda","tag-merkezi","tag-olacagina","tag-turk","tag-turkiyenin","tag-ytb"],"jetpack_publicize_connections":[],"jetpack_featured_media_url":"https:\/\/i0.wp.com\/www.tvturk.com\/wp-content\/uploads\/2019\/10\/ytb-baskani-eren-turkiyenin-turk-dunyasi-ile-iliskilerinin-cok-merkezi-bir-konumda-olacagina-inaniyoruz_ab1baa0.jpg?fit=1000%2C666","jetpack_sharing_enabled":true,"jetpack_shortlink":"https:\/\/wp.me\/paKIfm-U3I","_links":{"self":[{"href":"http:\/\/www.tvturk.com\/index.php\/wp-json\/wp\/v2\/posts\/215494","targetHints":{"allow":["GET"]}}],"collection":[{"href":"http:\/\/www.tvturk.com\/index.php\/wp-json\/wp\/v2\/posts"}],"about":[{"href":"http:\/\/www.tvturk.com\/index.php\/wp-json\/wp\/v2\/types\/post"}],"author":[{"embeddable":true,"href":"http:\/\/www.tvturk.com\/index.php\/wp-json\/wp\/v2\/users\/1"}],"replies":[{"embeddable":true,"href":"http:\/\/www.tvturk.com\/index.php\/wp-json\/wp\/v2\/comments?post=215494"}],"version-history":[{"count":0,"href":"http:\/\/www.tvturk.com\/index.php\/wp-json\/wp\/v2\/posts\/215494\/revisions"}],"wp:featuredmedia":[{"embeddable":true,"href":"http:\/\/www.tvturk.com\/index.php\/wp-json\/wp\/v2\/media\/215495"}],"wp:attachment":[{"href":"http:\/\/www.tvturk.com\/index.php\/wp-json\/wp\/v2\/media?parent=215494"}],"wp:term":[{"taxonomy":"category","embeddable":true,"href":"http:\/\/www.tvturk.com\/index.php\/wp-json\/wp\/v2\/categories?post=215494"},{"taxonomy":"post_tag","embeddable":true,"href":"http:\/\/www.tvturk.com\/index.php\/wp-json\/wp\/v2\/tags?post=215494"}],"curies":[{"name":"wp","href":"https:\/\/api.w.org\/{rel}","templated":true}]}}