{"id":215588,"date":"2019-10-15T13:31:55","date_gmt":"2019-10-15T10:31:55","guid":{"rendered":"http:\/\/www.tvturk.com\/index.php\/allianz-teknik-deprem-ve-yangin-test-ve-egitim-merkezi-acildi\/"},"modified":"2019-10-15T13:31:55","modified_gmt":"2019-10-15T10:31:55","slug":"allianz-teknik-deprem-ve-yangin-test-ve-egitim-merkezi-acildi","status":"publish","type":"post","link":"http:\/\/www.tvturk.com\/index.php\/allianz-teknik-deprem-ve-yangin-test-ve-egitim-merkezi-acildi\/","title":{"rendered":"Allianz Teknik Deprem ve Yang\u0131n Test ve E\u011fitim Merkezi a\u00e7\u0131ld\u0131"},"content":{"rendered":"<p>Allianz T\u00fcrkiye\u2019nin Allianz Teknik Deprem ve Yang\u0131n Test ve E\u011fitim Merkezi a\u00e7\u0131l\u0131\u015f\u0131nda konu\u015fan Allianz T\u00fcrkiye \u0130cra Kurulu Ba\u015fkan\u0131 Tolga G\u00fcrkan, &#8220;Allianz Teknik ile deprem ve yang\u0131n konusunda toplumsal risk fark\u0131ndal\u0131\u011f\u0131n\u0131 art\u0131rmaya katk\u0131da bulunmay\u0131 hedefliyoruz. Bu kapsamda akademik \u00e7al\u0131\u015fmalar\u0131 destekleyece\u011fiz&#8221; dedi.<\/p>\n<p>Allianz T\u00fcrkiye\u2019nin, \u0130stanbul Beykoz\u2019daki T\u00fcrk-Alman \u00dcniversitesi kamp\u00fcs\u00fc i\u00e7inde hayata ge\u00e7irdi\u011fi Allianz Teknik Deprem ve Yang\u0131n Test ve E\u011fitim Merkezi ger\u00e7ekle\u015ftirilen a\u00e7\u0131l\u0131\u015f t\u00f6reniyle faaliyetlerine ba\u015flad\u0131. Merkez, 2 bin 500 metrekare alan \u00fczerine in\u015fa edilirken, bin 400 metrekare kapal\u0131 alan ve bin 100 metrekare a\u00e7\u0131k alana sahip oldu\u011fu kaydedildi. Deprem laboratuvar\u0131, deprem e\u011fitim salonu, deprem sim\u00fclasyonunun oldu\u011fu konferans salonu, edok ve spray odalar\u0131, yang\u0131n e\u011fitim salonu, yang\u0131n pompa odas\u0131, duman ka\u00e7\u0131\u015f sim\u00fclasyon odas\u0131, temiz yang\u0131n sim\u00fclasyonu ve yang\u0131na tepki laboratuvar\u0131 olmak \u00fczere toplam 10 ana b\u00f6l\u00fcmden olu\u015fuyor.<\/p>\n<p>Allianz T\u00fcrkiye \u0130cra Kurulu Ba\u015fkan\u0131 Tolga G\u00fcrkan\u2019\u0131n ev sahipli\u011finde d\u00fczenlenen t\u00f6rene Allianz Grubu Y\u00f6netim Kurulu \u00dcyesi Sergio Balbinot, Allianz Sigorta ile Allianz Hayat ve Emeklilik Y\u00f6netim Kurulu Ba\u015fkan\u0131 Cansen Ba\u015faran-Symes, Allianz T\u00fcrkiye \u0130cra Kurulu Ba\u015fkan Yard\u0131mc\u0131s\u0131 Arif Aytekin ve T\u00fcrk-Alman \u00dcniversitesi Rekt\u00f6r\u00fc Prof. Dr. Halil Akkanat kat\u0131ld\u0131.<\/p>\n<p>&#8220;\u00d6nlem alman\u0131n yolu toplumsal risk fark\u0131ndal\u0131\u011f\u0131 art\u0131rmaktan ge\u00e7iyor&#8221;<\/p>\n<p>Allianz T\u00fcrkiye \u0130cra Kurulu Ba\u015fkan\u0131 Tolga G\u00fcrkan a\u00e7\u0131l\u0131\u015fta yapt\u0131\u011f\u0131 konu\u015fmada Allianz Teknik Deprem ve Yang\u0131n Test ve E\u011fitim Merkezi ile toplumda risk fark\u0131ndal\u0131\u011f\u0131n\u0131 art\u0131rmaya katk\u0131da bulunmay\u0131 hedeflediklerini belirterek, &#8220;T\u00fcrkiye\u2019de yeni nesil sigortac\u0131l\u0131\u011f\u0131n \u00f6nc\u00fcs\u00fc olarak sekt\u00f6rde bir ilke daha imza at\u0131yoruz. AFAD\u2019a g\u00f6re T\u00fcrkiye\u2019de do\u011fal afetlerde en y\u00fcksek riski 9,3 puanla deprem ta\u015f\u0131yor. Ancak \u00fclkemizde her 10 ki\u015fiden 7\u2019si, herhangi bir inceleme yapt\u0131rmam\u0131\u015f olmas\u0131na ra\u011fmen evinin sa\u011flam oldu\u011funu d\u00fc\u015f\u00fcn\u00fcyor. Allianz\u2019\u0131n her y\u0131l yay\u0131mlad\u0131\u011f\u0131 k\u00fcresel i\u015f d\u00fcnyas\u0131 riskleri ara\u015ft\u0131rmas\u0131 \u2018Risk Barometresi\u2019nde yang\u0131n da, deprem gibi, \u00fclkemizin kar\u015f\u0131 ka\u015f\u0131ya oldu\u011fu ilk 10 risk aras\u0131nda yer al\u0131yor. Ge\u00e7en y\u0131l \u00fclkemizde ya\u015fad\u0131\u011f\u0131m\u0131z, etkileri ciddi boyutlara ula\u015fan yang\u0131nlar ve 27 Eyl\u00fcl\u2019de ger\u00e7ekle\u015fen 5,8\u2019lik deprem bizlere toplumsal risk fark\u0131ndal\u0131\u011f\u0131 konusunda daha gidecek \u00e7ok yolumuzun oldu\u011funu bir kez daha hat\u0131rlat\u0131yor. \u00dclkemizin kar\u015f\u0131 kar\u015f\u0131ya oldu\u011fu bu kritik riskler i\u00e7in at\u0131labilecek en \u00f6nemli ad\u0131m, risk meydana gelmeden \u00f6nlem alabilmek. Bunu ba\u015farman\u0131n yolu da hem bireysel hem de kurumsal fark\u0131ndal\u0131\u011f\u0131 art\u0131rmaktan ge\u00e7iyor. Biz de Allianz T\u00fcrkiye olarak hayalimizi i\u015fte tam da bu hedefle kurduk. Allianz Teknik ile \u00fclkemizin kar\u015f\u0131 kar\u015f\u0131ya oldu\u011fu deprem ve yang\u0131n tehlikelerine kar\u015f\u0131 toplumsal risk fark\u0131ndal\u0131\u011f\u0131n\u0131n art\u0131r\u0131lmas\u0131 ama\u00e7l\u0131yoruz&#8221; ifadelerini kulland\u0131.<\/p>\n<p>Konu\u015fmas\u0131na devam eden G\u00fcrkan, &#8220;30 milyon liral\u0131k yat\u0131r\u0131mla hayata ge\u00e7irilen Allianz Teknik, uluslararas\u0131 akreditasyon standartlar\u0131na uygun, bu \u00f6l\u00e7ekteki yang\u0131n ve deprem testlerini tek bir merkezde toplayan, T\u00fcrkiye\u2019nin ilk tesisi. T\u00fcrkiye\u2019deki toplumsal risk fark\u0131ndal\u0131\u011f\u0131n\u0131 art\u0131rma konusunda \u00f6nemli bir ad\u0131m olarak g\u00f6rd\u00fc\u011f\u00fcm\u00fcz merkezimizle deprem ve yang\u0131nlara kar\u015f\u0131 bilgilendirme \u00e7al\u0131\u015fmalar\u0131 yapaca\u011f\u0131z&#8221; \u015feklinde konu\u015ftu.<\/p>\n<p>&#8220;T\u00fcrkiye, uzun vadeli yat\u0131r\u0131m ajandam\u0131z\u0131n ilk s\u0131ralar\u0131nda yer al\u0131yor&#8221;<\/p>\n<p>Allianz Grubu\u2019nun faaliyet g\u00f6sterdi\u011fi co\u011frafyalar i\u00e7inde T\u00fcrkiye\u2019nin stratejik bir \u00f6neme sahip oldu\u011funu dile getiren Allianz Grubu Y\u00f6netim Kurulu \u00dcyesi Sergio Balbinot, &#8220;Sigortan\u0131n ekonomi i\u00e7indeki pay\u0131n\u0131n ve toplumdaki sigorta bilincinin art\u0131r\u0131lmas\u0131 a\u00e7\u0131s\u0131ndan da b\u00fcy\u00fck bir potansiyel ta\u015f\u0131yan T\u00fcrkiye, uzun vadeli yat\u0131r\u0131m ajandam\u0131z\u0131n ilk s\u0131ralar\u0131nda yer al\u0131yor. 2008 y\u0131l\u0131ndan bu yana yapt\u0131\u011f\u0131m\u0131z 1 milyar avroyu a\u015fk\u0131n yat\u0131r\u0131m, bu \u00fclkeye olan inanc\u0131m\u0131z\u0131n ve kal\u0131c\u0131l\u0131\u011f\u0131m\u0131z\u0131n en \u00f6nemli g\u00f6stergesi&#8221; diye konu\u015ftu.<\/p>\n","protected":false},"excerpt":{"rendered":"<p>TOLGA G\u00dcRKAN, SERG\u0130O BALB\u0130NOT, CANSEN BA\u015eARAN-SYMES,PROF. DR. HAL\u0130L AKKANAT, AR\u0130F AYTEK\u0130N.<\/p>\n","protected":false},"author":1,"featured_media":215589,"comment_status":"closed","ping_status":"open","sticky":false,"template":"","format":"standard","meta":{"jetpack_post_was_ever_published":false,"_jetpack_newsletter_access":"","_jetpack_dont_email_post_to_subs":false,"_jetpack_newsletter_tier_id":0,"_jetpack_memberships_contains_paywalled_content":false,"_jetpack_memberships_contains_paid_content":false,"footnotes":"","jetpack_publicize_message":"","jetpack_publicize_feature_enabled":true,"jetpack_social_post_already_shared":true,"jetpack_social_options":{"image_generator_settings":{"template":"highway","default_image_id":0,"font":"","enabled":false},"version":2}},"categories":[19],"tags":[288,18563,221,398,295,2082,8384,1617],"class_list":["post-215588","post","type-post","status-publish","format-standard","has-post-thumbnail","hentry","category-ekonomi","tag-acildi","tag-allianz","tag-deprem","tag-egitim","tag-merkezi","tag-teknik","tag-test","tag-yangin"],"jetpack_publicize_connections":[],"jetpack_featured_media_url":"https:\/\/i0.wp.com\/www.tvturk.com\/wp-content\/uploads\/2019\/10\/allianz-teknik-deprem-ve-yangin-test-ve-egitim-merkezi-acildi_893f80d.jpg?fit=1000%2C636","jetpack_sharing_enabled":true,"jetpack_shortlink":"https:\/\/wp.me\/paKIfm-U5e","_links":{"self":[{"href":"http:\/\/www.tvturk.com\/index.php\/wp-json\/wp\/v2\/posts\/215588","targetHints":{"allow":["GET"]}}],"collection":[{"href":"http:\/\/www.tvturk.com\/index.php\/wp-json\/wp\/v2\/posts"}],"about":[{"href":"http:\/\/www.tvturk.com\/index.php\/wp-json\/wp\/v2\/types\/post"}],"author":[{"embeddable":true,"href":"http:\/\/www.tvturk.com\/index.php\/wp-json\/wp\/v2\/users\/1"}],"replies":[{"embeddable":true,"href":"http:\/\/www.tvturk.com\/index.php\/wp-json\/wp\/v2\/comments?post=215588"}],"version-history":[{"count":0,"href":"http:\/\/www.tvturk.com\/index.php\/wp-json\/wp\/v2\/posts\/215588\/revisions"}],"wp:featuredmedia":[{"embeddable":true,"href":"http:\/\/www.tvturk.com\/index.php\/wp-json\/wp\/v2\/media\/215589"}],"wp:attachment":[{"href":"http:\/\/www.tvturk.com\/index.php\/wp-json\/wp\/v2\/media?parent=215588"}],"wp:term":[{"taxonomy":"category","embeddable":true,"href":"http:\/\/www.tvturk.com\/index.php\/wp-json\/wp\/v2\/categories?post=215588"},{"taxonomy":"post_tag","embeddable":true,"href":"http:\/\/www.tvturk.com\/index.php\/wp-json\/wp\/v2\/tags?post=215588"}],"curies":[{"name":"wp","href":"https:\/\/api.w.org\/{rel}","templated":true}]}}