{"id":21560,"date":"2019-02-11T14:01:04","date_gmt":"2019-02-11T11:01:04","guid":{"rendered":"http:\/\/www.tvturk.com\/index.php\/12-yil-hapisle-aranan-zanli-saklandigi-evde-yakalandi\/"},"modified":"2019-02-11T14:01:05","modified_gmt":"2019-02-11T11:01:05","slug":"12-yil-hapisle-aranan-zanli-saklandigi-evde-yakalandi","status":"publish","type":"post","link":"http:\/\/www.tvturk.com\/index.php\/12-yil-hapisle-aranan-zanli-saklandigi-evde-yakalandi\/","title":{"rendered":"12 y\u0131l hapisle aranan zanl\u0131 sakland\u0131\u011f\u0131 evde yakaland\u0131"},"content":{"rendered":"<p>AYDIN (\u0130HA) \u2013Ayd\u0131n\u2019\u0131n Ku\u015fadas\u0131 il\u00e7esinde, 12 y\u0131l 6 ay kesinle\u015fmi\u015f hapis cezas\u0131yla aranan uyu\u015fturucu zanl\u0131s\u0131, polisin sakland\u0131\u011f\u0131 eve d\u00fczenledi\u011fi eve d\u00fczenlenen operasyonla yakalanarak cezaevine g\u00f6nderildi.<\/p>\n<p>Edinilen bilgiye g\u00f6re; Ku\u015fadas\u0131 \u0130l\u00e7e Emniyet M\u00fcd\u00fcrl\u00fc\u011f\u00fc Narkotik Su\u00e7larla M\u00fccadele Grup Amirli\u011fi taraf\u0131ndan uyu\u015fturucu ile etkin m\u00fccadele kapsam\u0131nda yap\u0131lan \u00e7ok y\u00f6nl\u00fc \u00e7al\u0131\u015fmalarda; uyu\u015fturucu madde ticareti yapmak su\u00e7lamas\u0131 ile aranan ve hakk\u0131nda 12 y\u0131l 6 ay kesinle\u015fmi\u015f hapis cezas\u0131 bulunan S.G\u2019nin (32) Davutlar Mahallesindeki bir sitede bulunan yazl\u0131kta saklad\u0131\u011f\u0131 tespit edildi. Zanl\u0131n\u0131n yakalanmas\u0131 i\u00e7in yap\u0131lan \u00e7al\u0131\u015fmalarda, site \u00e7evresinde ve evin etraf\u0131nda g\u00fcvenlik tedbirleri al\u0131nd\u0131ktan sonra eve operasyon d\u00fczenlendi.<\/p>\n<p>S.G., yap\u0131lan operasyon sonucu sakland\u0131\u011f\u0131 evde k\u0131sk\u0131vrak yakalanarak g\u00f6zalt\u0131na al\u0131nd\u0131. Emniyetteki i\u015flemlerinin ard\u0131ndan adl\u0131 makamlara sevk edilen zanl\u0131, \u00e7\u0131kar\u0131ld\u0131\u011f\u0131 mahkeme taraf\u0131ndan tutuklanarak cezaevine g\u00f6nderildi.<div class=\"tiled-gallery type-rectangular tiled-gallery-unresized\" data-original-width=\"500\" data-carousel-extra='null' itemscope itemtype=\"http:\/\/schema.org\/ImageGallery\" > <div class=\"gallery-row\" style=\"width: 500px; height: 504px;\" data-original-width=\"500\" data-original-height=\"504\" > <div class=\"gallery-group images-1\" style=\"width: 500px; height: 504px;\" data-original-width=\"500\" data-original-height=\"504\" > <div class=\"tiled-gallery-item tiled-gallery-item-large\" itemprop=\"associatedMedia\" itemscope itemtype=\"http:\/\/schema.org\/ImageObject\"> <a href=\"http:\/\/www.tvturk.com\/index.php\/12-yil-hapisle-aranan-zanli-saklandigi-evde-yakalandi\/12-yil-hapisle-aranan-zanli-saklandigi-evde-yakalandi-3\/\" border=\"0\" itemprop=\"url\"> <meta itemprop=\"width\" content=\"496\"> <meta itemprop=\"height\" content=\"500\"> <img decoding=\"async\" class=\"\" data-attachment-id=\"21562\" data-orig-file=\"http:\/\/www.tvturk.com\/wp-content\/uploads\/2019\/02\/12-yil-hapisle-aranan-zanli-saklandigi-evde-yakalandi_8040da2.jpg\" data-orig-size=\"458,462\" data-comments-opened=\"\" data-image-meta=\"{&quot;aperture&quot;:&quot;0&quot;,&quot;credit&quot;:&quot;IHA&quot;,&quot;camera&quot;:&quot;&quot;,&quot;caption&quot;:&quot;AYDIN\\u2019IN KU\\u015eADASI \\u0130L\\u00c7ES\\u0130NDE, 12 YIL 6 AY KES\\u0130NLE\\u015eM\\u0130\\u015e HAP\\u0130S CEZASIYLA ARANAN UYU\\u015eTURUCU ZANLISI, POL\\u0130S\\u0130N SAKLANDI\\u011eI EVE D\\u00dcZENLED\\u0130\\u011e\\u0130 EVE D\\u00dcZENLENEN OPERASYONLA YAKALANARAK CEZAEV\\u0130NE G\\u00d6NDER\\u0130LD\\u0130. (ZAFER HACISAL\\u0130HO\\u011eLU\\\/AYDIN-\\u0130HA)&quot;,&quot;created_timestamp&quot;:&quot;0&quot;,&quot;copyright&quot;:&quot;\\u0130HLAS HABER AJANSI, www.iha.com.tr&quot;,&quot;focal_length&quot;:&quot;0&quot;,&quot;iso&quot;:&quot;0&quot;,&quot;shutter_speed&quot;:&quot;0&quot;,&quot;title&quot;:&quot;12 YIL HAP\\u0130SLE ARANAN ZANLI SAKLANDI\\u011eI EVDE YAKALANDI&quot;,&quot;orientation&quot;:&quot;0&quot;}\" data-image-title=\"12 y\u0131l hapisle aranan zanl\u0131 sakland\u0131\u011f\u0131 evde yakaland\u0131\" data-image-description=\"&lt;p&gt;12 y\u0131l hapisle aranan zanl\u0131 sakland\u0131\u011f\u0131 evde yakaland\u0131&lt;\/p&gt; \" data-medium-file=\"https:\/\/i0.wp.com\/www.tvturk.com\/wp-content\/uploads\/2019\/02\/12-yil-hapisle-aranan-zanli-saklandigi-evde-yakalandi_8040da2.jpg?fit=297%2C300\" data-large-file=\"https:\/\/i0.wp.com\/www.tvturk.com\/wp-content\/uploads\/2019\/02\/12-yil-hapisle-aranan-zanli-saklandigi-evde-yakalandi_8040da2.jpg?fit=458%2C462\" src=\"https:\/\/i0.wp.com\/www.tvturk.com\/wp-content\/uploads\/2019\/02\/12-yil-hapisle-aranan-zanli-saklandigi-evde-yakalandi_8040da2.jpg?w=496&#038;h=500\" srcset=\"https:\/\/i0.wp.com\/www.tvturk.com\/wp-content\/uploads\/2019\/02\/12-yil-hapisle-aranan-zanli-saklandigi-evde-yakalandi_8040da2.jpg?w=458 458w, https:\/\/i0.wp.com\/www.tvturk.com\/wp-content\/uploads\/2019\/02\/12-yil-hapisle-aranan-zanli-saklandigi-evde-yakalandi_8040da2.jpg?resize=150%2C150 150w, https:\/\/i0.wp.com\/www.tvturk.com\/wp-content\/uploads\/2019\/02\/12-yil-hapisle-aranan-zanli-saklandigi-evde-yakalandi_8040da2.jpg?resize=297%2C300 297w\" width=\"496\" height=\"500\" loading=\"lazy\" data-original-width=\"496\" data-original-height=\"500\" itemprop=\"http:\/\/schema.org\/image\" title=\"12 y\u0131l hapisle aranan zanl\u0131 sakland\u0131\u011f\u0131 evde yakaland\u0131\" alt=\"12 y\u0131l hapisle aranan zanl\u0131 sakland\u0131\u011f\u0131 evde yakaland\u0131\" style=\"width: 496px; height: 500px;\" \/> <\/a> <\/div> <\/div> <!-- close group --> <\/div> <!-- close row --> <\/div><\/p>\n","protected":false},"excerpt":{"rendered":"<p>AYDIN\u2019IN KU\u015eADASI \u0130L\u00c7ES\u0130NDE, 12 YIL 6 AY KES\u0130NLE\u015eM\u0130\u015e HAP\u0130S CEZASIYLA ARANAN UYU\u015eTURUCU ZANLISI, POL\u0130S\u0130N SAKLANDI\u011eI EVE D\u00dcZENLED\u0130\u011e\u0130 EVE D\u00dcZENLENEN OPERASYONLA YAKALANARAK CEZAEV\u0130NE G\u00d6NDER\u0130LD\u0130.<\/p>\n","protected":false},"author":1,"featured_media":21561,"comment_status":"closed","ping_status":"open","sticky":false,"template":"","format":"standard","meta":{"jetpack_post_was_ever_published":false,"_jetpack_newsletter_access":"","_jetpack_dont_email_post_to_subs":false,"_jetpack_newsletter_tier_id":0,"_jetpack_memberships_contains_paywalled_content":false,"_jetpack_memberships_contains_paid_content":false,"footnotes":"","jetpack_publicize_message":"","jetpack_publicize_feature_enabled":true,"jetpack_social_post_already_shared":false,"jetpack_social_options":{"image_generator_settings":{"template":"highway","default_image_id":0,"font":"","enabled":false},"version":2}},"categories":[655],"tags":[4714,1861,3601,9301,1010,231,2483],"class_list":["post-21560","post","type-post","status-publish","format-standard","has-post-thumbnail","hentry","category-son-dakika","tag-evde","tag-aranan","tag-hapisle","tag-saklandigi","tag-yakalandi","tag-yil","tag-zanli"],"jetpack_publicize_connections":[],"jetpack_featured_media_url":"https:\/\/i0.wp.com\/www.tvturk.com\/wp-content\/uploads\/2019\/02\/12-yil-hapisle-aranan-zanli-saklandigi-evde-yakalandi_42cf4fd.jpg?fit=658%2C567","jetpack_sharing_enabled":true,"jetpack_shortlink":"https:\/\/wp.me\/paKIfm-5BK","_links":{"self":[{"href":"http:\/\/www.tvturk.com\/index.php\/wp-json\/wp\/v2\/posts\/21560","targetHints":{"allow":["GET"]}}],"collection":[{"href":"http:\/\/www.tvturk.com\/index.php\/wp-json\/wp\/v2\/posts"}],"about":[{"href":"http:\/\/www.tvturk.com\/index.php\/wp-json\/wp\/v2\/types\/post"}],"author":[{"embeddable":true,"href":"http:\/\/www.tvturk.com\/index.php\/wp-json\/wp\/v2\/users\/1"}],"replies":[{"embeddable":true,"href":"http:\/\/www.tvturk.com\/index.php\/wp-json\/wp\/v2\/comments?post=21560"}],"version-history":[{"count":1,"href":"http:\/\/www.tvturk.com\/index.php\/wp-json\/wp\/v2\/posts\/21560\/revisions"}],"predecessor-version":[{"id":21563,"href":"http:\/\/www.tvturk.com\/index.php\/wp-json\/wp\/v2\/posts\/21560\/revisions\/21563"}],"wp:featuredmedia":[{"embeddable":true,"href":"http:\/\/www.tvturk.com\/index.php\/wp-json\/wp\/v2\/media\/21561"}],"wp:attachment":[{"href":"http:\/\/www.tvturk.com\/index.php\/wp-json\/wp\/v2\/media?parent=21560"}],"wp:term":[{"taxonomy":"category","embeddable":true,"href":"http:\/\/www.tvturk.com\/index.php\/wp-json\/wp\/v2\/categories?post=21560"},{"taxonomy":"post_tag","embeddable":true,"href":"http:\/\/www.tvturk.com\/index.php\/wp-json\/wp\/v2\/tags?post=21560"}],"curies":[{"name":"wp","href":"https:\/\/api.w.org\/{rel}","templated":true}]}}