{"id":215610,"date":"2019-10-15T13:47:30","date_gmt":"2019-10-15T10:47:30","guid":{"rendered":"http:\/\/www.tvturk.com\/index.php\/alman-medyasi-millilerin-selamini-hazmedemedi\/"},"modified":"2019-10-15T13:47:30","modified_gmt":"2019-10-15T10:47:30","slug":"alman-medyasi-millilerin-selamini-hazmedemedi","status":"publish","type":"post","link":"http:\/\/www.tvturk.com\/index.php\/alman-medyasi-millilerin-selamini-hazmedemedi\/","title":{"rendered":"Alman medyas\u0131 millilerin selam\u0131n\u0131 hazmedemedi!"},"content":{"rendered":"<p>Alman bas\u0131n\u0131, A Milli Futbol Tak\u0131m\u0131\u2019n\u0131n 2020 Avrupa \u015eampiyonas\u0131 Elemeleri\u2019nde kar\u015f\u0131la\u015ft\u0131\u011f\u0131 Fransa m\u00fccadelesinde beraberli\u011fi yakalad\u0131\u011f\u0131 gol\u00fcn ard\u0131ndan verdi\u011fi asker selam\u0131n\u0131 \u2019skandal\u2019 olarak de\u011ferlendirdi.<\/p>\n<p>2020 Avrupa Futbol \u015eampiyonas\u0131 Elemeleri H grubu 8. ma\u00e7\u0131nda A Milli Futbol Tak\u0131m\u0131, deplasmanda kar\u015f\u0131la\u015ft\u0131\u011f\u0131 Fransa ile 1-1 berabere kalarak, 2020 Avrupa Futbol \u015eampiyonas\u0131\u2019na gitme yolunda b\u00fcy\u00fck avantaj yakalad\u0131. M\u00fccadelenin 81. dakikas\u0131nda Kaan Ayhan\u2019\u0131n beraberli\u011fi getiren gol\u00fc atmas\u0131yla milliler b\u00fcy\u00fck sevin\u00e7 ya\u015farken, Suriye\u2019nin kuzeyinde d\u00fczenlenen Bar\u0131\u015f P\u0131nar\u0131 Harekat\u0131\u2019nda g\u00f6rev yapan askerleri de unutmad\u0131. Golden sonra millilerin asker selam\u0131 vermesi, Alman bas\u0131n\u0131nda skandal olarak haberle\u015ftirildi.<\/p>\n<p>Alman Bild gazetesi &#8220;Avrupa \u015eampiyonas\u0131\u2019nda skandal gece&#8221; ba\u015fl\u0131\u011f\u0131yla verdi\u011fi haberde T\u00fcrk milli tak\u0131m\u0131n\u0131n att\u0131\u011f\u0131 gol sonras\u0131 T\u00fcrk seyircilerinin \u00f6n\u00fcne giderek asker selam\u0131 vermesini &#8220;Skandal&#8221; olarak haberle\u015ftirdi. Gazetede, \u201cUEFA\u2019n\u0131n soru\u015fturmas\u0131na ra\u011fmen T\u00fcrk futbolcular asker selam\u0131 verdi\u201d ifadeleri kullan\u0131ld\u0131.<\/p>\n<p>Focus Onlin sitesi ise \u2018T\u00fcrk futbolcular skandal\u0131 tekrarlad\u0131lar\u2019 ba\u015fl\u0131\u011f\u0131 at\u0131lan haberde  \u201cT\u00fcrkiye\u2019nin Suriye\u2019nin Kuzeyine yapt\u0131\u011f\u0131 askeri harekat bir\u00e7ok \u00fclke taraf\u0131ndan ele\u015ftirilirken, T\u00fcrk milli tak\u0131m oyuncular\u0131n\u0131n askerleri selamlamas\u0131 \u2018Skandald\u0131r\u2019 denildi.<\/p>\n<p>Spiegel Online sitesi ise ay-y\u0131ld\u0131zl\u0131lar\u0131n selam\u0131n\u0131 &#8220;UEFA\u2019n\u0131n yasa\u011f\u0131na ra\u011fmen selam durdular&#8221;  ba\u015fl\u0131\u011f\u0131yla verdi\u011fi haberinde \u201cT\u00fcrk oyuncular att\u0131klar\u0131 golden sonra ve ma\u00e7\u0131n bitiminde de Suriye\u2019de bulunan askerlerinin yan\u0131nda olduklar\u0131 anlam\u0131na gelen eylem UEFA taraf\u0131ndan soru\u015fturuluyor\u201d ifadelerine yer verildi.<\/p>\n","protected":false},"excerpt":{"rendered":"<p>ALMAN BASINI, A M\u0130LL\u0130 FUTBOL TAKIMI\u2019NIN 2020 AVRUPA \u015eAMP\u0130YONASI ELEMELER\u0130\u2019NDE KAR\u015eILA\u015eTI\u011eI FRANSA M\u00dcCADELES\u0130NDE BERABERL\u0130\u011e\u0130 YAKALADI\u011eI GOL\u00dcN ARDINDAN VERD\u0130\u011e\u0130 ASKER SELAMINI &#8216;SKANDAL&#8217; OLARAK DE\u011eERLEND\u0130RD\u0130.<\/p>\n","protected":false},"author":1,"featured_media":215611,"comment_status":"closed","ping_status":"open","sticky":false,"template":"","format":"standard","meta":{"jetpack_post_was_ever_published":false,"_jetpack_newsletter_access":"","_jetpack_dont_email_post_to_subs":false,"_jetpack_newsletter_tier_id":0,"_jetpack_memberships_contains_paywalled_content":false,"_jetpack_memberships_contains_paid_content":false,"footnotes":"","jetpack_publicize_message":"","jetpack_publicize_feature_enabled":true,"jetpack_social_post_already_shared":true,"jetpack_social_options":{"image_generator_settings":{"template":"highway","default_image_id":0,"font":"","enabled":false},"version":2}},"categories":[657],"tags":[2536,54511,24698,26804,54264],"class_list":["post-215610","post","type-post","status-publish","format-standard","has-post-thumbnail","hentry","category-spor","tag-alman","tag-hazmedemedi","tag-medyasi","tag-millilerin","tag-selamini"],"jetpack_publicize_connections":[],"jetpack_featured_media_url":"https:\/\/i0.wp.com\/www.tvturk.com\/wp-content\/uploads\/2019\/10\/alman-medyasi-millilerin-selamini-hazmedemedi_260d715.jpg?fit=542%2C407","jetpack_sharing_enabled":true,"jetpack_shortlink":"https:\/\/wp.me\/paKIfm-U5A","_links":{"self":[{"href":"http:\/\/www.tvturk.com\/index.php\/wp-json\/wp\/v2\/posts\/215610","targetHints":{"allow":["GET"]}}],"collection":[{"href":"http:\/\/www.tvturk.com\/index.php\/wp-json\/wp\/v2\/posts"}],"about":[{"href":"http:\/\/www.tvturk.com\/index.php\/wp-json\/wp\/v2\/types\/post"}],"author":[{"embeddable":true,"href":"http:\/\/www.tvturk.com\/index.php\/wp-json\/wp\/v2\/users\/1"}],"replies":[{"embeddable":true,"href":"http:\/\/www.tvturk.com\/index.php\/wp-json\/wp\/v2\/comments?post=215610"}],"version-history":[{"count":0,"href":"http:\/\/www.tvturk.com\/index.php\/wp-json\/wp\/v2\/posts\/215610\/revisions"}],"wp:featuredmedia":[{"embeddable":true,"href":"http:\/\/www.tvturk.com\/index.php\/wp-json\/wp\/v2\/media\/215611"}],"wp:attachment":[{"href":"http:\/\/www.tvturk.com\/index.php\/wp-json\/wp\/v2\/media?parent=215610"}],"wp:term":[{"taxonomy":"category","embeddable":true,"href":"http:\/\/www.tvturk.com\/index.php\/wp-json\/wp\/v2\/categories?post=215610"},{"taxonomy":"post_tag","embeddable":true,"href":"http:\/\/www.tvturk.com\/index.php\/wp-json\/wp\/v2\/tags?post=215610"}],"curies":[{"name":"wp","href":"https:\/\/api.w.org\/{rel}","templated":true}]}}