{"id":215686,"date":"2019-10-15T15:46:34","date_gmt":"2019-10-15T12:46:34","guid":{"rendered":"http:\/\/www.tvturk.com\/index.php\/nar-festivalinde-suriyelilerden-dunyaya-baris-mesaji\/"},"modified":"2019-10-15T15:46:34","modified_gmt":"2019-10-15T12:46:34","slug":"nar-festivalinde-suriyelilerden-dunyaya-baris-mesaji","status":"publish","type":"post","link":"http:\/\/www.tvturk.com\/index.php\/nar-festivalinde-suriyelilerden-dunyaya-baris-mesaji\/","title":{"rendered":"Nar festivalinde Suriyelilerden d\u00fcnyaya bar\u0131\u015f mesaj\u0131"},"content":{"rendered":"<p>\u0130dlib\u2019in Darku\u015f b\u00f6lgesinde d\u00fczenlenen Nar festivalinde Suriyeliler, d\u00fcnyaya bar\u0131\u015f mesajlar\u0131n\u0131 iletti.<\/p>\n<p>T\u00fcrk Silahl\u0131 Kuvvetleri (TSK) ve Suriye Milli Ordusu (SMO) ile Suriye\u2019nin kuzeyinde YPG\/PKK ve DEA\u015e ter\u00f6r \u00f6rg\u00fctlerine y\u00f6nelik Bar\u0131\u015f P\u0131nar\u0131 Harekat\u0131 devam ediyor. \u0130dlib\u2019in Darku\u015f b\u00f6lgesinde sivillerin bar\u0131\u015f taleplerini iletmek i\u00e7in belediye ve sivil toplum \u00f6rg\u00fctleri taraf\u0131ndan Nar Festivali d\u00fczenlendi. Festivalde nar \u00e7e\u015fitleri tan\u0131t\u0131l\u0131p, d\u00fczenlenen yar\u0131\u015fmalarda kazananlara \u00f6d\u00fcl verildi. Festival kapsam\u0131nda, y\u00f6resel yemekler ile el sanatlar\u0131 tan\u0131t\u0131l\u0131rken Nar\u2019dan yap\u0131lan hediyelik e\u015fya tezgahlar\u0131 kuruldu. Festivalde ayr\u0131ca \u015fiir ve tekne yar\u0131\u015fmalar\u0131 ger\u00e7ekle\u015ftirildi. &#8220;Katillerin silahlardan ya\u015fam \u00fcretebiliriz\u201d yaz\u0131l\u0131 f\u00fczelere nar fidanlar\u0131n\u0131n ekildi\u011fi festivalde, siviller d\u00fcnyaya bar\u0131\u015f mesajlar\u0131n\u0131 iletti. Festivalde Suriye Milli Ordusu bayra\u011f\u0131 da nar fidanlar\u0131yla s\u00fcslendi.<\/p>\n<p>B\u00f6lgenin Belediye Meclisi Ba\u015fkan\u0131 Nazir Kaada, \u201cBu festival yoluyla Rejime bir mesaj iletmek istiyoruz. Halk normal bir hayat ya\u015famak istiyor. Kendi \u00fclkemizde kalmak istiyoruz. Rejim ve onu destekleyen \u00fclkelerin bunu bilmesi gerek. Siviller ter\u00f6rist de\u011fildir\u201d dedi.<\/p>\n<p>Kad\u0131n \u00f6rg\u00fct\u00fc lideri Fatma Karma\u015f, \u201cSergilenen \u00fcr\u00fcnler, Suriyeli kad\u0131nlar taraf\u0131ndan \u00e7ocuklar\u0131n mutlu edilmesi ve onlara destek vermek i\u00e7in sat\u0131ld\u0131\u201d diye konu\u015ftu. Etkinli\u011fe kat\u0131lan bir di\u011fer ki\u015fi ise \u201cB\u00fct\u00fcn ya\u015fad\u0131\u011f\u0131m\u0131z problemlere ra\u011fmen yeniden ayakta durabilece\u011fimizi vurguluyoruz, ekti\u011fimiz tohum silahtan daha g\u00fc\u00e7l\u00fcd\u00fcr\u201d dedi.<\/p>\n","protected":false},"excerpt":{"rendered":"<p>\u0130DL\u0130B&#8217;\u0130N DARKU\u015e B\u00d6LGES\u0130NDE D\u00dcZENLENEN NAR FEST\u0130VAL\u0130NDE SUR\u0130YEL\u0130LER, D\u00dcNYAYA BARI\u015e MESAJLARINI \u0130LETT\u0130.<\/p>\n","protected":false},"author":1,"featured_media":215687,"comment_status":"closed","ping_status":"open","sticky":false,"template":"","format":"standard","meta":{"jetpack_post_was_ever_published":false,"_jetpack_newsletter_access":"","_jetpack_dont_email_post_to_subs":false,"_jetpack_newsletter_tier_id":0,"_jetpack_memberships_contains_paywalled_content":false,"_jetpack_memberships_contains_paid_content":false,"footnotes":"","jetpack_publicize_message":"","jetpack_publicize_feature_enabled":true,"jetpack_social_post_already_shared":true,"jetpack_social_options":{"image_generator_settings":{"template":"highway","default_image_id":0,"font":"","enabled":false},"version":2}},"categories":[10],"tags":[4256,2124,7453,3121,44869,35577],"class_list":["post-215686","post","type-post","status-publish","format-standard","has-post-thumbnail","hentry","category-dunya","tag-baris","tag-dunyaya","tag-festivalinde","tag-mesaji","tag-nar","tag-suriyelilerden"],"jetpack_publicize_connections":[],"jetpack_featured_media_url":"https:\/\/i0.wp.com\/www.tvturk.com\/wp-content\/uploads\/2019\/10\/nar-festivalinde-suriyelilerden-dunyaya-baris-mesaji_8ab4f4c.jpg?fit=1000%2C750","jetpack_sharing_enabled":true,"jetpack_shortlink":"https:\/\/wp.me\/paKIfm-U6O","_links":{"self":[{"href":"http:\/\/www.tvturk.com\/index.php\/wp-json\/wp\/v2\/posts\/215686","targetHints":{"allow":["GET"]}}],"collection":[{"href":"http:\/\/www.tvturk.com\/index.php\/wp-json\/wp\/v2\/posts"}],"about":[{"href":"http:\/\/www.tvturk.com\/index.php\/wp-json\/wp\/v2\/types\/post"}],"author":[{"embeddable":true,"href":"http:\/\/www.tvturk.com\/index.php\/wp-json\/wp\/v2\/users\/1"}],"replies":[{"embeddable":true,"href":"http:\/\/www.tvturk.com\/index.php\/wp-json\/wp\/v2\/comments?post=215686"}],"version-history":[{"count":0,"href":"http:\/\/www.tvturk.com\/index.php\/wp-json\/wp\/v2\/posts\/215686\/revisions"}],"wp:featuredmedia":[{"embeddable":true,"href":"http:\/\/www.tvturk.com\/index.php\/wp-json\/wp\/v2\/media\/215687"}],"wp:attachment":[{"href":"http:\/\/www.tvturk.com\/index.php\/wp-json\/wp\/v2\/media?parent=215686"}],"wp:term":[{"taxonomy":"category","embeddable":true,"href":"http:\/\/www.tvturk.com\/index.php\/wp-json\/wp\/v2\/categories?post=215686"},{"taxonomy":"post_tag","embeddable":true,"href":"http:\/\/www.tvturk.com\/index.php\/wp-json\/wp\/v2\/tags?post=215686"}],"curies":[{"name":"wp","href":"https:\/\/api.w.org\/{rel}","templated":true}]}}