{"id":215706,"date":"2019-10-15T16:16:54","date_gmt":"2019-10-15T13:16:54","guid":{"rendered":"http:\/\/www.tvturk.com\/index.php\/yaban-hayatta-kuduz-vakalarinin-onlenmesi-icin-ucakla-asilama-basladi\/"},"modified":"2019-10-15T16:16:54","modified_gmt":"2019-10-15T13:16:54","slug":"yaban-hayatta-kuduz-vakalarinin-onlenmesi-icin-ucakla-asilama-basladi","status":"publish","type":"post","link":"http:\/\/www.tvturk.com\/index.php\/yaban-hayatta-kuduz-vakalarinin-onlenmesi-icin-ucakla-asilama-basladi\/","title":{"rendered":"Yaban hayatta kuduz vakalar\u0131n\u0131n \u00f6nlenmesi i\u00e7in u\u00e7akla a\u015f\u0131lama ba\u015flad\u0131"},"content":{"rendered":"<p>Denizli \u0130l Tar\u0131m ve Orman M\u00fcd\u00fcrl\u00fc\u011f\u00fc\u2019nden yap\u0131lan a\u00e7\u0131klamada, kentte yaban hayat kaynakl\u0131 kuduz hastal\u0131\u011f\u0131n\u0131n \u00f6n\u00fcne ge\u00e7mek amac\u0131yla ormanl\u0131k ve k\u0131rsal alanlara u\u00e7akla havadan a\u015f\u0131lama \u00e7al\u0131\u015fmalar\u0131na ba\u015fland\u0131\u011f\u0131 kaydedildi.<\/p>\n<p>Konu ile ilgili yap\u0131lan yaz\u0131l\u0131 a\u00e7\u0131klamada, Tar\u0131m ve Orman Bakanl\u0131\u011f\u0131 taraf\u0131ndan, Avrupa Birli\u011fi\u2019nin (AB) deste\u011fi ile &#8220;T\u00fcrkiye\u2019de Kuduz Hastal\u0131\u011f\u0131na Kar\u015f\u0131 Oral A\u015f\u0131 Temini&#8221; projesi kapsam\u0131nda yaban hayat\u0131 kaynakl\u0131 kuduz hastal\u0131\u011f\u0131n\u0131n g\u00f6r\u00fcld\u00fc\u011f\u00fc ormanl\u0131k ve k\u0131rsal alanlara 3 y\u0131l s\u00fcreyle y\u0131lda iki kez olmak \u00fczere toplam alt\u0131 d\u00f6nem a\u015f\u0131lama \u00e7al\u0131\u015fmas\u0131 y\u00fcr\u00fct\u00fclece\u011fi kaydedildi. A\u00e7\u0131klamada, &#8220;Her bir d\u00f6nemde 4,5 milyon, toplamda 27 milyon a\u015f\u0131l\u0131 yem ile a\u015f\u0131lama \u00e7al\u0131\u015fmas\u0131 y\u00fcr\u00fct\u00fclecek. Daha \u00f6nce ilgililere duyurusu yap\u0131lan 2019 y\u0131l\u0131 sonbahar a\u015f\u0131lama kampanyas\u0131 bug\u00fcnden itibaren \u00c7ardak Havaliman\u0131\u2019ndan kalkan u\u00e7aklarla ba\u015flad\u0131. Denizli \u0130l Tar\u0131m ve Orman M\u00fcd\u00fcrl\u00fc\u011f\u00fc Veteriner Hekimleri denetiminde yap\u0131lacak olan a\u015f\u0131lamalar ormanl\u0131k alanlara u\u00e7aktan a\u015f\u0131l\u0131 yem at\u0131lmas\u0131 \u015feklinde ger\u00e7ekle\u015ftirilecek.<\/p>\n<p>T\u00fcrkiye\u2019de tilki kaynakl\u0131 kuduz hastal\u0131\u011f\u0131 \u00c7anakkale, Bal\u0131kesir, \u0130zmir, Manisa ve Ayd\u0131n ba\u015fta olmak \u00fczere Ege B\u00f6lgesi, Orta Anadolu ve Do\u011fu Anadolu\u2019daki baz\u0131 illerde rastlan\u0131lmaktad\u0131r. Yaban hayat\u0131n\u0131n \u015fehirler ile daha i\u00e7li d\u0131\u015fl\u0131 olmas\u0131 nedeniyle sokak k\u00f6peklerinden tilkilere bula\u015fan hastal\u0131\u011f\u0131n, tilkiler aras\u0131ndaki varl\u0131\u011f\u0131n\u0131 s\u00fcrekli k\u0131lmaktad\u0131r. \u0130nsanlar i\u00e7in zararl\u0131 olmayan a\u015f\u0131l\u0131 yemler \u00f6zellikle tilkiler i\u00e7in geli\u015ftirildi\u011finden yaban hayat\u0131nda bulunan di\u011fer hayvanlar\u0131n a\u015f\u0131l\u0131 yemi yemesinin bir zarar\u0131 yoktur. Ancak temas edildi\u011fi takdirde insan kokusu sinece\u011finden yemin tilkiler i\u00e7in \u00e7ekicili\u011fi azal\u0131r. A\u00e7\u0131lm\u0131\u015f kaps\u00fclle temas eden ki\u015filerin \u00f6nce kaps\u00fclle temas eden v\u00fccut b\u00f6lgelerini su ve sabunla y\u0131kamalar\u0131 ve en k\u0131sa s\u00fcrede bir sa\u011fl\u0131k kurulu\u015funa ba\u015fvurmalar\u0131 gerekmektedir\u201d ifadelerine yer verildi.<\/p>\n","protected":false},"excerpt":{"rendered":"<p>DEN\u0130ZL\u0130 \u0130L TARIM VE ORMAN M\u00dcD\u00dcRL\u00dc\u011e\u00dc\u2019NDEN YAPILAN A\u00c7IKLAMADA, KENTTE YABAN HAYAT KAYNAKLI KUDUZ HASTALI\u011eININ \u00d6N\u00dcNE GE\u00c7MEK AMACIYLA ORMANLIK VE KIRSAL ALANLARA U\u00c7AKLA HAVADAN A\u015eILAMA \u00c7ALI\u015eMALARINA BA\u015eLANDI\u011eI KAYDED\u0130LD\u0130.<\/p>\n","protected":false},"author":1,"featured_media":215707,"comment_status":"closed","ping_status":"open","sticky":false,"template":"","format":"standard","meta":{"jetpack_post_was_ever_published":false,"_jetpack_newsletter_access":"","_jetpack_dont_email_post_to_subs":false,"_jetpack_newsletter_tier_id":0,"_jetpack_memberships_contains_paywalled_content":false,"_jetpack_memberships_contains_paid_content":false,"footnotes":"","jetpack_publicize_message":"","jetpack_publicize_feature_enabled":true,"jetpack_social_post_already_shared":true,"jetpack_social_options":{"image_generator_settings":{"template":"highway","default_image_id":0,"font":"","enabled":false},"version":2}},"categories":[1],"tags":[32872,55,18327,44,6840,40266,25609,33934,4096],"class_list":["post-215706","post","type-post","status-publish","format-standard","has-post-thumbnail","hentry","category-genel","tag-asilama","tag-basladi","tag-hayatta","tag-icin","tag-kuduz","tag-onlenmesi","tag-ucakla","tag-vakalarinin","tag-yaban"],"jetpack_publicize_connections":[],"jetpack_featured_media_url":"https:\/\/i0.wp.com\/www.tvturk.com\/wp-content\/uploads\/2019\/10\/yaban-hayatta-kuduz-vakalarinin-onlenmesi-icin-ucakla-asilama-basladi_6ee4c65.jpg?fit=1000%2C750","jetpack_sharing_enabled":true,"jetpack_shortlink":"https:\/\/wp.me\/paKIfm-U78","_links":{"self":[{"href":"http:\/\/www.tvturk.com\/index.php\/wp-json\/wp\/v2\/posts\/215706","targetHints":{"allow":["GET"]}}],"collection":[{"href":"http:\/\/www.tvturk.com\/index.php\/wp-json\/wp\/v2\/posts"}],"about":[{"href":"http:\/\/www.tvturk.com\/index.php\/wp-json\/wp\/v2\/types\/post"}],"author":[{"embeddable":true,"href":"http:\/\/www.tvturk.com\/index.php\/wp-json\/wp\/v2\/users\/1"}],"replies":[{"embeddable":true,"href":"http:\/\/www.tvturk.com\/index.php\/wp-json\/wp\/v2\/comments?post=215706"}],"version-history":[{"count":0,"href":"http:\/\/www.tvturk.com\/index.php\/wp-json\/wp\/v2\/posts\/215706\/revisions"}],"wp:featuredmedia":[{"embeddable":true,"href":"http:\/\/www.tvturk.com\/index.php\/wp-json\/wp\/v2\/media\/215707"}],"wp:attachment":[{"href":"http:\/\/www.tvturk.com\/index.php\/wp-json\/wp\/v2\/media?parent=215706"}],"wp:term":[{"taxonomy":"category","embeddable":true,"href":"http:\/\/www.tvturk.com\/index.php\/wp-json\/wp\/v2\/categories?post=215706"},{"taxonomy":"post_tag","embeddable":true,"href":"http:\/\/www.tvturk.com\/index.php\/wp-json\/wp\/v2\/tags?post=215706"}],"curies":[{"name":"wp","href":"https:\/\/api.w.org\/{rel}","templated":true}]}}