{"id":215877,"date":"2019-10-16T10:32:04","date_gmt":"2019-10-16T07:32:04","guid":{"rendered":"http:\/\/www.tvturk.com\/index.php\/issizlik-oranlari-belli-oldu\/"},"modified":"2019-10-16T10:32:04","modified_gmt":"2019-10-16T07:32:04","slug":"issizlik-oranlari-belli-oldu","status":"publish","type":"post","link":"http:\/\/www.tvturk.com\/index.php\/issizlik-oranlari-belli-oldu\/","title":{"rendered":"\u0130\u015fsizlik oranlar\u0131 belli oldu"},"content":{"rendered":"<p>\u0130\u015fsizlik istatistiklerinin 2019 y\u0131l\u0131 Temmuz d\u00f6nemi belli olurken, i\u015fsiz say\u0131s\u0131n\u0131n 4 milyon 596 bin ki\u015fiye ula\u015ft\u0131\u011f\u0131 g\u00f6r\u00fcld\u00fc. B\u00f6ylelikle 15 ya\u015f \u00fcst\u00fc i\u015fsizlik oran\u0131n\u0131n y\u00fczde 13,9 olarak kaydedildi\u011fi saptand\u0131. 2019 y\u0131l\u0131n\u0131n ba\u015f\u0131ndan bug\u00fcne kadar i\u015fsizlik ile alakal\u0131 yaz\u0131l\u0131 bas\u0131na yans\u0131yan haber adedi ise 39 bin 774 olarak kay\u0131tlara ge\u00e7ti.<\/p>\n<p>Medya takibinin \u00f6nemli kurumu Ajans Press,  i\u015fsizlik oranlar\u0131 ile alakal\u0131 bas\u0131na yans\u0131yan haber adetlerini inceledi. Ajans Press ve ITS Medya\u2019n\u0131n dijital bas\u0131n ar\u015fivinden derledi\u011fi bilgilere g\u00f6re 2019 y\u0131l\u0131n\u0131n ba\u015f\u0131ndan bug\u00fcne kadar \u00e7\u0131kan i\u015fsizlik bas\u0131n haber adedi 39 bin 774 olarak kay\u0131tlara ge\u00e7ti. B\u00f6ylelikle y\u00fckselen i\u015fsizlik rakam\u0131n\u0131n medyan\u0131n da g\u00fcndeminde yer ald\u0131\u011f\u0131 saptand\u0131. \u00d6zellikle k\u00f6\u015fe yazarlar\u0131 taraf\u0131ndan bu konunun ele al\u0131nmas\u0131 dikkat \u00e7ekti.<\/p>\n<p>Ajans Press\u2019in, T\u00fcrkiye \u0130statistik Kurumu (T\u00dc\u0130K) verilerinden elde etti\u011fi bilgilere g\u00f6re i\u015fsizlik oranlar\u0131 belli oldu. B\u00f6ylelikle 15 ya\u015f \u00fcst\u00fc i\u015fsizlik oran\u0131 y\u00fczde 13,9 olarak kaydedilirken, i\u015fsiz say\u0131s\u0131n\u0131n 4 milyon 596 bin ki\u015fiye ula\u015ft\u0131\u011f\u0131 saptand\u0131. Bu y\u0131l i\u00e7inde i\u015fsizlik oran\u0131n\u0131n en y\u00fcksek oldu\u011fu ay ise \u015eubat olarak g\u00f6zlenirken 4 milyon 730 bin ki\u015fi olarak kay\u0131tlara ge\u00e7ti. 2019 y\u0131l\u0131ndan \u00f6nceki son 5 y\u0131l i\u00e7erisinde ise en y\u00fcksek i\u015fsizlik rakam\u0131 2017 Ocak ay\u0131nda g\u00f6r\u00fcld\u00fc.  Burada ula\u015f\u0131lan say\u0131 ise 3 milyon 985 bin olarak belirlendi.<\/p>\n","protected":false},"excerpt":{"rendered":"<p>\u0130\u015eS\u0130ZL\u0130K \u0130STAT\u0130ST\u0130KLER\u0130N\u0130N 2019 YILI TEMMUZ D\u00d6NEM\u0130 BELL\u0130 OLURKEN, \u0130\u015eS\u0130Z SAYISININ 4 M\u0130LYON 596 B\u0130N K\u0130\u015e\u0130YE ULA\u015eTI\u011eI G\u00d6R\u00dcLD\u00dc.<\/p>\n","protected":false},"author":1,"featured_media":215878,"comment_status":"closed","ping_status":"open","sticky":false,"template":"","format":"standard","meta":{"jetpack_post_was_ever_published":false,"_jetpack_newsletter_access":"","_jetpack_dont_email_post_to_subs":false,"_jetpack_newsletter_tier_id":0,"_jetpack_memberships_contains_paywalled_content":false,"_jetpack_memberships_contains_paid_content":false,"footnotes":"","jetpack_publicize_message":"","jetpack_publicize_feature_enabled":true,"jetpack_social_post_already_shared":true,"jetpack_social_options":{"image_generator_settings":{"template":"highway","default_image_id":0,"font":"","enabled":false},"version":2}},"categories":[19],"tags":[612,9197,77,22381],"class_list":["post-215877","post","type-post","status-publish","format-standard","has-post-thumbnail","hentry","category-ekonomi","tag-belli","tag-issizlik","tag-oldu","tag-oranlari"],"jetpack_publicize_connections":[],"jetpack_featured_media_url":"https:\/\/i0.wp.com\/www.tvturk.com\/wp-content\/uploads\/2019\/10\/issizlik-oranlari-belli-oldu_ce5ac66.jpg?fit=792%2C605","jetpack_sharing_enabled":true,"jetpack_shortlink":"https:\/\/wp.me\/paKIfm-U9T","_links":{"self":[{"href":"http:\/\/www.tvturk.com\/index.php\/wp-json\/wp\/v2\/posts\/215877","targetHints":{"allow":["GET"]}}],"collection":[{"href":"http:\/\/www.tvturk.com\/index.php\/wp-json\/wp\/v2\/posts"}],"about":[{"href":"http:\/\/www.tvturk.com\/index.php\/wp-json\/wp\/v2\/types\/post"}],"author":[{"embeddable":true,"href":"http:\/\/www.tvturk.com\/index.php\/wp-json\/wp\/v2\/users\/1"}],"replies":[{"embeddable":true,"href":"http:\/\/www.tvturk.com\/index.php\/wp-json\/wp\/v2\/comments?post=215877"}],"version-history":[{"count":0,"href":"http:\/\/www.tvturk.com\/index.php\/wp-json\/wp\/v2\/posts\/215877\/revisions"}],"wp:featuredmedia":[{"embeddable":true,"href":"http:\/\/www.tvturk.com\/index.php\/wp-json\/wp\/v2\/media\/215878"}],"wp:attachment":[{"href":"http:\/\/www.tvturk.com\/index.php\/wp-json\/wp\/v2\/media?parent=215877"}],"wp:term":[{"taxonomy":"category","embeddable":true,"href":"http:\/\/www.tvturk.com\/index.php\/wp-json\/wp\/v2\/categories?post=215877"},{"taxonomy":"post_tag","embeddable":true,"href":"http:\/\/www.tvturk.com\/index.php\/wp-json\/wp\/v2\/tags?post=215877"}],"curies":[{"name":"wp","href":"https:\/\/api.w.org\/{rel}","templated":true}]}}