{"id":215949,"date":"2019-10-16T11:47:09","date_gmt":"2019-10-16T08:47:09","guid":{"rendered":"http:\/\/www.tvturk.com\/index.php\/kibrisli-belediye-baskanlarindan-baris-pinari-harekatina-destek\/"},"modified":"2019-10-16T11:47:09","modified_gmt":"2019-10-16T08:47:09","slug":"kibrisli-belediye-baskanlarindan-baris-pinari-harekatina-destek","status":"publish","type":"post","link":"http:\/\/www.tvturk.com\/index.php\/kibrisli-belediye-baskanlarindan-baris-pinari-harekatina-destek\/","title":{"rendered":"K\u0131br\u0131sl\u0131 belediye ba\u015fkanlar\u0131ndan Bar\u0131\u015f P\u0131nar\u0131 Harekat\u0131\u2019na destek"},"content":{"rendered":"<p>Avc\u0131lar Belediye binas\u0131nda bir araya gelen Kuzey K\u0131br\u0131s T\u00fcrk Cumhuriyeti (KKTC)\u2019nin 28 belediye ba\u015fkan\u0131 Bar\u0131\u015f P\u0131nar\u0131 Harekat\u0131\u2019na destek mesajlar\u0131 verdi.<\/p>\n<p>Avc\u0131lar Belediyesi taraf\u0131ndan g\u00f6nderilen davet \u00fczerine Avc\u0131lar Belediye Ba\u015fkan\u0131 Turan Han\u00e7erli\u2019yi ziyarete gelen K\u0131br\u0131s\u2019\u0131n 28 belediye ba\u015fkan\u0131 g\u00f6r\u00fc\u015fme \u00f6ncesinde bas\u0131n mensuplar\u0131n\u0131n sorular\u0131n\u0131 yan\u0131tlad\u0131. A\u00e7\u0131klamalarda Suriye\u2019de T\u00fcrk Silahl\u0131 Kuvvetleri\u2019nin ter\u00f6ristlere y\u00f6nelik ger\u00e7ekle\u015ftirdi\u011fi operasyonlara destek mesajlar\u0131 verildi. K\u0131br\u0131s G\u00fczelyurt Belediye Ba\u015fkan\u0131 Mahmut \u00d6z\u00e7\u0131nar, birlik ve beraberlik mesajlar\u0131 vererek, &#8220;G\u00fcvenli b\u00f6lge noktas\u0131ndaki \u00e7al\u0131\u015fmalar i\u00e7in ba\u015flat\u0131lan \u00e7al\u0131\u015fmalar\u0131n ger\u00e7ekten bir g\u00f6rev oldu\u011funu s\u00f6ylemek gerekir. \u00d6ncelikle buradaki m\u00fccadelenin burada T\u00fcrkiye\u2019ye olan tehditlerin ter\u00f6r aya\u011f\u0131nda olan m\u00fccadeleyi destekledi\u011fimi belirtmek istiyorum. D\u00fcnya bar\u0131\u015f\u0131 i\u00e7inde b\u00fcy\u00fck bir katk\u0131 ortaya koyaca\u011f\u0131n\u0131 d\u00fc\u015f\u00fcn\u00fcyorum. Burada \u015fehit d\u00fc\u015fen soyda\u015flar\u0131m\u0131za \u00fcz\u00fcl\u00fcyoruz. Sava\u015f\u0131n bar\u0131\u015f ile b\u00fct\u00fcn olmas\u0131 gerekti\u011fi de bir ger\u00e7ek. Sonu\u00e7 olarak bir sava\u015f noktas\u0131ndaki sonucun bir bar\u0131\u015fa tahsis edilece\u011fini de s\u00f6ylemek istiyorum. Burada ya\u015fayan ve \u015fu anda g\u00f6\u00e7men olarak \u00fclkemizde bulunan Suriyeli karde\u015flerimizin de g\u00fcvenli b\u00f6lge i\u00e7inde yer bulmas\u0131 da beklentimiz oldu\u011funu belirtmek isterim. Kay\u0131plar\u0131m\u0131z\u0131n az olaca\u011f\u0131 bir g\u00f6rev olarak son bulmas\u0131n\u0131 bekliyoruz&#8221; dedi.<\/p>\n<p>&#8220;Bar\u0131\u015f P\u0131nar\u0131 Harekat\u0131\u2019n\u0131n ba\u015far\u0131 ile sonu\u00e7lanmas\u0131n\u0131 diliyoruz&#8221;<\/p>\n<p>Bar\u0131\u015f P\u0131nar\u0131 Harekat\u0131\u2019na desteklerini ileten Lefko\u015fa Belediye Ba\u015fkan\u0131 Suriye\u2019de y\u0131llard\u0131r insanlar\u0131n yerlerinden edildi\u011fi bir ortam oldu\u011funu kaydederek, &#8220;Milyonlarca insan\u0131n g\u00f6\u00e7 yollar\u0131na d\u00fc\u015ft\u00fc\u011f\u00fc ve \u00f6lenlerin oldu\u011fu bir co\u011frafyadan bahsediyoruz. Ben bir an \u00f6nce bu b\u00f6lgeye bar\u0131\u015f huzur ve refah\u0131n gelmesi gerekti\u011fini umuyorum&#8221; diye konu\u015ftu.<\/p>\n<p>Ter\u00f6ristlere y\u00f6nelik yap\u0131lan operasyonla ilgili konu\u015fan Avc\u0131lar Belediye Ba\u015fkan\u0131 Turan Han\u00e7erli ise, &#8220;Bar\u0131\u015f P\u0131nar\u0131 Harekat\u0131\u2019n\u0131n ba\u015far\u0131 ile sonu\u00e7lanmas\u0131n\u0131 diliyoruz. K\u0131br\u0131sl\u0131 hem\u015fehrilerimiz belediye ba\u015fkanlar\u0131m\u0131z\u0131n karde\u015fli\u011fi konusunda teredd\u00fctl\u00fc olanlar yan\u0131l\u0131rlar. B\u00f6yle bir teredd\u00fctte d\u00fc\u015fenler kendilerini sorgulamal\u0131. Biz karde\u015fiz ilelebet de yan yana kalaca\u011f\u0131z&#8221; \u015feklinde konu\u015ftu.<\/p>\n","protected":false},"excerpt":{"rendered":"<p>AVCILAR BELED\u0130YE B\u0130NASINDA B\u0130R ARAYA GELEN KUZEY KIBRIS T\u00dcRK CUMHUR\u0130YET\u0130 (KKTC)&#8217;N\u0130N 28 BELED\u0130YE BA\u015eKANI BARI\u015e PINARI HAREKATI&#8217;NA DESTEK MESAJLARI VERD\u0130.<\/p>\n","protected":false},"author":1,"featured_media":215950,"comment_status":"closed","ping_status":"open","sticky":false,"template":"","format":"standard","meta":{"jetpack_post_was_ever_published":false,"_jetpack_newsletter_access":"","_jetpack_dont_email_post_to_subs":false,"_jetpack_newsletter_tier_id":0,"_jetpack_memberships_contains_paywalled_content":false,"_jetpack_memberships_contains_paid_content":false,"footnotes":"","jetpack_publicize_message":"","jetpack_publicize_feature_enabled":true,"jetpack_social_post_already_shared":true,"jetpack_social_options":{"image_generator_settings":{"template":"highway","default_image_id":0,"font":"","enabled":false},"version":2}},"categories":[1],"tags":[4256,2000,134,61,31321,28040,53832],"class_list":["post-215949","post","type-post","status-publish","format-standard","has-post-thumbnail","hentry","category-genel","tag-baris","tag-baskanlarindan","tag-belediye","tag-destek","tag-harekatina","tag-kibrisli","tag-pinari"],"jetpack_publicize_connections":[],"jetpack_featured_media_url":"https:\/\/i0.wp.com\/www.tvturk.com\/wp-content\/uploads\/2019\/10\/kibrisli-belediye-baskanlarindan-baris-pinari-harekatina-destek_7d5ff90.jpg?fit=1000%2C614","jetpack_sharing_enabled":true,"jetpack_shortlink":"https:\/\/wp.me\/paKIfm-Ub3","_links":{"self":[{"href":"http:\/\/www.tvturk.com\/index.php\/wp-json\/wp\/v2\/posts\/215949","targetHints":{"allow":["GET"]}}],"collection":[{"href":"http:\/\/www.tvturk.com\/index.php\/wp-json\/wp\/v2\/posts"}],"about":[{"href":"http:\/\/www.tvturk.com\/index.php\/wp-json\/wp\/v2\/types\/post"}],"author":[{"embeddable":true,"href":"http:\/\/www.tvturk.com\/index.php\/wp-json\/wp\/v2\/users\/1"}],"replies":[{"embeddable":true,"href":"http:\/\/www.tvturk.com\/index.php\/wp-json\/wp\/v2\/comments?post=215949"}],"version-history":[{"count":0,"href":"http:\/\/www.tvturk.com\/index.php\/wp-json\/wp\/v2\/posts\/215949\/revisions"}],"wp:featuredmedia":[{"embeddable":true,"href":"http:\/\/www.tvturk.com\/index.php\/wp-json\/wp\/v2\/media\/215950"}],"wp:attachment":[{"href":"http:\/\/www.tvturk.com\/index.php\/wp-json\/wp\/v2\/media?parent=215949"}],"wp:term":[{"taxonomy":"category","embeddable":true,"href":"http:\/\/www.tvturk.com\/index.php\/wp-json\/wp\/v2\/categories?post=215949"},{"taxonomy":"post_tag","embeddable":true,"href":"http:\/\/www.tvturk.com\/index.php\/wp-json\/wp\/v2\/tags?post=215949"}],"curies":[{"name":"wp","href":"https:\/\/api.w.org\/{rel}","templated":true}]}}