{"id":215951,"date":"2019-10-16T11:47:14","date_gmt":"2019-10-16T08:47:14","guid":{"rendered":"http:\/\/www.tvturk.com\/index.php\/aydem-ve-gedizden-usulsuz-elektrik-kullanimi-hakkinda-aciklama\/"},"modified":"2019-10-16T11:47:14","modified_gmt":"2019-10-16T08:47:14","slug":"aydem-ve-gedizden-usulsuz-elektrik-kullanimi-hakkinda-aciklama","status":"publish","type":"post","link":"http:\/\/www.tvturk.com\/index.php\/aydem-ve-gedizden-usulsuz-elektrik-kullanimi-hakkinda-aciklama\/","title":{"rendered":"Aydem ve Gediz\u2019den usuls\u00fcz elektrik kullan\u0131m\u0131 hakk\u0131nda a\u00e7\u0131klama"},"content":{"rendered":"<p>Aydem ve Gediz, kendi ad\u0131na perakende sat\u0131\u015f s\u00f6zle\u015fmesi olmaks\u0131z\u0131n, \u00f6nceki t\u00fcketici ad\u0131na d\u00fczenlenen faturalar\u0131 \u00f6demeyi s\u00fcrd\u00fcrerek elektrik enerjisi t\u00fcketmenin, Elektrik Piyasas\u0131 T\u00fcketici Hizmetleri Y\u00f6netmeli\u011fi\u2019nde \u201cusuls\u00fcz elektrik enerjisi t\u00fcketimi\u201d olarak tan\u0131mland\u0131\u011f\u0131na dikkat \u00e7ekildi. Yap\u0131lan a\u00e7\u0131klamada, ilgili Y\u00f6netmelikte yer alan maddeye g\u00f6re t\u00fcketiciye y\u00fck\u00fcml\u00fcl\u00fcklerini yerine getirmesi i\u00e7in yap\u0131lacak bildirimlerin g\u00f6nderilmesi akabinde fiili t\u00fcketicinin, kendi ad\u0131na perakende sat\u0131\u015f s\u00f6zle\u015fmesi imzalamamas\u0131 durumunda enerji kesintisi tehlikesi ile kar\u015f\u0131 kar\u015f\u0131ya kalabilece\u011fi ve para cezas\u0131 \u00f6deyebilece\u011fi ifade edildi.<\/p>\n<p>Yarg\u0131tay karar\u0131 gere\u011fi elektrik enerjisi t\u00fcketicisinin, ilgili t\u00fcketim noktas\u0131ndan ayr\u0131lmas\u0131 durumunda aboneli\u011fini usul\u00fcne uygun bi\u00e7imde feshetmesi gerekmektedir. Aydem ve Gediz, taraf\u0131ndan konuya ili\u015fkin yap\u0131lan a\u00e7\u0131klamada fiili t\u00fcketicinin, \u00f6nceki t\u00fcketici ad\u0131na olan aboneli\u011fi s\u00fcrd\u00fcr\u00fcrken t\u00fcketim bedellerini \u00f6dememesi durumunda \u00f6nceki t\u00fcketicinin bu bor\u00e7tan sorumlu tutuldu\u011fu belirtti. A\u00e7\u0131klamada aboneli\u011fi kendi ad\u0131na olmayan t\u00fcketicilerin abonelik bilgileri, fatura itiraz\u0131, u\u011frad\u0131\u011f\u0131 zararla ilgili tazmin talebi vb. gibi konularda hak talep edemedi\u011finin alt\u0131 \u00e7izildi. Aboneli\u011fini sonland\u0131rmadan adresten ayr\u0131lan t\u00fcketicilerin, e-devlet \u00fczerinden abonelik fesih i\u015flemlerini yaparak g\u00fcvence bedeli iadesi almalar\u0131 durumunda elektrik enerjilerinin kesilece\u011fi ve fiili t\u00fcketici i\u00e7in ma\u011fduriyet olu\u015faca\u011f\u0131 aktar\u0131ld\u0131. T\u00fcketicilerin, ma\u011fduriyet ya\u015famamas\u0131 i\u00e7in g\u00fcncel ileti\u015fim bilgileri ile aboneliklerini kendi adlar\u0131 \u00fczerine almalar\u0131 gereklili\u011fi tekrar hat\u0131rlat\u0131ld\u0131.<\/p>\n<p>Vefat eden kullan\u0131c\u0131lar\u0131n abonelikleri varisleri taraf\u0131ndan \u00fccretsiz al\u0131nabilecek<\/p>\n<p>A\u00e7\u0131klamada, fiili t\u00fcketicisi vefat eden aboneliklere ait t\u00fcketim noktalar\u0131nda ise, miras\u00e7\u0131l\u0131k belgesi ile ba\u015fvuran varislerin, g\u00fcvence bedeli \u00f6demeden abonelikleri kendi adlar\u0131 \u00fczerine alabilecekleri aktar\u0131ld\u0131. \u0130lgili t\u00fcketim noktas\u0131nda varis olmayan ki\u015filerin t\u00fcketim yap\u0131yor olmas\u0131 durumunda ise fiili t\u00fcketicinin aboneli\u011fini Y\u00f6netmelik gere\u011fi g\u00fcvence bedeli \u00f6deyerek kendi \u00fczerine almas\u0131 gereklili\u011fi hat\u0131rlat\u0131ld\u0131. T\u00fcketiciler devir i\u015flemleri i\u00e7in g\u00fcvence bedelini s\u00f6zle\u015fme esnas\u0131nda \u00f6deyebilece\u011fi gibi sonras\u0131nda da 2 taksit olarak faturalar\u0131na yans\u0131tabilecekler.<\/p>\n","protected":false},"excerpt":{"rendered":"<p>YDEM VE GED\u0130Z, KEND\u0130 ADINA PERAKENDE SATI\u015e S\u00d6ZLE\u015eMES\u0130 OLMAKSIZIN, \u00d6NCEK\u0130 T\u00dcKET\u0130C\u0130 ADINA D\u00dcZENLENEN FATURALARI \u00d6DEMEY\u0130 S\u00dcRD\u00dcREREK ELEKTR\u0130K ENERJ\u0130S\u0130 T\u00dcKETMEN\u0130N, ELEKTR\u0130K P\u0130YASASI T\u00dcKET\u0130C\u0130 H\u0130ZMETLER\u0130 Y\u00d6NETMEL\u0130\u011e\u0130\u2019NDE \u201cUSULS\u00dcZ ELEKTR\u0130K ENERJ\u0130S\u0130 T\u00dcKET\u0130M\u0130\u201d OLARAK TANIMLANDI\u011eINA D\u0130KKAT \u00c7EK\u0130LD\u0130.<\/p>\n","protected":false},"author":1,"featured_media":215952,"comment_status":"closed","ping_status":"open","sticky":false,"template":"","format":"standard","meta":{"jetpack_post_was_ever_published":false,"_jetpack_newsletter_access":"","_jetpack_dont_email_post_to_subs":false,"_jetpack_newsletter_tier_id":0,"_jetpack_memberships_contains_paywalled_content":false,"_jetpack_memberships_contains_paid_content":false,"footnotes":"","jetpack_publicize_message":"","jetpack_publicize_feature_enabled":true,"jetpack_social_post_already_shared":true,"jetpack_social_options":{"image_generator_settings":{"template":"highway","default_image_id":0,"font":"","enabled":false},"version":2}},"categories":[1],"tags":[3349,12259,2689,54599,6661,3721,31958],"class_list":["post-215951","post","type-post","status-publish","format-standard","has-post-thumbnail","hentry","category-genel","tag-aciklama","tag-aydem","tag-elektrik","tag-gedizden","tag-hakkinda","tag-kullanimi","tag-usulsuz"],"jetpack_publicize_connections":[],"jetpack_featured_media_url":"https:\/\/i0.wp.com\/www.tvturk.com\/wp-content\/uploads\/2019\/10\/aydem-ve-gedizden-usulsuz-elektrik-kullanimi-hakkinda-aciklama_bce66e4.jpg?fit=800%2C450","jetpack_sharing_enabled":true,"jetpack_shortlink":"https:\/\/wp.me\/paKIfm-Ub5","_links":{"self":[{"href":"http:\/\/www.tvturk.com\/index.php\/wp-json\/wp\/v2\/posts\/215951","targetHints":{"allow":["GET"]}}],"collection":[{"href":"http:\/\/www.tvturk.com\/index.php\/wp-json\/wp\/v2\/posts"}],"about":[{"href":"http:\/\/www.tvturk.com\/index.php\/wp-json\/wp\/v2\/types\/post"}],"author":[{"embeddable":true,"href":"http:\/\/www.tvturk.com\/index.php\/wp-json\/wp\/v2\/users\/1"}],"replies":[{"embeddable":true,"href":"http:\/\/www.tvturk.com\/index.php\/wp-json\/wp\/v2\/comments?post=215951"}],"version-history":[{"count":0,"href":"http:\/\/www.tvturk.com\/index.php\/wp-json\/wp\/v2\/posts\/215951\/revisions"}],"wp:featuredmedia":[{"embeddable":true,"href":"http:\/\/www.tvturk.com\/index.php\/wp-json\/wp\/v2\/media\/215952"}],"wp:attachment":[{"href":"http:\/\/www.tvturk.com\/index.php\/wp-json\/wp\/v2\/media?parent=215951"}],"wp:term":[{"taxonomy":"category","embeddable":true,"href":"http:\/\/www.tvturk.com\/index.php\/wp-json\/wp\/v2\/categories?post=215951"},{"taxonomy":"post_tag","embeddable":true,"href":"http:\/\/www.tvturk.com\/index.php\/wp-json\/wp\/v2\/tags?post=215951"}],"curies":[{"name":"wp","href":"https:\/\/api.w.org\/{rel}","templated":true}]}}